{"id":27420,"date":"2024-04-10T00:14:00","date_gmt":"2024-04-10T05:14:00","guid":{"rendered":"https:\/\/www.salgadonoticias.com\/?p=27420"},"modified":"2024-04-10T18:43:24","modified_gmt":"2024-04-10T23:43:24","slug":"27420","status":"publish","type":"post","link":"https:\/\/www.salgadonoticias.com\/?p=27420","title":{"rendered":"NOTIFICACIONES a Autoridades por Correo CERTIFICADO, surten DESDE que se RECIBEN&#8230;!!!"},"content":{"rendered":"<p>Views: 18<\/p>\n<p>.<\/p>\n\n\n\n<p>El ANTECEDENTE<\/p>\n\n\n\n<p><strong>Surge <\/strong>luego de que <strong>autoridades<\/strong> responsables <strong>interpusieron <mark style=\"background-color:#ff6900\" class=\"has-inline-color\">recurso de queja<\/mark> en contra del auto dictado<\/strong> en un<span style=\"text-decoration: underline;\"> juicio de amparo indirecto<\/span>, por el que se<span style=\"text-decoration: underline;\"> concedi\u00f3 la <\/span><strong><mark style=\"background-color:#fcb900\" class=\"has-inline-color\"><span style=\"text-decoration: underline;\">suspensi\u00f3n de oficio y de plano<\/span> a un n\u00facleo agrario<\/mark><\/strong>, con motivo del decreto que declara \u00e1rea natural protegida una superficie de sus tierras ejidales, el cual fue <strong>notificado a dichas autoridades por correo certificado.<\/strong><\/p>\n\n\n\n<p>.<\/p>\n\n\n\n<p class=\"has-text-align-justify\">La <strong><mark style=\"background-color:rgba(0, 0, 0, 0);color:#0711e3\" class=\"has-inline-color\">Suprema Corte de Justicia<\/mark> <\/strong>a trav\u00e9s de su Tribunal Colegiado de Circuito <strong><mark style=\"background-color:rgba(0, 0, 0, 0);color:#890404\" class=\"has-inline-color\">DETERMIN\u00d3<\/mark><\/strong> que las <strong>notificaciones<\/strong> <span style=\"text-decoration: underline;\">hechas a las autoridades responsables<\/span> por <strong>correo certificado<\/strong> respecto de la <strong><mark style=\"background-color:#f16084\" class=\"has-inline-color\">suspensi\u00f3n, surten efectos desde que se reciben<\/mark><\/strong>.<\/p>\n\n\n\n<p>.<\/p>\n\n\n\n<p class=\"has-text-align-justify\">La justificaci\u00f3n de la <strong><mark style=\"background-color:rgba(0, 0, 0, 0);color:#2207e3\" class=\"has-inline-color\">SCJN<\/mark> <\/strong>es de la interpretaci\u00f3n sistem\u00e1tica del <mark style=\"background-color:rgba(0, 0, 0, 0)\" class=\"has-inline-color has-vivid-red-color\">art\u00edculo 31, fracc. I, de la Ley de Amparo<\/mark>, donde se advierten <mark style=\"background-color:rgba(0, 0, 0, 0)\" class=\"has-inline-color has-black-color\"><strong>dos reglas<\/strong> <strong>sobre cu\u00e1ndo <\/strong><\/mark><strong><mark style=\"background-color:rgba(0, 0, 0, 0);color:#8c0505\" class=\"has-inline-color\">surten efectos las notificaciones<\/mark><\/strong> que se practican a las <strong>autoridades en su car\u00e1cter de responsables o de terceras interesadas<\/strong>, cuyas hip\u00f3tesis son: <\/p>\n\n\n\n<ul>\n<li>Desde el momento en que hayan quedado legalmente hechas (regla gen\u00e9rica); y <\/li>\n\n\n\n<li><mark style=\"background-color:rgba(0, 0, 0, 0);color:#3a046d\" class=\"has-inline-color\">Cuando se <strong>notifique<\/strong> por oficio el auto o resoluci\u00f3n el cual se env\u00ede por <strong>correo<\/strong> y no se trate de la suspensi\u00f3n, <strong>surtir\u00e1 efectos en la fecha en que conste en el acuse de recibo<\/strong>, siempre que sea d\u00eda h\u00e1bil; pero, <span style=\"text-decoration: underline;\"><em>de ser inh\u00e1bil se entender\u00e1 que surte efectos a la primera hora del d\u00eda h\u00e1bil siguiente<\/em><\/span> (regla espec\u00edfica). <\/mark><\/li>\n<\/ul>\n\n\n\n<p class=\"has-text-align-justify\">En consecuencia, si la <mark style=\"background-color:#f2acbe\" class=\"has-inline-color\"><strong>notificaci\u00f3n<\/strong> por <strong>correo certificado<\/strong><\/mark> a las autoridades responsables sea en <strong>d\u00eda h\u00e1bil<\/strong> <strong>trat\u00e1ndose de la suspensi\u00f3n, opera la regla general citada<\/strong>.<\/p>\n\n\n\n<p>.<\/p>\n\n\n\n<p class=\"has-text-align-justify wp-embed-aspect-16-9 wp-has-aspect-ratio\">Esta <strong><mark style=\"background-color:#4de7af\" class=\"has-inline-color\">Resoluci\u00f3n<\/mark> <\/strong>es <strong>aplicable<\/strong> para<mark style=\"background-color:rgba(0, 0, 0, 0)\" class=\"has-inline-color has-black-color\"> <\/mark><strong><mark style=\"background-color:#d05a5a\" class=\"has-inline-color has-black-color\">quien la haga valer<\/mark><\/strong><mark style=\"background-color:rgba(0, 0, 0, 0)\" class=\"has-inline-color has-black-color\"> <\/mark>a partir de esta semana.<\/p>\n\n\n\n<p class=\"wp-embed-aspect-16-9 wp-has-aspect-ratio has-small-font-size\"><strong><mark style=\"background-color:rgba(0, 0, 0, 0);color:#a60245\" class=\"has-inline-color\">Tesis-Com\u00fan<\/mark><\/strong><\/p>\n\n\n\n<p class=\"wp-embed-aspect-16-9 wp-has-aspect-ratio\">.<\/p>\n\n\n\n<p class=\"wp-embed-aspect-16-9 wp-has-aspect-ratio\">.<\/p>\n\n\n\n<p class=\"wp-embed-aspect-16-9 wp-has-aspect-ratio\" id=\"block-796535c5-f686-4dcf-8024-3be970f02343\">Si estas en el <strong><mark><mark style=\"background-color:#ffffff\" class=\"has-inline-color has-vivid-red-color\">Extranjero<\/mark><mark style=\"background-color:#ffffff\" class=\"has-inline-color\"> <\/mark><\/mark><\/strong>nosotros somos tu<mark style=\"background-color:rgba(0, 0, 0, 0)\" class=\"has-inline-color has-vivid-green-cyan-color\"> <strong>mejor<\/strong><\/mark><mark style=\"background-color:#ffffff\" class=\"has-inline-color\"> alternativa para <\/mark><strong><mark style=\"background-color:#ffffff\" class=\"has-inline-color has-luminous-vivid-orange-color\">velar<\/mark><\/strong><mark style=\"background-color:#ffffff\" class=\"has-inline-color\"> por tus <\/mark><strong><mark style=\"background-color:#ffffff;color:#0c74b0\" class=\"has-inline-color\">intereses<\/mark><\/strong>, escr\u00edbenos o ll\u00e1manos al Tel <strong>55581-11311<\/strong>.<\/p>\n\n\n\n<p class=\"wp-embed-aspect-16-9 wp-has-aspect-ratio\" id=\"block-3f0cb649-4142-417f-be85-20a82a0deacc\">.<\/p>\n\n\n\n<p class=\"wp-embed-aspect-16-9 wp-has-aspect-ratio\" id=\"block-0be85f9b-a54a-48a5-8974-f500a542213b\">Cuando<strong> necesites<\/strong> ayuda, <strong>asistencia<\/strong> o <strong>planeaci\u00f3n<\/strong> legal, <strong>solicita<\/strong> <strong>Cita Privada<\/strong> <a href=\"mailto:bi@sm99.mx\" target=\"_blank\" rel=\"noreferrer noopener\"><strong>Aqu\u00ed<\/strong><\/a><\/p>\n\n\n\n<p class=\"wp-embed-aspect-16-9 wp-has-aspect-ratio\" id=\"block-53241420-9292-48b8-993b-967038d0604a\">La informaci\u00f3n que AQU\u00cd te presentamos <strong>deriva<\/strong> de los <strong>Peri\u00f3dicos Oficiales <\/strong>de la<strong> CdMx<\/strong>, <strong>Estado<\/strong> de Mex., Diario <strong>Oficial<\/strong> de la Federaci\u00f3n, Suprema Corte de<strong> Justicia<\/strong> de la Naci\u00f3n, por lo tanto es de <strong>aplicaci\u00f3n OBLIGATORIA<\/strong>.<\/p>\n\n\n\n<p class=\"wp-embed-aspect-16-9 wp-has-aspect-ratio\" id=\"block-3ea95020-128c-4e7d-9308-d73669c4f2be\">La <strong>informaci\u00f3n<\/strong> de hoy procede de la Suprema Corte<\/p>\n\n\n\n<p class=\"wp-embed-aspect-16-9 wp-has-aspect-ratio\" id=\"block-3ea95020-128c-4e7d-9308-d73669c4f2be\"><strong><mark style=\"background-color:rgba(0, 0, 0, 0);color:#d9610b\" class=\"has-inline-color\">AYUDANOS<\/mark> <\/strong>para que m\u00e1s personas conozcan esta informaci\u00f3n, comp\u00e1rtela en tus redes sociales.<\/p>\n","protected":false},"excerpt":{"rendered":"<p>Views: 18 . El ANTECEDENTE Surge luego de que autoridades responsables interpusieron recurso de queja en contra del auto dictado en un juicio de amparo indirecto, por el que se concedi\u00f3 la suspensi\u00f3n de oficio y de plano a un n\u00facleo agrario, con motivo del decreto que declara \u00e1rea natural protegida una superficie de sus [&hellip;]<\/p>\n","protected":false},"author":3,"featured_media":27427,"comment_status":"closed","ping_status":"open","sticky":false,"template":"","format":"standard","meta":{"_jetpack_memberships_contains_paid_content":false,"footnotes":""},"categories":[4],"tags":[],"jetpack_sharing_enabled":true,"jetpack_featured_media_url":"https:\/\/www.salgadonoticias.com\/wp-content\/uploads\/2024\/04\/MEXPOST.jpg","_links":{"self":[{"href":"https:\/\/www.salgadonoticias.com\/index.php?rest_route=\/wp\/v2\/posts\/27420"}],"collection":[{"href":"https:\/\/www.salgadonoticias.com\/index.php?rest_route=\/wp\/v2\/posts"}],"about":[{"href":"https:\/\/www.salgadonoticias.com\/index.php?rest_route=\/wp\/v2\/types\/post"}],"author":[{"embeddable":true,"href":"https:\/\/www.salgadonoticias.com\/index.php?rest_route=\/wp\/v2\/users\/3"}],"replies":[{"embeddable":true,"href":"https:\/\/www.salgadonoticias.com\/index.php?rest_route=%2Fwp%2Fv2%2Fcomments&post=27420"}],"version-history":[{"count":8,"href":"https:\/\/www.salgadonoticias.com\/index.php?rest_route=\/wp\/v2\/posts\/27420\/revisions"}],"predecessor-version":[{"id":27465,"href":"https:\/\/www.salgadonoticias.com\/index.php?rest_route=\/wp\/v2\/posts\/27420\/revisions\/27465"}],"wp:featuredmedia":[{"embeddable":true,"href":"https:\/\/www.salgadonoticias.com\/index.php?rest_route=\/wp\/v2\/media\/27427"}],"wp:attachment":[{"href":"https:\/\/www.salgadonoticias.com\/index.php?rest_route=%2Fwp%2Fv2%2Fmedia&parent=27420"}],"wp:term":[{"taxonomy":"category","embeddable":true,"href":"https:\/\/www.salgadonoticias.com\/index.php?rest_route=%2Fwp%2Fv2%2Fcategories&post=27420"},{"taxonomy":"post_tag","embeddable":true,"href":"https:\/\/www.salgadonoticias.com\/index.php?rest_route=%2Fwp%2Fv2%2Ftags&post=27420"}],"curies":[{"name":"wp","href":"https:\/\/api.w.org\/{rel}","templated":true}]}}