{"id":27452,"date":"2024-04-11T00:38:00","date_gmt":"2024-04-11T05:38:00","guid":{"rendered":"https:\/\/www.salgadonoticias.com\/?p=27452"},"modified":"2024-04-11T18:18:37","modified_gmt":"2024-04-11T23:18:37","slug":"27452","status":"publish","type":"post","link":"https:\/\/www.salgadonoticias.com\/?p=27452","title":{"rendered":"C\u00e1rcel por NO pagar Cuotas de Trabajadores&#8230;!!!"},"content":{"rendered":"<p>Views: 21<\/p>\n<p>.<\/p>\n\n\n\n<figure class=\"wp-block-embed is-type-video is-provider-youtube wp-block-embed-youtube wp-embed-aspect-16-9 wp-has-aspect-ratio\"><div class=\"wp-block-embed__wrapper\">\n<iframe loading=\"lazy\" title=\"C\u00e1rcel por NO pagar Cuotas de Trabajadores y  Entrevista Televisiva...\" width=\"640\" height=\"360\" src=\"https:\/\/www.youtube.com\/embed\/e4zQg9QITJo?feature=oembed\" frameborder=\"0\" allow=\"accelerometer; autoplay; clipboard-write; encrypted-media; gyroscope; picture-in-picture; web-share\" referrerpolicy=\"strict-origin-when-cross-origin\" allowfullscreen><\/iframe>\n<\/div><\/figure>\n\n\n\n<p>.<\/p>\n\n\n\n<p class=\"has-text-align-justify\">Con las <strong>reformas<\/strong> <span style=\"text-decoration: underline;\">hechas a los art\u00edculos 361, 366 y 371<\/span> al <strong><mark style=\"background-color:rgba(0, 0, 0, 0);color:#095f91\" class=\"has-inline-color\">C\u00f3digo Financiero del EdoMex<\/mark><\/strong>, COMETE el <strong>delito de <mark style=\"background-color:rgba(0, 0, 0, 0);color:#b30404\" class=\"has-inline-color\">defraudaci\u00f3n fiscal<\/mark><\/strong>, el <strong>servidor p\u00fablico<\/strong> que en ejercicio de sus funciones <strong><mark style=\"background-color:#d85d05\" class=\"has-inline-color\">omita<\/mark><\/strong> total o parcialmente <strong><mark style=\"background-color:rgba(0, 0, 0, 0);color:#7c0101\" class=\"has-inline-color\">Informar las cuotas o aportaciones de seguridad social<\/mark><\/strong>, por lo que las <strong>penas<\/strong> podr\u00e1n llegar a ser de entre <mark style=\"background-color:#eeadbd\" class=\"has-inline-color\"><strong>1.5 a\u00f1os a 7.5 a\u00f1os de prisi\u00f3n<\/strong><\/mark>, <span style=\"text-decoration: underline;\">dependiendo del monto defraudado<\/span>.<\/p>\n\n\n\n<p>.<\/p>\n\n\n\n<p class=\"has-text-align-justify\">Adem\u00e1s, de las penas mencionadas tambi\u00e9n se <mark style=\"background-color:rgba(0, 0, 0, 0);color:#500199\" class=\"has-inline-color\"><strong>aplicar\u00e1<\/strong> una <strong>multa <\/strong>de <strong>20 a 40% sobre la contribuci\u00f3n correspondiente.<\/strong><\/mark><\/p>\n\n\n\n<p>.<\/p>\n\n\n\n<p class=\"has-text-align-justify\">Con esta reforma dice la autoridad se busca <strong><mark style=\"background-color:#13b60a\" class=\"has-inline-color\">asegurar que las aportaciones y cuotas de seguridad sean cubiertas de manera oportuna y no se desv\u00eden los recursos.<\/mark><\/strong><\/p>\n\n\n\n<p>.<\/p>\n\n\n\n<p>.<\/p>\n\n\n\n<p>Si estas en el <strong><mark><mark style=\"background-color:#ffffff\" class=\"has-inline-color has-vivid-red-color\">Extranjero<\/mark><mark style=\"background-color:#ffffff\" class=\"has-inline-color\"> <\/mark><\/mark><\/strong>nosotros somos tu<mark style=\"background-color:rgba(0, 0, 0, 0)\" class=\"has-inline-color has-vivid-green-cyan-color\"> <strong>mejor<\/strong><\/mark><mark style=\"background-color:#ffffff\" class=\"has-inline-color\"> alternativa para <\/mark><strong><mark style=\"background-color:#ffffff\" class=\"has-inline-color has-luminous-vivid-orange-color\">velar<\/mark><\/strong><mark style=\"background-color:#ffffff\" class=\"has-inline-color\"> por tus <\/mark><strong><mark style=\"background-color:#ffffff;color:#0c74b0\" class=\"has-inline-color\">intereses<\/mark><\/strong>, escr\u00edbenos o ll\u00e1manos al Tel <strong>55581-11311<\/strong>.<\/p>\n\n\n\n<p class=\"wp-embed-aspect-16-9 wp-has-aspect-ratio\" id=\"block-3f0cb649-4142-417f-be85-20a82a0deacc\">.<\/p>\n\n\n\n<p class=\"wp-embed-aspect-16-9 wp-has-aspect-ratio\" id=\"block-0be85f9b-a54a-48a5-8974-f500a542213b\">Cuando<strong> necesites<\/strong> ayuda, <strong>asistencia<\/strong> o <strong>planeaci\u00f3n<\/strong> legal, <strong>solicita<\/strong> <strong>Cita Privada<\/strong> <a href=\"mailto:bi@sm99.mx\" target=\"_blank\" rel=\"noreferrer noopener\"><strong>Aqu\u00ed<\/strong><\/a><\/p>\n\n\n\n<p class=\"wp-embed-aspect-16-9 wp-has-aspect-ratio\" id=\"block-53241420-9292-48b8-993b-967038d0604a\">La informaci\u00f3n que AQU\u00cd te presentamos <strong>deriva<\/strong> de los <strong>Peri\u00f3dicos Oficiales <\/strong>de la<strong> CdMx<\/strong>, <strong>Estado<\/strong> de Mex., Diario <strong>Oficial<\/strong> de la Federaci\u00f3n, Suprema Corte de<strong> Justicia<\/strong> de la Naci\u00f3n, por lo tanto es de <strong>aplicaci\u00f3n OBLIGATORIA<\/strong>.<\/p>\n\n\n\n<p class=\"wp-embed-aspect-16-9 wp-has-aspect-ratio\" id=\"block-3ea95020-128c-4e7d-9308-d73669c4f2be\">La <strong>informaci\u00f3n<\/strong> de hoy procede de la Gaceta del EdoMex.<\/p>\n\n\n\n<p><\/p>\n\n\n\n<p class=\"wp-embed-aspect-16-9 wp-has-aspect-ratio\" id=\"block-3ea95020-128c-4e7d-9308-d73669c4f2be\"><strong><mark style=\"background-color:rgba(0, 0, 0, 0);color:#d9610b\" class=\"has-inline-color\">AYUDANOS<\/mark> <\/strong>para que m\u00e1s personas conozcan esta informaci\u00f3n, comp\u00e1rtela en tus redes sociales.<\/p>\n","protected":false},"excerpt":{"rendered":"<p>Views: 21 . . Con las reformas hechas a los art\u00edculos 361, 366 y 371 al C\u00f3digo Financiero del EdoMex, COMETE el delito de defraudaci\u00f3n fiscal, el servidor p\u00fablico que en ejercicio de sus funciones omita total o parcialmente Informar las cuotas o aportaciones de seguridad social, por lo que las penas podr\u00e1n llegar a [&hellip;]<\/p>\n","protected":false},"author":3,"featured_media":27461,"comment_status":"closed","ping_status":"open","sticky":false,"template":"","format":"standard","meta":{"_jetpack_memberships_contains_paid_content":false,"footnotes":""},"categories":[8],"tags":[],"jetpack_sharing_enabled":true,"jetpack_featured_media_url":"https:\/\/www.salgadonoticias.com\/wp-content\/uploads\/2024\/04\/carcel.jpg","_links":{"self":[{"href":"https:\/\/www.salgadonoticias.com\/index.php?rest_route=\/wp\/v2\/posts\/27452"}],"collection":[{"href":"https:\/\/www.salgadonoticias.com\/index.php?rest_route=\/wp\/v2\/posts"}],"about":[{"href":"https:\/\/www.salgadonoticias.com\/index.php?rest_route=\/wp\/v2\/types\/post"}],"author":[{"embeddable":true,"href":"https:\/\/www.salgadonoticias.com\/index.php?rest_route=\/wp\/v2\/users\/3"}],"replies":[{"embeddable":true,"href":"https:\/\/www.salgadonoticias.com\/index.php?rest_route=%2Fwp%2Fv2%2Fcomments&post=27452"}],"version-history":[{"count":6,"href":"https:\/\/www.salgadonoticias.com\/index.php?rest_route=\/wp\/v2\/posts\/27452\/revisions"}],"predecessor-version":[{"id":27498,"href":"https:\/\/www.salgadonoticias.com\/index.php?rest_route=\/wp\/v2\/posts\/27452\/revisions\/27498"}],"wp:featuredmedia":[{"embeddable":true,"href":"https:\/\/www.salgadonoticias.com\/index.php?rest_route=\/wp\/v2\/media\/27461"}],"wp:attachment":[{"href":"https:\/\/www.salgadonoticias.com\/index.php?rest_route=%2Fwp%2Fv2%2Fmedia&parent=27452"}],"wp:term":[{"taxonomy":"category","embeddable":true,"href":"https:\/\/www.salgadonoticias.com\/index.php?rest_route=%2Fwp%2Fv2%2Fcategories&post=27452"},{"taxonomy":"post_tag","embeddable":true,"href":"https:\/\/www.salgadonoticias.com\/index.php?rest_route=%2Fwp%2Fv2%2Ftags&post=27452"}],"curies":[{"name":"wp","href":"https:\/\/api.w.org\/{rel}","templated":true}]}}