{"id":27487,"date":"2024-04-12T00:30:00","date_gmt":"2024-04-12T05:30:00","guid":{"rendered":"https:\/\/www.salgadonoticias.com\/?p=27487"},"modified":"2024-04-12T19:46:18","modified_gmt":"2024-04-13T00:46:18","slug":"27487","status":"publish","type":"post","link":"https:\/\/www.salgadonoticias.com\/?p=27487","title":{"rendered":"Legal COBRO del 16% de IVA en ALIMENTOS para MASCOTAS&#8230;!!!"},"content":{"rendered":"<p>Views: 29<\/p>\n<p>.<\/p>\n\n\n\n<figure class=\"wp-block-embed is-type-video is-provider-youtube wp-block-embed-youtube wp-embed-aspect-16-9 wp-has-aspect-ratio\"><div class=\"wp-block-embed__wrapper\">\n<iframe loading=\"lazy\" title=\"Legal COBRO del 16% de IVA en ALIMENTOS para MASCOTAS...!!!\" width=\"640\" height=\"360\" src=\"https:\/\/www.youtube.com\/embed\/I-VTCGkikUo?feature=oembed\" frameborder=\"0\" allow=\"accelerometer; autoplay; clipboard-write; encrypted-media; gyroscope; picture-in-picture; web-share\" referrerpolicy=\"strict-origin-when-cross-origin\" allowfullscreen><\/iframe>\n<\/div><\/figure>\n\n\n\n<p>.<\/p>\n\n\n\n<p>Este antecedente:<\/p>\n\n\n\n<p class=\"has-text-align-justify\">Surge luego de que un juez concediera un <strong>amparo<\/strong> de una <strong>persona <mark style=\"background-color:rgba(0, 0, 0, 0)\" class=\"has-inline-color has-vivid-red-color\">moral<\/mark><\/strong> contra el art\u00edculo 2\u00ba, fracci\u00f3n I, inciso b), numeral 6, de la <strong><mark style=\"background-color:#ff6900\" class=\"has-inline-color\">Ley del Impuesto al Valor Agregado<\/mark><\/strong> (IVA), en el que se establece que el impuesto se calcular\u00e1 aplicando la <strong>tasa 0%<\/strong> a los valores cuando se enajenen (vendan) productos destinados a la <strong><mark style=\"background-color:#fcb900\" class=\"has-inline-color\">alimentaci\u00f3n humana y animal<\/mark><\/strong>, <strong><mark style=\"background-color:#cf2e2e\" class=\"has-inline-color\">excepto<\/mark><\/strong> los alimentos procesados para <mark style=\"background-color:#abb8c3\" class=\"has-inline-color\">perros, gatos y peque\u00f1as especies utilizadas como mascotas<\/mark> en el hogar.<\/p>\n\n\n\n<p>.<\/p>\n\n\n\n<p>La <mark style=\"background-color:rgba(0, 0, 0, 0);color:#0711e3\" class=\"has-inline-color\"><strong>Suprema<\/strong> <strong>Corte de Justicia<\/strong><\/mark><strong> <\/strong>a trav\u00e9s de la Primera Sala, <strong><mark style=\"background-color:rgba(0, 0, 0, 0);color:#9b0303\" class=\"has-inline-color\">DETERMIN\u00d3<\/mark> <\/strong>que es <strong><mark style=\"background-color:#d0e4f1\" class=\"has-inline-color\">LEGAL<\/mark><\/strong> el <strong>Cobro<\/strong> del <mark style=\"background-color:rgba(0, 0, 0, 0);color:#cf0f57\" class=\"has-inline-color\"><strong>16% <\/strong>de <strong>IVA <\/strong><\/mark>en <mark style=\"background-color:rgba(0, 0, 0, 0);color:#05754c\" class=\"has-inline-color\"><strong>Alimentos<\/strong> <strong>procesados<\/strong> <\/mark><mark style=\"background-color:rgba(0, 0, 0, 0)\" class=\"has-inline-color has-black-color\">para perros, gatos<strong> <\/strong>y peque\u00f1as especies, que se utilicen como<\/mark><mark style=\"background-color:rgba(0, 0, 0, 0);color:#05754c\" class=\"has-inline-color\"> <strong>MASCOTAS<\/strong> <\/mark>en el hogar.<\/p>\n\n\n\n<p>.<\/p>\n\n\n\n<p class=\"has-text-align-justify\">La justificaci\u00f3n de la <strong><mark style=\"background-color:rgba(0, 0, 0, 0);color:#2a0e9e\" class=\"has-inline-color\">SCJN<\/mark> <\/strong>es que la norma no viola el principio de <strong><mark style=\"background-color:rgba(0, 0, 0, 0)\" class=\"has-inline-color has-vivid-red-color\">legalidad tributaria<\/mark><\/strong>, ya que en ella existe un grado de <strong><mark style=\"background-color:#ff6900\" class=\"has-inline-color\">claridad y se\u00f1alamiento razonable<\/mark><\/strong> del objeto del IVA que hace innecesario que se precise qu\u00e9 debe entenderse por <strong><mark style=\"background-color:rgba(0, 0, 0, 0)\" class=\"has-inline-color has-vivid-red-color\">\u201cpeque\u00f1as especies\u201d y \u201cmascotas en el hogar\u201d<\/mark><\/strong>, ya que dichas expresiones permiten a las personas entender que la <strong><mark style=\"background-color:#edc964\" class=\"has-inline-color\">VENTA de alimento<\/mark><\/strong> para cualquier especie animal, que por su naturaleza y tama\u00f1o pueda ser utilizada como <strong><mark style=\"background-color:rgba(0, 0, 0, 0)\" class=\"has-inline-color has-vivid-red-color\">mascota<\/mark> <\/strong>en el hogar, estar\u00e1 <strong><mark style=\"background-color:rgba(0, 0, 0, 0)\" class=\"has-inline-color has-vivid-red-color\">gravado<\/mark><\/strong> con el pago del <strong><mark style=\"background-color:rgba(0, 0, 0, 0);color:#960404\" class=\"has-inline-color\">16% de IVA<\/mark><\/strong>.<\/p>\n\n\n\n<p>.<\/p>\n\n\n\n<p class=\"has-text-align-justify\">Asimismo, se decidi\u00f3 que el art\u00edculo de referencia es acorde al principio de equidad tributaria, puesto que la <strong>finalidad extrafiscal establecida por el legislador<\/strong> en dicho numeral, que es el fomento a las actividades ganaderas, silv\u00edcolas y pesqueras para aumentar la producci\u00f3n y autosuficiencia alimentaria, <mark style=\"background-color:rgba(0, 0, 0, 0)\" class=\"has-inline-color has-vivid-red-color\"><strong>justifica el trato diferenciado entre los alimentos procesados para perros, gatos y peque\u00f1as especies que sean utilizadas como mascotas en el hogar, y los alimentos procesados para el resto de los animales<\/strong>, para efectos de gravar su <strong>Venta<\/strong><\/mark>.<br><br>Adem\u00e1s, tambi\u00e9n se resolvi\u00f3 que la norma es proporcional pues:<\/p>\n\n\n\n<ol style=\"list-style-type:upper-roman\">\n<li><mark style=\"background-color:#a6f3d4\" class=\"has-inline-color\"><strong>Posibilita <\/strong>a los<strong> contribuyentes <\/strong>del<strong> IVA <\/strong>saber a qu\u00e9 atenerse respecto a la<strong> COMPRA de alimentos PROCESADOS para sus mascotas;<\/strong><\/mark><\/li>\n\n\n\n<li><mark style=\"background-color:#ffd4df\" class=\"has-inline-color\"><strong>Permite <\/strong>que el Estado Mexicano<strong> fomentar las actividades del sector primario, <\/strong>con la finalidad de aumentar y lograr la autosuficiencia alimentaria, lo que, por otra parte, contribuye a cumplir con su obligaci\u00f3n de garantizar el derecho a la alimentaci\u00f3n nutritiva, suficiente y de calidad para la poblaci\u00f3n, y<\/mark><\/li>\n\n\n\n<li><mark style=\"background-color:#f2a166\" class=\"has-inline-color\">Hace<strong> <\/strong>factible <strong>gravar <\/strong>la distinta manifestaci\u00f3n de<strong> riqueza que se refleja al comprar alimentos procesados para perros, gatos y peque\u00f1as especies, para las mascotas del hogar, <\/strong>pues, dada la mec\u00e1nica del IVA, quienes adquieren tales alimentos, son, al final del ciclo tributario, los que terminan soportando la carga del gravamen consider\u00e1ndolos contribuyentes de facto, en tanto que la adquisici\u00f3n del bien implica la capacidad para comprarlo y sujetar el tributo.<\/mark><\/li>\n<\/ol>\n\n\n\n<p class=\"has-text-align-justify\">Respecto al \u00faltimo punto, la Sala destac\u00f3 que el precepto reclamado <strong><mark style=\"background-color:rgba(0, 0, 0, 0);color:#4d0491\" class=\"has-inline-color\">NO grava la \u201cpropiedad\u201d de perros, gatos y peque\u00f1as especies<\/mark>,<\/strong> que se utilicen como mascotas en el hogar, <strong><mark style=\"background-color:rgba(0, 0, 0, 0);color:#a80202\" class=\"has-inline-color\">sino la compra de alimento procesado para ese tipo de animales<\/mark><\/strong> y, es precisamente su adquisici\u00f3n, v\u00eda gasto, lo que supone que el <strong>consumidor puede soportar la imposici\u00f3n de la contribuci\u00f3n<\/strong>. <\/p>\n\n\n\n<p class=\"has-text-align-justify\">Sobre todo si la compra de alimentos procesados no es la \u00fanica opci\u00f3n para alimentarlos, de manera que habr\u00e1 quienes elijan la compra de alimentos procesados muy elaborados o espec\u00edficos, mientras que otras personas lo har\u00edan con opciones m\u00e1s econ\u00f3micas. Por lo que finalmente, tambi\u00e9n se indica que la porci\u00f3n normativa aludida NO es una ley privativa proscrita por el art\u00edculo 13 de la Constituci\u00f3n, debido a que la aplicaci\u00f3n de la tasa del 16% del mismo impuesto en la hip\u00f3tesis analizada, no desaparece despu\u00e9s de aplicarse al supuesto que le da origen, ni tampoco alude individualmente a una persona en concreto. Por el contrario, el art\u00edculo analizado es una norma especial, porque se aplica a un n\u00famero indeterminado de personas que realicen la enajenaci\u00f3n de alimentos procesados para perros, gatos y peque\u00f1as especies, que se utilicen como mascotas en el hogar.<\/p>\n\n\n\n<p><\/p>\n\n\n\n<p>Esta <strong><mark style=\"background-color:#02659e\" class=\"has-inline-color has-white-color\">RESOLUCI\u00d3N<\/mark> <\/strong>es de <strong>aplicaci\u00f3n <mark style=\"background-color:rgba(0, 0, 0, 0);color:#a10202\" class=\"has-inline-color\">OBLIGATORIA<\/mark> <\/strong>a partir de esta semana en toda la rep\u00fablica.<\/p>\n\n\n\n<p class=\"has-small-font-size\"><strong><mark style=\"background-color:rgba(0, 0, 0, 0);color:#3d0473\" class=\"has-inline-color\">Jurisprudencia-Constitucional-Administrativa<\/mark><\/strong><\/p>\n\n\n\n<p>.<\/p>\n\n\n\n<p>Si estas en el <strong><mark><mark style=\"background-color:#ffffff\" class=\"has-inline-color has-vivid-red-color\">Extranjero<\/mark><mark style=\"background-color:#ffffff\" class=\"has-inline-color\"> <\/mark><\/mark><\/strong>nosotros somos tu<mark style=\"background-color:rgba(0, 0, 0, 0)\" class=\"has-inline-color has-vivid-green-cyan-color\"> <strong>mejor<\/strong><\/mark><mark style=\"background-color:#ffffff\" class=\"has-inline-color\"> alternativa para <\/mark><strong><mark style=\"background-color:#ffffff\" class=\"has-inline-color has-luminous-vivid-orange-color\">velar<\/mark><\/strong><mark style=\"background-color:#ffffff\" class=\"has-inline-color\"> por tus <\/mark><strong><mark style=\"background-color:#ffffff;color:#0c74b0\" class=\"has-inline-color\">intereses<\/mark><\/strong>, escr\u00edbenos o ll\u00e1manos al Tel <strong>55581-11311<\/strong>.<\/p>\n\n\n\n<p class=\"wp-embed-aspect-16-9 wp-has-aspect-ratio\" id=\"block-3f0cb649-4142-417f-be85-20a82a0deacc\">.<\/p>\n\n\n\n<p class=\"wp-embed-aspect-16-9 wp-has-aspect-ratio\" id=\"block-0be85f9b-a54a-48a5-8974-f500a542213b\">Cuando<strong> necesites<\/strong> ayuda, <strong>asistencia<\/strong> o <strong>planeaci\u00f3n<\/strong> legal, <strong>solicita<\/strong> <strong>Cita Privada<\/strong> <a href=\"mailto:bi@sm99.mx\" target=\"_blank\" rel=\"noreferrer noopener\"><strong>Aqu\u00ed<\/strong><\/a><\/p>\n\n\n\n<p class=\"wp-embed-aspect-16-9 wp-has-aspect-ratio\" id=\"block-53241420-9292-48b8-993b-967038d0604a\">La informaci\u00f3n que AQU\u00cd te presentamos <strong>deriva<\/strong> de los <strong>Peri\u00f3dicos Oficiales <\/strong>de la<strong> CdMx<\/strong>, <strong>Estado<\/strong> de Mex., Diario <strong>Oficial<\/strong> de la Federaci\u00f3n, Suprema Corte de<strong> Justicia<\/strong> de la Naci\u00f3n, por lo tanto es de <strong>aplicaci\u00f3n OBLIGATORIA<\/strong>.<\/p>\n\n\n\n<p class=\"wp-embed-aspect-16-9 wp-has-aspect-ratio\" id=\"block-3ea95020-128c-4e7d-9308-d73669c4f2be\">La <strong>informaci\u00f3n<\/strong> de hoy procede de la Suprema Corte de Justicia<\/p>\n\n\n\n<p><\/p>\n\n\n\n<p class=\"wp-embed-aspect-16-9 wp-has-aspect-ratio\" id=\"block-3ea95020-128c-4e7d-9308-d73669c4f2be\"><strong><mark style=\"background-color:rgba(0, 0, 0, 0);color:#d9610b\" class=\"has-inline-color\">AYUDANOS<\/mark> <\/strong>para que m\u00e1s personas conozcan esta informaci\u00f3n, comp\u00e1rtela en tus redes sociales.<\/p>\n","protected":false},"excerpt":{"rendered":"<p>Views: 29 . . Este antecedente: Surge luego de que un juez concediera un amparo de una persona moral contra el art\u00edculo 2\u00ba, fracci\u00f3n I, inciso b), numeral 6, de la Ley del Impuesto al Valor Agregado (IVA), en el que se establece que el impuesto se calcular\u00e1 aplicando la tasa 0% a los valores [&hellip;]<\/p>\n","protected":false},"author":3,"featured_media":27493,"comment_status":"closed","ping_status":"open","sticky":false,"template":"","format":"standard","meta":{"_jetpack_memberships_contains_paid_content":false,"footnotes":""},"categories":[4],"tags":[],"jetpack_sharing_enabled":true,"jetpack_featured_media_url":"https:\/\/www.salgadonoticias.com\/wp-content\/uploads\/2024\/04\/alimento.webp","_links":{"self":[{"href":"https:\/\/www.salgadonoticias.com\/index.php?rest_route=\/wp\/v2\/posts\/27487"}],"collection":[{"href":"https:\/\/www.salgadonoticias.com\/index.php?rest_route=\/wp\/v2\/posts"}],"about":[{"href":"https:\/\/www.salgadonoticias.com\/index.php?rest_route=\/wp\/v2\/types\/post"}],"author":[{"embeddable":true,"href":"https:\/\/www.salgadonoticias.com\/index.php?rest_route=\/wp\/v2\/users\/3"}],"replies":[{"embeddable":true,"href":"https:\/\/www.salgadonoticias.com\/index.php?rest_route=%2Fwp%2Fv2%2Fcomments&post=27487"}],"version-history":[{"count":7,"href":"https:\/\/www.salgadonoticias.com\/index.php?rest_route=\/wp\/v2\/posts\/27487\/revisions"}],"predecessor-version":[{"id":27516,"href":"https:\/\/www.salgadonoticias.com\/index.php?rest_route=\/wp\/v2\/posts\/27487\/revisions\/27516"}],"wp:featuredmedia":[{"embeddable":true,"href":"https:\/\/www.salgadonoticias.com\/index.php?rest_route=\/wp\/v2\/media\/27493"}],"wp:attachment":[{"href":"https:\/\/www.salgadonoticias.com\/index.php?rest_route=%2Fwp%2Fv2%2Fmedia&parent=27487"}],"wp:term":[{"taxonomy":"category","embeddable":true,"href":"https:\/\/www.salgadonoticias.com\/index.php?rest_route=%2Fwp%2Fv2%2Fcategories&post=27487"},{"taxonomy":"post_tag","embeddable":true,"href":"https:\/\/www.salgadonoticias.com\/index.php?rest_route=%2Fwp%2Fv2%2Ftags&post=27487"}],"curies":[{"name":"wp","href":"https:\/\/api.w.org\/{rel}","templated":true}]}}