{"id":27506,"date":"2024-04-15T00:40:00","date_gmt":"2024-04-15T05:40:00","guid":{"rendered":"https:\/\/www.salgadonoticias.com\/?p=27506"},"modified":"2024-04-15T17:15:11","modified_gmt":"2024-04-15T22:15:11","slug":"27506","status":"publish","type":"post","link":"https:\/\/www.salgadonoticias.com\/?p=27506","title":{"rendered":"Juntas NO pueden EXIGIRLE al Trabajador que ACUDA a Ratificar o Aclarar su Demanda&#8230;!!!"},"content":{"rendered":"<p>Views: 25<\/p>\n<p>.<\/p>\n\n\n\n<figure class=\"wp-block-embed is-type-video is-provider-youtube wp-block-embed-youtube wp-embed-aspect-16-9 wp-has-aspect-ratio\"><div class=\"wp-block-embed__wrapper\">\n<iframe loading=\"lazy\" title=\"Juntas NO pueden EXIGIRLE al Trabajador que ACUDA a Ratificar o Aclarar su Demanda...!!!\" width=\"640\" height=\"360\" src=\"https:\/\/www.youtube.com\/embed\/bcN9UvwwEqk?feature=oembed\" frameborder=\"0\" allow=\"accelerometer; autoplay; clipboard-write; encrypted-media; gyroscope; picture-in-picture; web-share\" referrerpolicy=\"strict-origin-when-cross-origin\" allowfullscreen><\/iframe>\n<\/div><\/figure>\n\n\n\n<p>.<\/p>\n\n\n\n<p>Este ANTECEDENTE:<\/p>\n\n\n\n<p class=\"has-text-align-justify\">Surge luego de que una <strong>Junta Local<\/strong> de <strong><mark style=\"background-color:rgba(0, 0, 0, 0)\" class=\"has-inline-color has-vivid-red-color\">Conciliaci\u00f3n y Arbitraje<\/mark><\/strong> <strong><mark style=\"background-color:#ff6900\" class=\"has-inline-color\">requiri\u00f3<\/mark><\/strong> que el actor <strong><mark style=\"background-color:#fcb900\" class=\"has-inline-color\">compareciera personalmente con identificaci\u00f3n oficial para aclarar su nombre y ratificar la firma puesta en la demanda<\/mark><\/strong>, debido a que el <strong>nombre que aparec\u00eda al principio de la demanda<\/strong> <strong><mark style=\"background-color:rgba(0, 0, 0, 0)\" class=\"has-inline-color has-vivid-red-color\">discrepa parcialmente con el se\u00f1alado en el apartado de la firma<\/mark><\/strong>. <\/p>\n\n\n\n<p class=\"has-text-align-justify\">Y al no cumplir con el <strong>requerimiento<\/strong>, la <strong><mark style=\"background-color:rgba(0, 0, 0, 0)\" class=\"has-inline-color has-vivid-red-color\">autoridad determin\u00f3<\/mark><\/strong> que hab\u00eda <strong>falta de inter\u00e9s<\/strong> por parte del trabajador y, as\u00ed decret\u00f3 el expediente como asunto total y definitivamente concluido.<\/p>\n\n\n\n<p>.<\/p>\n\n\n\n<p class=\"has-text-align-justify\">La <strong><mark style=\"background-color:rgba(0, 0, 0, 0);color:#080181\" class=\"has-inline-color\">Suprema Corte de Justicia<\/mark><mark style=\"background-color:rgba(0, 0, 0, 0);color:#1b07e3\" class=\"has-inline-color\"> <\/mark><\/strong>a trav\u00e9s del su Tribunal Colegiado de Circuito <strong><mark style=\"background-color:rgba(0, 0, 0, 0);color:#910606\" class=\"has-inline-color\">DETERMIN\u00d3<\/mark> <\/strong>que las<mark style=\"background-color:rgba(0, 0, 0, 0);color:#046843\" class=\"has-inline-color\"> <\/mark><strong><em><mark style=\"background-color:rgba(0, 0, 0, 0);color:#690431\" class=\"has-inline-color\">Juntas de Conciliaci\u00f3n y Arbitraje<\/mark><\/em><\/strong>, <mark style=\"background-color:#57f6b6\" class=\"has-inline-color\"><strong>NO tienen facultades<\/strong> para <strong>exigir al trabajador que comparezca personalmente a aclarar o a ratificar la demanda<\/strong>.<\/mark><\/p>\n\n\n\n<p>.<\/p>\n\n\n\n<p class=\"has-text-align-justify\">La justificaci\u00f3n de la <strong><mark style=\"background-color:rgba(0, 0, 0, 0);color:#1e098c\" class=\"has-inline-color\">SCJN<\/mark><\/strong> es que en <span style=\"text-decoration: underline;\">t\u00e9rminos de los art\u00edculos 685, p\u00e1rrafo segundo y 873 de la Ley Federal del Trabajo<\/span>, <strong>antes de la reforma del 1 de mayo de 2019<\/strong>, es que cuando al <strong><mark style=\"background-color:rgba(0, 0, 0, 0)\" class=\"has-inline-color has-luminous-vivid-orange-color\">examinar la demanda<\/mark><\/strong> las <strong><mark style=\"background-color:#b4cbde\" class=\"has-inline-color\">Juntas<\/mark><\/strong> de Conciliaci\u00f3n y Arbitraje <mark style=\"background-color:#ddddde\" class=\"has-inline-color\"><strong>advierten<\/strong> alguna <strong>inconsistencia o irregularidad<\/strong> que haga <strong>necesaria su aclaraci\u00f3n<\/strong>,<\/mark> tienen la <span style=\"text-decoration: underline;\">facultad para prevenir<\/span> a la <strong>parte actora<\/strong> de tal circunstancia para que est\u00e9 en condiciones de efectuar la <strong>manifestaci\u00f3n o aclaraci\u00f3n<\/strong> correspondiente, lo <strong>cual podr\u00e1 realizar en el momento procesal oportuno<\/strong>; <strong><mark style=\"background-color:rgba(0, 0, 0, 0);color:#b70505\" class=\"has-inline-color\">SIN<\/mark><\/strong> que dichos preceptos las faculten para <strong><mark style=\"background-color:rgba(0, 0, 0, 0);color:#850202\" class=\"has-inline-color\">hacerla comparecer en determinado plazo y de manera personal<\/mark><\/strong> para realizar la aclaraci\u00f3n o ratificar la demanda.<\/p>\n\n\n\n<p><\/p>\n\n\n\n<p>Esta <strong>RESOLUCI\u00d3N <\/strong>es de <strong>aplicaci\u00f3n <\/strong>para quien la haga valer a partir de esta semana.<\/p>\n\n\n\n<p>.<\/p>\n\n\n\n<p>Si estas en el <strong><mark><mark style=\"background-color:#ffffff\" class=\"has-inline-color has-vivid-red-color\">Extranjero<\/mark><mark style=\"background-color:#ffffff\" class=\"has-inline-color\"> <\/mark><\/mark><\/strong>nosotros somos tu<mark style=\"background-color:rgba(0, 0, 0, 0)\" class=\"has-inline-color has-vivid-green-cyan-color\"> <strong>mejor<\/strong><\/mark><mark style=\"background-color:#ffffff\" class=\"has-inline-color\"> alternativa para <\/mark><strong><mark style=\"background-color:#ffffff\" class=\"has-inline-color has-luminous-vivid-orange-color\">velar<\/mark><\/strong><mark style=\"background-color:#ffffff\" class=\"has-inline-color\"> por tus <\/mark><strong><mark style=\"background-color:#ffffff;color:#0c74b0\" class=\"has-inline-color\">intereses<\/mark><\/strong>, escr\u00edbenos o ll\u00e1manos al Tel <strong>55581-11311<\/strong>.<\/p>\n\n\n\n<p class=\"wp-embed-aspect-16-9 wp-has-aspect-ratio\" id=\"block-3f0cb649-4142-417f-be85-20a82a0deacc\">.<\/p>\n\n\n\n<p class=\"wp-embed-aspect-16-9 wp-has-aspect-ratio\" id=\"block-0be85f9b-a54a-48a5-8974-f500a542213b\">Cuando<strong> necesites<\/strong> ayuda, <strong>asistencia<\/strong> o <strong>planeaci\u00f3n<\/strong> legal, <strong>solicita<\/strong> <strong>Cita Privada<\/strong> <a href=\"mailto:bi@sm99.mx\" target=\"_blank\" rel=\"noreferrer noopener\"><strong>Aqu\u00ed<\/strong><\/a><\/p>\n\n\n\n<p class=\"wp-embed-aspect-16-9 wp-has-aspect-ratio\" id=\"block-53241420-9292-48b8-993b-967038d0604a\">La informaci\u00f3n que AQU\u00cd te presentamos <strong>deriva<\/strong> de los <strong>Peri\u00f3dicos Oficiales <\/strong>de la<strong> CdMx<\/strong>, <strong>Estado<\/strong> de Mex., Diario <strong>Oficial<\/strong> de la Federaci\u00f3n, Suprema Corte de<strong> Justicia<\/strong> de la Naci\u00f3n, por lo tanto es de <strong>aplicaci\u00f3n OBLIGATORIA<\/strong>.<\/p>\n\n\n\n<p class=\"wp-embed-aspect-16-9 wp-has-aspect-ratio\" id=\"block-3ea95020-128c-4e7d-9308-d73669c4f2be\">La <strong>informaci\u00f3n<\/strong> de hoy procede de la Suprema Corte de Justicia<\/p>\n\n\n\n<p><\/p>\n\n\n\n<p class=\"wp-embed-aspect-16-9 wp-has-aspect-ratio\" id=\"block-3ea95020-128c-4e7d-9308-d73669c4f2be\"><strong><mark style=\"background-color:rgba(0, 0, 0, 0);color:#d9610b\" class=\"has-inline-color\">AYUDANOS<\/mark> <\/strong>para que m\u00e1s personas conozcan esta informaci\u00f3n, comp\u00e1rtela en tus redes sociales.<\/p>\n","protected":false},"excerpt":{"rendered":"<p>Views: 25 . . Este ANTECEDENTE: Surge luego de que una Junta Local de Conciliaci\u00f3n y Arbitraje requiri\u00f3 que el actor compareciera personalmente con identificaci\u00f3n oficial para aclarar su nombre y ratificar la firma puesta en la demanda, debido a que el nombre que aparec\u00eda al principio de la demanda discrepa parcialmente con el se\u00f1alado [&hellip;]<\/p>\n","protected":false},"author":3,"featured_media":27513,"comment_status":"closed","ping_status":"open","sticky":false,"template":"","format":"standard","meta":{"_jetpack_memberships_contains_paid_content":false,"footnotes":""},"categories":[4],"tags":[],"jetpack_sharing_enabled":true,"jetpack_featured_media_url":"https:\/\/www.salgadonoticias.com\/wp-content\/uploads\/2024\/04\/demanda.webp","_links":{"self":[{"href":"https:\/\/www.salgadonoticias.com\/index.php?rest_route=\/wp\/v2\/posts\/27506"}],"collection":[{"href":"https:\/\/www.salgadonoticias.com\/index.php?rest_route=\/wp\/v2\/posts"}],"about":[{"href":"https:\/\/www.salgadonoticias.com\/index.php?rest_route=\/wp\/v2\/types\/post"}],"author":[{"embeddable":true,"href":"https:\/\/www.salgadonoticias.com\/index.php?rest_route=\/wp\/v2\/users\/3"}],"replies":[{"embeddable":true,"href":"https:\/\/www.salgadonoticias.com\/index.php?rest_route=%2Fwp%2Fv2%2Fcomments&post=27506"}],"version-history":[{"count":6,"href":"https:\/\/www.salgadonoticias.com\/index.php?rest_route=\/wp\/v2\/posts\/27506\/revisions"}],"predecessor-version":[{"id":27526,"href":"https:\/\/www.salgadonoticias.com\/index.php?rest_route=\/wp\/v2\/posts\/27506\/revisions\/27526"}],"wp:featuredmedia":[{"embeddable":true,"href":"https:\/\/www.salgadonoticias.com\/index.php?rest_route=\/wp\/v2\/media\/27513"}],"wp:attachment":[{"href":"https:\/\/www.salgadonoticias.com\/index.php?rest_route=%2Fwp%2Fv2%2Fmedia&parent=27506"}],"wp:term":[{"taxonomy":"category","embeddable":true,"href":"https:\/\/www.salgadonoticias.com\/index.php?rest_route=%2Fwp%2Fv2%2Fcategories&post=27506"},{"taxonomy":"post_tag","embeddable":true,"href":"https:\/\/www.salgadonoticias.com\/index.php?rest_route=%2Fwp%2Fv2%2Ftags&post=27506"}],"curies":[{"name":"wp","href":"https:\/\/api.w.org\/{rel}","templated":true}]}}