{"id":27520,"date":"2024-04-16T00:31:00","date_gmt":"2024-04-16T05:31:00","guid":{"rendered":"https:\/\/www.salgadonoticias.com\/?p=27520"},"modified":"2024-04-16T13:45:59","modified_gmt":"2024-04-16T18:45:59","slug":"27520","status":"publish","type":"post","link":"https:\/\/www.salgadonoticias.com\/?p=27520","title":{"rendered":"Denuncia AN\u00d3NIMA y ELECTR\u00d3NICA por Desv\u00edo de Programas Sociales en EdoMex&#8230;!!!"},"content":{"rendered":"<p>Views: 26<\/p>\n<p>.<\/p>\n\n\n\n<figure class=\"wp-block-embed is-type-video is-provider-youtube wp-block-embed-youtube wp-embed-aspect-16-9 wp-has-aspect-ratio\"><div class=\"wp-block-embed__wrapper\">\n<iframe loading=\"lazy\" title=\"Denuncia AN\u00d3NIMA y ELECTR\u00d3NICA por desv\u00edo de Programas Sociales en EdoMex...!!!\" width=\"640\" height=\"360\" src=\"https:\/\/www.youtube.com\/embed\/efX2YUXhVKc?feature=oembed\" frameborder=\"0\" allow=\"accelerometer; autoplay; clipboard-write; encrypted-media; gyroscope; picture-in-picture; web-share\" referrerpolicy=\"strict-origin-when-cross-origin\" allowfullscreen><\/iframe>\n<\/div><\/figure>\n\n\n\n<p>.<\/p>\n\n\n\n<p class=\"has-text-align-justify\">Se <strong>reforma<\/strong> al <span style=\"text-decoration: underline;\">art\u00edculo 67 de la Ley de Desarrollo del EdoMex<\/span>, a partir de Hoy, las <mark style=\"background-color:rgba(0, 0, 0, 0);color:#b00701\" class=\"has-inline-color\"><strong>DENUNCIAS<\/strong> <\/mark>populares <strong><mark style=\"background-color:#f47a7a\" class=\"has-inline-color\">CONTRA<\/mark><\/strong> los hechos, actos y <mark style=\"background-color:#f3a8bb\" class=\"has-inline-color\"><strong>omisiones<\/strong> en el <strong>manejo, uso y ENTREGA<\/strong><\/mark> de los <strong><em><mark style=\"background-color:rgba(0, 0, 0, 0);color:#490687\" class=\"has-inline-color\">Programas Sociales<\/mark><\/em><\/strong>, se <strong><mark style=\"background-color:#a8f6d6\" class=\"has-inline-color has-black-color\">podr\u00e1n SER<\/mark><\/strong> de manera <strong><mark style=\"background-color:rgba(0, 0, 0, 0);color:#990808\" class=\"has-inline-color\">AN\u00d3NIMA<\/mark>,<\/strong> adem\u00e1s de por escrito, <mark style=\"background-color:rgba(0, 0, 0, 0);color:#b20a0a\" class=\"has-inline-color\"><strong>v\u00eda telef\u00f3nica<\/strong> <\/mark>o a trav\u00e9s de <strong><mark style=\"background-color:rgba(0, 0, 0, 0);color:#c30101\" class=\"has-inline-color\">internet<\/mark><\/strong>.<\/p>\n\n\n\n<p>.<\/p>\n\n\n\n<p>Con esta reforma &#8220;dicen&#8221; se busca que con el <mark style=\"background-color:#f8954f\" class=\"has-inline-color\"><strong>anonimato<\/strong> se <strong>reste vulnerabilidad al denunciante<\/strong><\/mark> y con el <mark style=\"background-color:#b2c8d6\" class=\"has-inline-color\"><strong>uso de las tecnolog\u00edas<\/strong> se <strong>facilitar\u00e1 el acceso a la justicia y as\u00ed sancionar los actos indebidos<\/strong><\/mark> cometidos por los <strong><mark style=\"background-color:rgba(0, 0, 0, 0);color:#d10876\" class=\"has-inline-color\">servidores p\u00fablicos que tienen a su cargo los programas sociales<\/mark>.<\/strong><\/p>\n\n\n\n<p>.<\/p>\n\n\n\n<p>Recordemos que si la <strong><mark style=\"background-color:rgba(0, 0, 0, 0)\" class=\"has-inline-color has-black-color\">denuncia<\/mark><\/strong> es por <strong><mark style=\"background-color:rgba(0, 0, 0, 0);color:#026742\" class=\"has-inline-color\">escrito<\/mark><\/strong> deber\u00e1 tener los siguientes <strong><mark style=\"background-color:rgba(0, 0, 0, 0);color:#028051\" class=\"has-inline-color\">requisitos<\/mark><\/strong> para su atenci\u00f3n:<\/p>\n\n\n\n<ul>\n<li>Nombre o raz\u00f3n social y domicilio del denunciante o en su caso del representante legal;<\/li>\n\n\n\n<li>Descripci\u00f3n de los actos, hechos u omisiones denunciados;<\/li>\n\n\n\n<li>Datos que permitan identificar a la presunta autoridad, funcionario infractos o responsable; y<\/li>\n\n\n\n<li>Las pruebas que ofrezca el denunciante.<\/li>\n<\/ul>\n\n\n\n<p>.<\/p>\n\n\n\n<p><strong>Este ?es el link de la Contralor\u00eda Social encarga de recibir las Denuncias<\/strong>..<\/p>\n\n\n\n<p><a href=\"https:\/\/portal.secogem.gob.mx\/tramites-servicios\">https:\/\/portal.secogem.gob.mx\/tramites-servicios<\/a><\/p>\n\n\n\n<p>.<\/p>\n\n\n\n<p>Si estas en el <strong><mark><mark style=\"background-color:#ffffff\" class=\"has-inline-color has-vivid-red-color\">Extranjero<\/mark><mark style=\"background-color:#ffffff\" class=\"has-inline-color\"> <\/mark><\/mark><\/strong>nosotros somos tu<mark style=\"background-color:rgba(0, 0, 0, 0)\" class=\"has-inline-color has-vivid-green-cyan-color\"> <strong>mejor<\/strong><\/mark><mark style=\"background-color:#ffffff\" class=\"has-inline-color\"> alternativa para <\/mark><strong><mark style=\"background-color:#ffffff\" class=\"has-inline-color has-luminous-vivid-orange-color\">velar<\/mark><\/strong><mark style=\"background-color:#ffffff\" class=\"has-inline-color\"> por tus <\/mark><strong><mark style=\"background-color:#ffffff;color:#0c74b0\" class=\"has-inline-color\">intereses<\/mark><\/strong>, escr\u00edbenos o ll\u00e1manos al Tel <strong>55581-11311<\/strong>.<\/p>\n\n\n\n<p class=\"wp-embed-aspect-16-9 wp-has-aspect-ratio\" id=\"block-3f0cb649-4142-417f-be85-20a82a0deacc\">.<\/p>\n\n\n\n<p class=\"wp-embed-aspect-16-9 wp-has-aspect-ratio\" id=\"block-0be85f9b-a54a-48a5-8974-f500a542213b\">Cuando<strong> necesites<\/strong> ayuda, <strong>asistencia<\/strong> o <strong>planeaci\u00f3n<\/strong> legal, <strong>solicita<\/strong> <strong>Cita Privada<\/strong> <a href=\"mailto:bi@sm99.mx\" target=\"_blank\" rel=\"noreferrer noopener\"><strong>Aqu\u00ed<\/strong><\/a><\/p>\n\n\n\n<p class=\"wp-embed-aspect-16-9 wp-has-aspect-ratio\" id=\"block-53241420-9292-48b8-993b-967038d0604a\">La informaci\u00f3n que AQU\u00cd te presentamos <strong>deriva<\/strong> de los <strong>Peri\u00f3dicos Oficiales <\/strong>de la<strong> CdMx<\/strong>, <strong>Estado<\/strong> de Mex., Diario <strong>Oficial<\/strong> de la Federaci\u00f3n, Suprema Corte de<strong> Justicia<\/strong> de la Naci\u00f3n, por lo tanto es de <strong>aplicaci\u00f3n OBLIGATORIA<\/strong>.<\/p>\n\n\n\n<p class=\"wp-embed-aspect-16-9 wp-has-aspect-ratio\" id=\"block-3ea95020-128c-4e7d-9308-d73669c4f2be\">La <strong>informaci\u00f3n<\/strong> de hoy procede de la Gaceta del EdoMex.<\/p>\n\n\n\n<p><\/p>\n\n\n\n<p class=\"wp-embed-aspect-16-9 wp-has-aspect-ratio\" id=\"block-3ea95020-128c-4e7d-9308-d73669c4f2be\"><strong><mark style=\"background-color:rgba(0, 0, 0, 0);color:#d9610b\" class=\"has-inline-color\">AYUDANOS<\/mark> <\/strong>para que m\u00e1s personas conozcan esta informaci\u00f3n, comp\u00e1rtela en tus redes sociales.<\/p>\n","protected":false},"excerpt":{"rendered":"<p>Views: 26 . . Se reforma al art\u00edculo 67 de la Ley de Desarrollo del EdoMex, a partir de Hoy, las DENUNCIAS populares CONTRA los hechos, actos y omisiones en el manejo, uso y ENTREGA de los Programas Sociales, se podr\u00e1n SER de manera AN\u00d3NIMA, adem\u00e1s de por escrito, v\u00eda telef\u00f3nica o a trav\u00e9s de [&hellip;]<\/p>\n","protected":false},"author":3,"featured_media":27524,"comment_status":"closed","ping_status":"open","sticky":false,"template":"","format":"standard","meta":{"_jetpack_memberships_contains_paid_content":false,"footnotes":""},"categories":[8],"tags":[],"jetpack_sharing_enabled":true,"jetpack_featured_media_url":"https:\/\/www.salgadonoticias.com\/wp-content\/uploads\/2024\/04\/programas-sociales-edomex.jpg","_links":{"self":[{"href":"https:\/\/www.salgadonoticias.com\/index.php?rest_route=\/wp\/v2\/posts\/27520"}],"collection":[{"href":"https:\/\/www.salgadonoticias.com\/index.php?rest_route=\/wp\/v2\/posts"}],"about":[{"href":"https:\/\/www.salgadonoticias.com\/index.php?rest_route=\/wp\/v2\/types\/post"}],"author":[{"embeddable":true,"href":"https:\/\/www.salgadonoticias.com\/index.php?rest_route=\/wp\/v2\/users\/3"}],"replies":[{"embeddable":true,"href":"https:\/\/www.salgadonoticias.com\/index.php?rest_route=%2Fwp%2Fv2%2Fcomments&post=27520"}],"version-history":[{"count":7,"href":"https:\/\/www.salgadonoticias.com\/index.php?rest_route=\/wp\/v2\/posts\/27520\/revisions"}],"predecessor-version":[{"id":27541,"href":"https:\/\/www.salgadonoticias.com\/index.php?rest_route=\/wp\/v2\/posts\/27520\/revisions\/27541"}],"wp:featuredmedia":[{"embeddable":true,"href":"https:\/\/www.salgadonoticias.com\/index.php?rest_route=\/wp\/v2\/media\/27524"}],"wp:attachment":[{"href":"https:\/\/www.salgadonoticias.com\/index.php?rest_route=%2Fwp%2Fv2%2Fmedia&parent=27520"}],"wp:term":[{"taxonomy":"category","embeddable":true,"href":"https:\/\/www.salgadonoticias.com\/index.php?rest_route=%2Fwp%2Fv2%2Fcategories&post=27520"},{"taxonomy":"post_tag","embeddable":true,"href":"https:\/\/www.salgadonoticias.com\/index.php?rest_route=%2Fwp%2Fv2%2Ftags&post=27520"}],"curies":[{"name":"wp","href":"https:\/\/api.w.org\/{rel}","templated":true}]}}