{"id":27570,"date":"2024-04-18T00:30:00","date_gmt":"2024-04-18T05:30:00","guid":{"rendered":"https:\/\/www.salgadonoticias.com\/?p=27570"},"modified":"2024-04-18T19:02:34","modified_gmt":"2024-04-19T00:02:34","slug":"27570","status":"publish","type":"post","link":"https:\/\/www.salgadonoticias.com\/?p=27570","title":{"rendered":"NUEVA Ley de la Alimentaci\u00f3n ADECUADA y SOSTENIBLE &#8230;!!!"},"content":{"rendered":"<p>Views: 17<\/p>\n<p>.<\/p>\n\n\n\n<figure class=\"wp-block-embed is-type-video is-provider-youtube wp-block-embed-youtube wp-embed-aspect-16-9 wp-has-aspect-ratio\"><div class=\"wp-block-embed__wrapper\">\n<iframe loading=\"lazy\" title=\"NUEVA Ley de la Alimentaci\u00f3n ADECUADA y SOSTENIBLE...!!!\" width=\"640\" height=\"360\" src=\"https:\/\/www.youtube.com\/embed\/6rrU-QEyo9s?feature=oembed\" frameborder=\"0\" allow=\"accelerometer; autoplay; clipboard-write; encrypted-media; gyroscope; picture-in-picture; web-share\" referrerpolicy=\"strict-origin-when-cross-origin\" allowfullscreen><\/iframe>\n<\/div><\/figure>\n\n\n\n<p>.<\/p>\n\n\n\n<p>Tenemos <strong><mark style=\"background-color:rgba(0, 0, 0, 0);color:#960303\" class=\"has-inline-color\">Nueva<\/mark><\/strong> Ley<strong> General<\/strong> de la<strong> Alimentaci\u00f3n <mark style=\"background-color:rgba(0, 0, 0, 0);color:#950404\" class=\"has-inline-color\">Adecuada y Sostenible<\/mark><\/strong>.<\/p>\n\n\n\n<p>Cuenta con:<\/p>\n\n\n\n<ul>\n<li><mark style=\"background-color:rgba(0, 0, 0, 0);color:#450681\" class=\"has-inline-color\"><strong>111 art\u00edculos<\/strong> distribuidos en 9 t\u00edtulos.<\/mark><\/li>\n\n\n\n<li><mark style=\"background-color:rgba(0, 0, 0, 0);color:#029962\" class=\"has-inline-color\">Entra en <strong>vigor<\/strong> a partir de HOY<\/mark><\/li>\n\n\n\n<li><mark style=\"background-color:rgba(0, 0, 0, 0);color:#d80606\" class=\"has-inline-color\">Incluye el <strong>derecho de todas las personas<\/strong>, de manera <strong>individual o colectiva<\/strong>, a una <strong>alimentaci\u00f3n adecuada<\/strong> y a disponer de comestibles para su <strong>consumo diario<\/strong>, as\u00ed como el acceso f\u00edsico y <strong>econ\u00f3mico<\/strong> para una <strong>alimentaci\u00f3n inocua, de calidad nutricional y en cantidad suficiente<\/strong>.<\/mark><\/li>\n\n\n\n<li><strong>Promoci\u00f3n y Consumo de Alimentos adecuados<\/strong><\/li>\n\n\n\n<li><mark style=\"background-color:rgba(0, 0, 0, 0);color:#bf5001\" class=\"has-inline-color\"><strong>Acceso<\/strong> f\u00edsico y <strong>econ\u00f3mico <\/strong>para una alimentaci\u00f3n <strong>inocua, de calidad nutricional y en cantidad suficiente.<\/strong><\/mark><\/li>\n\n\n\n<li><mark style=\"background-color:rgba(0, 0, 0, 0);color:#0709e3\" class=\"has-inline-color\"><strong>Obliga <\/strong>a las EMPRESAS a <strong>informar<\/strong> de los <strong>insumos o procesos<\/strong> que utilizan en la <strong>generaci\u00f3n<\/strong> de sus <strong>productos <\/strong>o <strong>servicios<\/strong>.<\/mark><\/li>\n\n\n\n<li><mark style=\"background-color:rgba(0, 0, 0, 0);color:#d8055b\" class=\"has-inline-color\"><strong>Proh\u00edbe <\/strong>a <strong>supermercados<\/strong> <strong>desechar alimentos<\/strong> que se encuentren en condiciones de ser consumidos por las personas.<\/mark><\/li>\n\n\n\n<li>Habr\u00e1 un <strong>Consejo Intersectorial Nacional<\/strong><\/li>\n\n\n\n<li><mark style=\"background-color:rgba(0, 0, 0, 0);color:#9c0404\" class=\"has-inline-color\">Con templa <strong>MULTAS<\/strong> que van <strong>desde<\/strong> <strong>$5,428.00<\/strong> hasta <strong>$5\u2019428,500.00<\/strong> pesos<\/mark><\/li>\n\n\n\n<li><mark style=\"background-color:#f7c745\" class=\"has-inline-color\">En <strong>180 d\u00edas<\/strong> naturales para que:<\/mark><ul><li>El ejecutivo deber\u00e1 <strong>EXPEDIR<\/strong> su <strong>Reglamento.<\/strong><\/li><\/ul>\n<ul>\n<li>La&nbsp;Secretar\u00eda de Salud deber\u00e1 <strong>publicar<\/strong> las <strong>Canastas Normativas<\/strong> y <strong>notificar<\/strong> a las instituciones correspondientes de la existencia de estas.<\/li>\n<\/ul>\n<\/li>\n\n\n\n<li><mark style=\"background-color:rgba(0, 0, 0, 0);color:#2b6002\" class=\"has-inline-color\"><strong>360 d\u00edas<\/strong> para que las\u00a0legislaturas de los 32 estados realicen las adecuaciones legislativas necesarias, para\u00a0regular y desarrollar el ejercicio del Derecho a la Alimentaci\u00f3n Adecuada, todo esto en sus respectivos \u00e1mbitos\u00a0competenciales.<\/mark><\/li>\n\n\n\n<li><mark style=\"background-color:rgba(0, 0, 0, 0)\" class=\"has-inline-color has-vivid-red-color\"><strong>360 d\u00edas<\/strong> naturales para que el\u00a0Congreso armonice la legislaci\u00f3n\u00a0federal con lo establecido en esta ley.<\/mark><\/li>\n<\/ul>\n\n\n\n<p>.<\/p>\n\n\n\n<p>Da click aqu\u00ed ? para ver la ley completa.<\/p>\n\n\n\n<p><a href=\"https:\/\/www.dof.gob.mx\/nota_detalle.php?codigo=5723626&amp;fecha=17\/04\/2024#gsc.tab=0\">https:\/\/www.dof.gob.mx\/nota_detalle.php?codigo=5723626&amp;fecha=17\/04\/2024#gsc.tab=0<\/a><\/p>\n\n\n\n<p><\/p>\n\n\n\n<p>.<\/p>\n\n\n\n<p>Si estas en el <strong><mark><mark style=\"background-color:#ffffff\" class=\"has-inline-color has-vivid-red-color\">Extranjero<\/mark><mark style=\"background-color:#ffffff\" class=\"has-inline-color\"> <\/mark><\/mark><\/strong>nosotros somos tu<mark style=\"background-color:rgba(0, 0, 0, 0)\" class=\"has-inline-color has-vivid-green-cyan-color\"> <strong>mejor<\/strong><\/mark><mark style=\"background-color:#ffffff\" class=\"has-inline-color\"> alternativa para <\/mark><strong><mark style=\"background-color:#ffffff\" class=\"has-inline-color has-luminous-vivid-orange-color\">velar<\/mark><\/strong><mark style=\"background-color:#ffffff\" class=\"has-inline-color\"> por tus <\/mark><strong><mark style=\"background-color:#ffffff;color:#0c74b0\" class=\"has-inline-color\">intereses<\/mark><\/strong>, escr\u00edbenos o ll\u00e1manos al Tel <strong>55581-11311<\/strong>.<\/p>\n\n\n\n<p class=\"wp-embed-aspect-16-9 wp-has-aspect-ratio\" id=\"block-3f0cb649-4142-417f-be85-20a82a0deacc\">.<\/p>\n\n\n\n<p class=\"wp-embed-aspect-16-9 wp-has-aspect-ratio\" id=\"block-0be85f9b-a54a-48a5-8974-f500a542213b\">Cuando<strong> necesites<\/strong> ayuda, <strong>asistencia<\/strong> o <strong>planeaci\u00f3n<\/strong> legal, <strong>solicita<\/strong> <strong>Cita Privada<\/strong> <a href=\"mailto:bi@sm99.mx\" target=\"_blank\" rel=\"noreferrer noopener\"><strong>Aqu\u00ed<\/strong><\/a><\/p>\n\n\n\n<p class=\"wp-embed-aspect-16-9 wp-has-aspect-ratio\" id=\"block-53241420-9292-48b8-993b-967038d0604a\">La informaci\u00f3n que AQU\u00cd te presentamos <strong>deriva<\/strong> de los <strong>Peri\u00f3dicos Oficiales <\/strong>de la<strong> CdMx<\/strong>, <strong>Estado<\/strong> de Mex., Diario <strong>Oficial<\/strong> de la Federaci\u00f3n, Suprema Corte de<strong> Justicia<\/strong> de la Naci\u00f3n, por lo tanto es de <strong>aplicaci\u00f3n OBLIGATORIA<\/strong>.<\/p>\n\n\n\n<p class=\"wp-embed-aspect-16-9 wp-has-aspect-ratio\" id=\"block-3ea95020-128c-4e7d-9308-d73669c4f2be\">La <strong>informaci\u00f3n<\/strong> de hoy procede del Diario Oficial<\/p>\n\n\n\n<p>.<\/p>\n\n\n\n<p class=\"wp-embed-aspect-16-9 wp-has-aspect-ratio\" id=\"block-3ea95020-128c-4e7d-9308-d73669c4f2be\"><strong><mark style=\"background-color:rgba(0, 0, 0, 0);color:#d9610b\" class=\"has-inline-color\">AYUDANOS<\/mark> <\/strong>para que m\u00e1s personas conozcan esta informaci\u00f3n, comp\u00e1rtela en tus redes sociales.<\/p>\n","protected":false},"excerpt":{"rendered":"<p>Views: 17 . . Tenemos Nueva Ley General de la Alimentaci\u00f3n Adecuada y Sostenible. Cuenta con: . Da click aqu\u00ed ? para ver la ley completa. https:\/\/www.dof.gob.mx\/nota_detalle.php?codigo=5723626&amp;fecha=17\/04\/2024#gsc.tab=0 . Si estas en el Extranjero nosotros somos tu mejor alternativa para velar por tus intereses, escr\u00edbenos o ll\u00e1manos al Tel 55581-11311. . Cuando necesites ayuda, asistencia o [&hellip;]<\/p>\n","protected":false},"author":3,"featured_media":27582,"comment_status":"closed","ping_status":"open","sticky":false,"template":"","format":"standard","meta":{"_jetpack_memberships_contains_paid_content":false,"footnotes":""},"categories":[4],"tags":[],"jetpack_sharing_enabled":true,"jetpack_featured_media_url":"https:\/\/www.salgadonoticias.com\/wp-content\/uploads\/2024\/04\/ALIMENTOS.png","_links":{"self":[{"href":"https:\/\/www.salgadonoticias.com\/index.php?rest_route=\/wp\/v2\/posts\/27570"}],"collection":[{"href":"https:\/\/www.salgadonoticias.com\/index.php?rest_route=\/wp\/v2\/posts"}],"about":[{"href":"https:\/\/www.salgadonoticias.com\/index.php?rest_route=\/wp\/v2\/types\/post"}],"author":[{"embeddable":true,"href":"https:\/\/www.salgadonoticias.com\/index.php?rest_route=\/wp\/v2\/users\/3"}],"replies":[{"embeddable":true,"href":"https:\/\/www.salgadonoticias.com\/index.php?rest_route=%2Fwp%2Fv2%2Fcomments&post=27570"}],"version-history":[{"count":7,"href":"https:\/\/www.salgadonoticias.com\/index.php?rest_route=\/wp\/v2\/posts\/27570\/revisions"}],"predecessor-version":[{"id":27596,"href":"https:\/\/www.salgadonoticias.com\/index.php?rest_route=\/wp\/v2\/posts\/27570\/revisions\/27596"}],"wp:featuredmedia":[{"embeddable":true,"href":"https:\/\/www.salgadonoticias.com\/index.php?rest_route=\/wp\/v2\/media\/27582"}],"wp:attachment":[{"href":"https:\/\/www.salgadonoticias.com\/index.php?rest_route=%2Fwp%2Fv2%2Fmedia&parent=27570"}],"wp:term":[{"taxonomy":"category","embeddable":true,"href":"https:\/\/www.salgadonoticias.com\/index.php?rest_route=%2Fwp%2Fv2%2Fcategories&post=27570"},{"taxonomy":"post_tag","embeddable":true,"href":"https:\/\/www.salgadonoticias.com\/index.php?rest_route=%2Fwp%2Fv2%2Ftags&post=27570"}],"curies":[{"name":"wp","href":"https:\/\/api.w.org\/{rel}","templated":true}]}}