{"id":27591,"date":"2024-04-19T00:30:00","date_gmt":"2024-04-19T05:30:00","guid":{"rendered":"https:\/\/www.salgadonoticias.com\/?p=27591"},"modified":"2024-04-19T14:50:58","modified_gmt":"2024-04-19T19:50:58","slug":"27591","status":"publish","type":"post","link":"https:\/\/www.salgadonoticias.com\/?p=27591","title":{"rendered":"Laboral&#8230;Reconocimiento de Base del Trabajador debe ser conforme a la Ley de cuanto empez\u00f3 a trabajar&#8230;!!!"},"content":{"rendered":"<p>Views: 25<\/p>\n<p>.<\/p>\n\n\n\n<p>El <strong>ANTECEDENTE:<\/strong><strong><\/strong><\/p>\n\n\n\n<p class=\"has-text-align-justify\"><strong>Surge <\/strong>despu\u00e9s de que Tribunales Colegiados de Circuito contendientes llegaron a criterios diferentes, al analizar la legislaci\u00f3n aplicable cuando un trabajador demanda la basificaci\u00f3n o el reconocimiento de que es de base. UNO determin\u00f3 que debe aplicarse la vigente al momento en que se present\u00f3 la demanda, y el otro sostuvo que es aplicable la vigente al momento en que el <strong>trabajador ingres\u00f3<\/strong> a prestar sus servicios, esto es, la Ley del Servicio Civil de los Trabajadores al Servicio de los Poderes del Estado, Municipios e Instituciones Descentralizadas en este caso de Baja California.<\/p>\n\n\n\n<p>.<\/p>\n\n\n\n<p class=\"has-text-align-justify\">La <strong><mark style=\"background-color:rgba(0, 0, 0, 0);color:#02047a\" class=\"has-inline-color\">Suprema Corte de Justicia<\/mark> <\/strong>ante lo anterior, <strong><mark style=\"background-color:rgba(0, 0, 0, 0);color:#850303\" class=\"has-inline-color\">DETERMIN\u00d3<\/mark><\/strong> que en el <strong><mark style=\"background-color:rgba(0, 0, 0, 0);color:#0709e3\" class=\"has-inline-color\">juicio laboral<\/mark><\/strong> en el que se <mark style=\"background-color:#f3aebf\" class=\"has-inline-color\"><strong>demande<\/strong> el <strong>reconocimiento<\/strong> de <strong>BASE<\/strong> del <strong>trabajador<\/strong><\/mark><strong>, <\/strong>esto se <mark style=\"background-color:#f7c438\" class=\"has-inline-color\">DEBE <strong>tramitarse<\/strong> CONFORME<\/mark> a la <strong><mark style=\"background-color:rgba(0, 0, 0, 0);color:#9f0505\" class=\"has-inline-color\">ley vigente<\/mark><\/strong> al momento en que el <mark style=\"background-color:rgba(0, 0, 0, 0)\" class=\"has-inline-color has-vivid-red-color\"><strong>trabajador ingres\u00f3 a prestar sus servicios<\/strong>.<\/mark><\/p>\n\n\n\n<p>.<\/p>\n\n\n\n<p>La justificaci\u00f3n de la <strong><mark style=\"background-color:rgba(0, 0, 0, 0);color:#250ab3\" class=\"has-inline-color\">SCJN<\/mark><\/strong> es que el <span style=\"text-decoration: underline;\">art\u00edculo 9 de la entonces Ley del Servicio Civil de los Trabajadores de los Poderes del Estado<\/span>, <strong><mark style=\"background-color:rgba(0, 0, 0, 0);color:#8a0303\" class=\"has-inline-color\">establec\u00eda<\/mark><\/strong> que, <mark style=\"background-color:#cfe6dd\" class=\"has-inline-color\"><strong>si las<\/strong> <strong>funciones que realizaba un trabajador<\/strong><\/mark> al servicio del Estado <strong>eran de base y se prolongaban por m\u00e1s de seis meses<\/strong>, <strong><mark style=\"background-color:#f2cb5f\" class=\"has-inline-color\">DEB\u00cdA contemplarse su plaza<\/mark><\/strong> en el presupuesto de egresos correspondiente al siguiente <strong>ejercicio fiscal <\/strong><mark style=\"background-color:rgba(0, 0, 0, 0);color:#9b0404\" class=\"has-inline-color\"><strong>como trabajador de base<\/strong>.<\/mark><\/p>\n\n\n\n<p class=\"has-text-align-justify\">El 9 de mayo de 2014 entr\u00f3 en vigor la Ley del Servicio Civil de los Trabajadores al Servicio de los Poderes del Estado y Municipios en este caso de Baja California, la cual <strong><mark style=\"background-color:rgba(0, 0, 0, 0)\" class=\"has-inline-color has-luminous-vivid-orange-color\">regula<\/mark><\/strong> diversos <strong><mark style=\"background-color:rgba(0, 0, 0, 0)\" class=\"has-inline-color has-luminous-vivid-orange-color\">mecanismos<\/mark><\/strong> para <mark style=\"background-color:#fbd6df\" class=\"has-inline-color\"><strong>identificar<\/strong> a los <strong>trabajadores<\/strong> de <strong>confianza<\/strong><\/mark> y la forma en <strong>que pueden <mark style=\"background-color:#fac8d4\" class=\"has-inline-color\">acceder a una Plaza de Base<\/mark><\/strong>. Y su <span style=\"text-decoration: underline;\">art\u00edculo 9<\/span> <strong><mark style=\"background-color:rgba(0, 0, 0, 0);color:#d00b0b\" class=\"has-inline-color\">prev\u00e9<\/mark><\/strong> diversos <strong><mark style=\"background-color:rgba(0, 0, 0, 0);color:#c90707\" class=\"has-inline-color\">requisitos<\/mark><\/strong> para que el <strong><mark style=\"background-color:rgba(0, 0, 0, 0);color:#d30606\" class=\"has-inline-color\">trabajador tenga derecho<\/mark><\/strong> a ser incorporado al sistema escalafonario y a participar en los concursos, ascensos y promociones para la <strong><mark style=\"background-color:rgba(0, 0, 0, 0);color:#8e0303\" class=\"has-inline-color\">obtenci\u00f3n de la base definitiva<\/mark><\/strong>, entre ellos, ser de nuevo ingreso y haber acumulado m\u00e1s de un a\u00f1o efectivo de servicios. Ya <strong><mark style=\"background-color:#8cdd65\" class=\"has-inline-color\">expuestas las diferencias relativas entre la ley anterior y la vigente<\/mark><\/strong>, y acorde con la teor\u00eda de los derechos adquiridos y de los componentes de la norma, se <mark style=\"background-color:#e79e9e\" class=\"has-inline-color\"><strong>concluye que a quien inste su demanda bajo la vigencia de la NUEVA ley<\/strong> pero que <strong>ingreso a laborar con anterioridad a la del 9 de mayo de 2014, DEBE aplic\u00e1rsele la norma anterior<\/strong>,<\/mark> porque adem\u00e1s de que no puede consider\u00e1rsele de nuevo ingreso al haber iniciado la prestaci\u00f3n de sus servicios antes de su entrada en vigor, ejerci\u00f3 su acci\u00f3n conforme a hechos acontecidos con anterioridad a la \u00faltima fecha referida; m\u00e1xime que el art\u00edculo tercero transitorio de la ley del servicio civil vigente establece que las reformas no afectar\u00e1n derechos adquiridos y dem\u00e1s prestaciones reconocidas a los trabajadores con anterioridad a ese decreto<\/p>\n\n\n\n<p><\/p>\n\n\n\n<p>.<\/p>\n\n\n\n<p>Esta <strong><mark style=\"background-color:#035d91;color:#bde0ed\" class=\"has-inline-color\">RESOLUCI\u00d3N<\/mark> <\/strong>es de <strong>aplicaci\u00f3n <mark style=\"background-color:rgba(0, 0, 0, 0);color:#870505\" class=\"has-inline-color\">OBLIGATORIA<\/mark> <\/strong>a partir de esta semana en todo el pa\u00eds.<\/p>\n\n\n\n<p class=\"has-small-font-size\"><strong><mark style=\"background-color:rgba(0, 0, 0, 0);color:#070d9b\" class=\"has-inline-color\">Jurisprudencia Laboral<\/mark><\/strong><\/p>\n\n\n\n<p>&#8211;<\/p>\n\n\n\n<p>Si estas en el <strong><mark><mark style=\"background-color:#ffffff\" class=\"has-inline-color has-vivid-red-color\">Extranjero<\/mark><mark style=\"background-color:#ffffff\" class=\"has-inline-color\"> <\/mark><\/mark><\/strong>nosotros somos tu<mark style=\"background-color:rgba(0, 0, 0, 0)\" class=\"has-inline-color has-vivid-green-cyan-color\"> <strong>mejor<\/strong><\/mark><mark style=\"background-color:#ffffff\" class=\"has-inline-color\"> alternativa para <\/mark><strong><mark style=\"background-color:#ffffff\" class=\"has-inline-color has-luminous-vivid-orange-color\">velar<\/mark><\/strong><mark style=\"background-color:#ffffff\" class=\"has-inline-color\"> por tus <\/mark><strong><mark style=\"background-color:#ffffff;color:#0c74b0\" class=\"has-inline-color\">intereses<\/mark><\/strong>, escr\u00edbenos o ll\u00e1manos al Tel <strong>55581-11311<\/strong>.<\/p>\n\n\n\n<p class=\"wp-embed-aspect-16-9 wp-has-aspect-ratio\" id=\"block-3f0cb649-4142-417f-be85-20a82a0deacc\">.<\/p>\n\n\n\n<p class=\"wp-embed-aspect-16-9 wp-has-aspect-ratio\" id=\"block-0be85f9b-a54a-48a5-8974-f500a542213b\">Cuando<strong> necesites<\/strong> ayuda, <strong>asistencia<\/strong> o <strong>planeaci\u00f3n<\/strong> legal, <strong>solicita<\/strong> <strong>Cita Privada<\/strong> <a href=\"mailto:bi@sm99.mx\" target=\"_blank\" rel=\"noreferrer noopener\"><strong>Aqu\u00ed<\/strong><\/a><\/p>\n\n\n\n<p class=\"wp-embed-aspect-16-9 wp-has-aspect-ratio\" id=\"block-53241420-9292-48b8-993b-967038d0604a\">La informaci\u00f3n que AQU\u00cd te presentamos <strong>deriva<\/strong> de los <strong>Peri\u00f3dicos Oficiales <\/strong>de la<strong> CdMx<\/strong>, <strong>Estado<\/strong> de Mex., Diario <strong>Oficial<\/strong> de la Federaci\u00f3n, Suprema Corte de<strong> Justicia<\/strong> de la Naci\u00f3n, por lo tanto es de <strong>aplicaci\u00f3n OBLIGATORIA<\/strong>.<\/p>\n\n\n\n<p class=\"wp-embed-aspect-16-9 wp-has-aspect-ratio\" id=\"block-3ea95020-128c-4e7d-9308-d73669c4f2be\">La <strong>informaci\u00f3n<\/strong> de hoy procede de la Suprema Corte de Justicia de la Naci\u00f3n<\/p>\n\n\n\n<p>.<\/p>\n\n\n\n<p class=\"wp-embed-aspect-16-9 wp-has-aspect-ratio\" id=\"block-3ea95020-128c-4e7d-9308-d73669c4f2be\"><strong><mark style=\"background-color:rgba(0, 0, 0, 0);color:#d9610b\" class=\"has-inline-color\">AYUDANOS<\/mark> <\/strong>para que m\u00e1s personas conozcan esta informaci\u00f3n, comp\u00e1rtela en tus redes sociales.<\/p>\n","protected":false},"excerpt":{"rendered":"<p>Views: 25 . El ANTECEDENTE: Surge despu\u00e9s de que Tribunales Colegiados de Circuito contendientes llegaron a criterios diferentes, al analizar la legislaci\u00f3n aplicable cuando un trabajador demanda la basificaci\u00f3n o el reconocimiento de que es de base. UNO determin\u00f3 que debe aplicarse la vigente al momento en que se present\u00f3 la demanda, y el otro [&hellip;]<\/p>\n","protected":false},"author":3,"featured_media":27598,"comment_status":"closed","ping_status":"open","sticky":false,"template":"","format":"standard","meta":{"_jetpack_memberships_contains_paid_content":false,"footnotes":""},"categories":[4],"tags":[],"jetpack_sharing_enabled":true,"jetpack_featured_media_url":"https:\/\/www.salgadonoticias.com\/wp-content\/uploads\/2024\/04\/LABORAL.jpg","_links":{"self":[{"href":"https:\/\/www.salgadonoticias.com\/index.php?rest_route=\/wp\/v2\/posts\/27591"}],"collection":[{"href":"https:\/\/www.salgadonoticias.com\/index.php?rest_route=\/wp\/v2\/posts"}],"about":[{"href":"https:\/\/www.salgadonoticias.com\/index.php?rest_route=\/wp\/v2\/types\/post"}],"author":[{"embeddable":true,"href":"https:\/\/www.salgadonoticias.com\/index.php?rest_route=\/wp\/v2\/users\/3"}],"replies":[{"embeddable":true,"href":"https:\/\/www.salgadonoticias.com\/index.php?rest_route=%2Fwp%2Fv2%2Fcomments&post=27591"}],"version-history":[{"count":4,"href":"https:\/\/www.salgadonoticias.com\/index.php?rest_route=\/wp\/v2\/posts\/27591\/revisions"}],"predecessor-version":[{"id":27603,"href":"https:\/\/www.salgadonoticias.com\/index.php?rest_route=\/wp\/v2\/posts\/27591\/revisions\/27603"}],"wp:featuredmedia":[{"embeddable":true,"href":"https:\/\/www.salgadonoticias.com\/index.php?rest_route=\/wp\/v2\/media\/27598"}],"wp:attachment":[{"href":"https:\/\/www.salgadonoticias.com\/index.php?rest_route=%2Fwp%2Fv2%2Fmedia&parent=27591"}],"wp:term":[{"taxonomy":"category","embeddable":true,"href":"https:\/\/www.salgadonoticias.com\/index.php?rest_route=%2Fwp%2Fv2%2Fcategories&post=27591"},{"taxonomy":"post_tag","embeddable":true,"href":"https:\/\/www.salgadonoticias.com\/index.php?rest_route=%2Fwp%2Fv2%2Ftags&post=27591"}],"curies":[{"name":"wp","href":"https:\/\/api.w.org\/{rel}","templated":true}]}}