{"id":27604,"date":"2024-04-22T00:33:00","date_gmt":"2024-04-22T05:33:00","guid":{"rendered":"https:\/\/www.salgadonoticias.com\/?p=27604"},"modified":"2024-04-22T11:07:26","modified_gmt":"2024-04-22T16:07:26","slug":"juzgados-laborales-determinan-quien-debe-probar","status":"publish","type":"post","link":"https:\/\/www.salgadonoticias.com\/?p=27604","title":{"rendered":"Juzgados LABORALES son Quienes Determinan QUIEN debe Probar\u2026!!!"},"content":{"rendered":"<p>Views: 13<\/p>\n<p>Este antecedente:<\/p>\n\n\n\n<p><strong>Surge<\/strong> luego de que un <strong><mark style=\"background-color:rgba(0, 0, 0, 0)\" class=\"has-inline-color has-vivid-red-color\">Patr\u00f3n<\/mark> promovi\u00f3 juicio de amparo <\/strong>despu\u00e9s que la Junta Federal de Conciliaci\u00f3n y Arbitraje lo <span style=\"text-decoration: underline;\">condenara a pagar la <mark style=\"background-color:#ff6900\" class=\"has-inline-color\">indemnizaci\u00f3n adicional<\/mark> prevista en el art\u00edculo <strong>490<\/strong> de la Ley Federal del Trabajo<\/span> y el Tribunal Colegiado de Circuito <strong><mark style=\"background-color:rgba(0, 0, 0, 0)\" class=\"has-inline-color has-vivid-red-color\">le dio la raz\u00f3n<\/mark><\/strong> porque consider\u00f3 que la <strong><mark style=\"background-color:#abb8c3\" class=\"has-inline-color\">persona trabajadora<\/mark><\/strong> incumpli\u00f3 la carga probatoria que le correspond\u00eda.<\/p>\n\n\n\n<p>A lo anterior la parte <strong>tercera interesada<\/strong> interpuso <strong><mark style=\"background-color:rgba(0, 0, 0, 0)\" class=\"has-inline-color has-vivid-red-color\">recurso de revisi\u00f3n<\/mark><\/strong> y se\u00f1al\u00f3 que el citado precepto <strong><mark style=\"background-color:#9b51e0\" class=\"has-inline-color\">es contrario al derecho a la seguridad jur\u00eddica<\/mark><\/strong>, al no prever a qui\u00e9n corresponde probar la falta inexcusable del patr\u00f3n.<\/p>\n\n\n\n<p>.<\/p>\n\n\n\n<p class=\"has-text-align-justify\">La <strong>Suprema Corte de Justicia <\/strong>a trav\u00e9s de su Segunda Sala <strong><mark style=\"background-color:rgba(0, 0, 0, 0);color:#880303\" class=\"has-inline-color\">DETERMIN\u00d3<\/mark><\/strong> que las <strong><mark style=\"background-color:rgba(0, 0, 0, 0);color:#3a036d\" class=\"has-inline-color\">Autoridades Laborales <\/mark>DEBER\u00c1N<\/strong> <mark style=\"background-color:#87f1c7\" class=\"has-inline-color\"><strong>distribuir <\/strong>las <strong>cargas probatorias<\/strong><\/mark><strong> <\/strong>correspondientes (patr\u00f3n-trabajador) esto <mark style=\"background-color:#eea673\" class=\"has-inline-color\"><strong>conforme<\/strong> al <strong>principio general de derecho<\/strong>: <strong>Quien afirma est\u00e1 obligado a probar<\/strong><\/mark>. Por tanto, el <strong>a<mark style=\"background-color:rgba(0, 0, 0, 0);color:#b2094e\" class=\"has-inline-color\">rt\u00edculo citado es acorde y NO Viola el derecho a la seguridad jur\u00eddica<\/mark><\/strong>.<\/p>\n\n\n\n<p>.<\/p>\n\n\n\n<p class=\"has-text-align-justify\">La justificaci\u00f3n de la <strong><mark style=\"background-color:rgba(0, 0, 0, 0);color:#2005b0\" class=\"has-inline-color\">SCJN<\/mark><\/strong> es que a\u00fan, cuando el citado art\u00edculo <mark style=\"background-color:#c3d4e3\" class=\"has-inline-color\"><strong>no establezca a qui\u00e9n corresponde acreditar cada uno de los supuestos<\/strong> que <strong>generan<\/strong> la <strong>falta inexcusable del patr\u00f3n ante un riesgo de trabajo<\/strong> esto <strong>NO<\/strong> <strong>conlleva una afectaci\u00f3n al derecho a la seguridad jur\u00eddica<\/strong>,<\/mark> ya que la <strong><mark style=\"background-color:#f9d778\" class=\"has-inline-color\">carga probatoria debe distribuirse seg\u00fan la controversia planteada por las partes<\/mark><\/strong>, esto es, atendiendo los hechos afirmados en la demanda y en la contestaci\u00f3n.<\/p>\n\n\n\n<p>.<\/p>\n\n\n\n<p class=\"has-text-align-justify\">Por tanto, SI el <mark style=\"background-color:rgba(0, 0, 0, 0);color:#d95f07\" class=\"has-inline-color\"><strong>trabajador afirma que el riesgo de trabajo sufrido es consecuencia de la falta inexcusable de la parte patronal<\/strong>,<\/mark> en principio <mark style=\"background-color:#e9c7cf\" class=\"has-inline-color has-black-color\"><strong>le corresponde precisar qu\u00e9 obligaci\u00f3n se omiti\u00f3 adoptar<\/strong> y, en su caso, <strong>demostrar que la parte patronal estaba obligada a evitar los riesgos de trabajo<\/strong><\/mark> en t\u00e9rminos de las hip\u00f3tesis a que se refiere el propio precepto, ya que <mark style=\"background-color:#79e088\" class=\"has-inline-color\"><strong>s\u00f3lo as\u00ed corresponder\u00e1 al Patr\u00f3n acreditar su excepci\u00f3n cuando aduzca que s\u00ed adopt\u00f3 las medidas necesarias para evitar el riesgo de trabajo<\/strong>.<\/mark> Por lo que ser\u00e1 la autoridad laboral quien deber\u00e1 distribuir las cargas probatorias correspondientes conforme al principio general de derecho: quien afirma est\u00e1 obligado a probar.<\/p>\n\n\n\n<p>.<\/p>\n\n\n\n<p>.<\/p>\n\n\n\n<p>Esta <strong><mark style=\"background-color:#75d3ae\" class=\"has-inline-color\">RESOLUCI\u00d3N <\/mark><\/strong>es de <strong>aplicaci\u00f3n <mark style=\"background-color:rgba(0, 0, 0, 0);color:#800202\" class=\"has-inline-color\">OBLIGATORIA<\/mark> <\/strong>a partir de hoy en todo el pa\u00eds.<\/p>\n\n\n\n<p><strong><mark style=\"background-color:rgba(0, 0, 0, 0);color:#340560\" class=\"has-inline-color\">Jurisprudencia Laboral<\/mark><\/strong><\/p>\n\n\n\n<p>.<\/p>\n\n\n\n<p>Si estas en el <strong><mark><mark style=\"background-color:#ffffff\" class=\"has-inline-color has-vivid-red-color\">Extranjero<\/mark><mark style=\"background-color:#ffffff\" class=\"has-inline-color\"> <\/mark><\/mark><\/strong>nosotros somos tu<mark style=\"background-color:rgba(0, 0, 0, 0)\" class=\"has-inline-color has-vivid-green-cyan-color\"> <strong>mejor<\/strong><\/mark><mark style=\"background-color:#ffffff\" class=\"has-inline-color\"> alternativa para <\/mark><strong><mark style=\"background-color:#ffffff\" class=\"has-inline-color has-luminous-vivid-orange-color\">velar<\/mark><\/strong><mark style=\"background-color:#ffffff\" class=\"has-inline-color\"> por tus <\/mark><strong><mark style=\"background-color:#ffffff;color:#0c74b0\" class=\"has-inline-color\">intereses<\/mark><\/strong>, escr\u00edbenos o ll\u00e1manos al Tel <strong>55581-11311<\/strong>.<\/p>\n\n\n\n<p class=\"wp-embed-aspect-16-9 wp-has-aspect-ratio\" id=\"block-3f0cb649-4142-417f-be85-20a82a0deacc\">.<\/p>\n\n\n\n<p class=\"wp-embed-aspect-16-9 wp-has-aspect-ratio\" id=\"block-0be85f9b-a54a-48a5-8974-f500a542213b\">Cuando<strong> necesites<\/strong> ayuda, <strong>asistencia<\/strong> o <strong>planeaci\u00f3n<\/strong> legal, <strong>solicita<\/strong> <strong>Cita Privada<\/strong> <a href=\"mailto:bi@sm99.mx\" target=\"_blank\" rel=\"noreferrer noopener\"><strong>Aqu\u00ed<\/strong><\/a><\/p>\n\n\n\n<p class=\"wp-embed-aspect-16-9 wp-has-aspect-ratio\" id=\"block-53241420-9292-48b8-993b-967038d0604a\">La informaci\u00f3n que AQU\u00cd te presentamos <strong>deriva<\/strong> de los <strong>Peri\u00f3dicos Oficiales <\/strong>de la<strong> CdMx<\/strong>, <strong>Estado<\/strong> de Mex., Diario <strong>Oficial<\/strong> de la Federaci\u00f3n, Suprema Corte de<strong> Justicia<\/strong> de la Naci\u00f3n, por lo tanto es de <strong>aplicaci\u00f3n OBLIGATORIA<\/strong>.<\/p>\n\n\n\n<p class=\"wp-embed-aspect-16-9 wp-has-aspect-ratio\" id=\"block-3ea95020-128c-4e7d-9308-d73669c4f2be\">La <strong>informaci\u00f3n<\/strong> de hoy procede de la Suprema Corte de Justicia de la Naci\u00f3n.<\/p>\n\n\n\n<p>.<\/p>\n\n\n\n<p class=\"wp-embed-aspect-16-9 wp-has-aspect-ratio\" id=\"block-3ea95020-128c-4e7d-9308-d73669c4f2be\"><strong><mark style=\"background-color:rgba(0, 0, 0, 0);color:#d9610b\" class=\"has-inline-color\">AYUDANOS<\/mark> <\/strong>para que m\u00e1s personas conozcan esta informaci\u00f3n, comp\u00e1rtela en tus redes sociales.<\/p>\n","protected":false},"excerpt":{"rendered":"<p>Views: 13 Este antecedente: Surge luego de que un Patr\u00f3n promovi\u00f3 juicio de amparo despu\u00e9s que la Junta Federal de Conciliaci\u00f3n y Arbitraje lo condenara a pagar la indemnizaci\u00f3n adicional prevista en el art\u00edculo 490 de la Ley Federal del Trabajo y el Tribunal Colegiado de Circuito le dio la raz\u00f3n porque consider\u00f3 que la [&hellip;]<\/p>\n","protected":false},"author":3,"featured_media":27606,"comment_status":"closed","ping_status":"open","sticky":false,"template":"","format":"standard","meta":{"_jetpack_memberships_contains_paid_content":false,"footnotes":""},"categories":[4],"tags":[],"jetpack_sharing_enabled":true,"jetpack_featured_media_url":"https:\/\/www.salgadonoticias.com\/wp-content\/uploads\/2024\/04\/laboral-2.jpg","_links":{"self":[{"href":"https:\/\/www.salgadonoticias.com\/index.php?rest_route=\/wp\/v2\/posts\/27604"}],"collection":[{"href":"https:\/\/www.salgadonoticias.com\/index.php?rest_route=\/wp\/v2\/posts"}],"about":[{"href":"https:\/\/www.salgadonoticias.com\/index.php?rest_route=\/wp\/v2\/types\/post"}],"author":[{"embeddable":true,"href":"https:\/\/www.salgadonoticias.com\/index.php?rest_route=\/wp\/v2\/users\/3"}],"replies":[{"embeddable":true,"href":"https:\/\/www.salgadonoticias.com\/index.php?rest_route=%2Fwp%2Fv2%2Fcomments&post=27604"}],"version-history":[{"count":3,"href":"https:\/\/www.salgadonoticias.com\/index.php?rest_route=\/wp\/v2\/posts\/27604\/revisions"}],"predecessor-version":[{"id":27612,"href":"https:\/\/www.salgadonoticias.com\/index.php?rest_route=\/wp\/v2\/posts\/27604\/revisions\/27612"}],"wp:featuredmedia":[{"embeddable":true,"href":"https:\/\/www.salgadonoticias.com\/index.php?rest_route=\/wp\/v2\/media\/27606"}],"wp:attachment":[{"href":"https:\/\/www.salgadonoticias.com\/index.php?rest_route=%2Fwp%2Fv2%2Fmedia&parent=27604"}],"wp:term":[{"taxonomy":"category","embeddable":true,"href":"https:\/\/www.salgadonoticias.com\/index.php?rest_route=%2Fwp%2Fv2%2Fcategories&post=27604"},{"taxonomy":"post_tag","embeddable":true,"href":"https:\/\/www.salgadonoticias.com\/index.php?rest_route=%2Fwp%2Fv2%2Ftags&post=27604"}],"curies":[{"name":"wp","href":"https:\/\/api.w.org\/{rel}","templated":true}]}}