{"id":27653,"date":"2024-04-25T00:40:00","date_gmt":"2024-04-25T05:40:00","guid":{"rendered":"https:\/\/www.salgadonoticias.com\/?p=27653"},"modified":"2024-04-25T17:25:11","modified_gmt":"2024-04-25T22:25:11","slug":"27653","status":"publish","type":"post","link":"https:\/\/www.salgadonoticias.com\/?p=27653","title":{"rendered":"LEGADO de Educaci\u00f3n a MENORES de Edad a\u00fan Ya estando CASADOS&#8230;!!!"},"content":{"rendered":"<p>Views: 6<\/p>\n<p>.<\/p>\n\n\n\n<figure class=\"wp-block-embed is-type-video is-provider-youtube wp-block-embed-youtube wp-embed-aspect-16-9 wp-has-aspect-ratio\"><div class=\"wp-block-embed__wrapper\">\n<iframe loading=\"lazy\" title=\"LEGADO de Educaci\u00f3n a MENORES de Edad a\u00fan Ya estando CASADOS...!!!\" width=\"640\" height=\"360\" src=\"https:\/\/www.youtube.com\/embed\/r0sZywmLI3s?feature=oembed\" frameborder=\"0\" allow=\"accelerometer; autoplay; clipboard-write; encrypted-media; gyroscope; picture-in-picture; web-share\" referrerpolicy=\"strict-origin-when-cross-origin\" allowfullscreen><\/iframe>\n<\/div><\/figure>\n\n\n\n<p>.<\/p>\n\n\n\n<p>Se <strong><mark style=\"background-color:rgba(0, 0, 0, 0);color:#ab0c0c\" class=\"has-inline-color\">reforma<\/mark><\/strong> al <strong>art\u00edculo 1467 del C\u00f3digo Civil para el DF (hoy CdMx)<\/strong><span style=\"text-decoration: underline;\">,<\/span> ya <mark style=\"background-color:#f17f2e\" class=\"has-inline-color\"><strong>NO<\/strong> <strong>Concluir\u00e1 <\/strong>el <strong>Legado de Educaci\u00f3n<\/strong><\/mark><strong> <\/strong>cuando los <strong><mark style=\"background-color:#f27292\" class=\"has-inline-color\">Menores de Edad, Contraigan Matrimonio<\/mark><\/strong>.<\/p>\n\n\n\n<p>.<\/p>\n\n\n\n<p>Dicha reforma \u201cdicen los legisladores\u201d es porque el<strong> <\/strong>hecho de<strong> <mark style=\"background-color:#7cc83b\" class=\"has-inline-color has-black-color\">contraer matrimonio NO es motivo suficiente para que una persona detenga su vida acad\u00e9mica<\/mark><\/strong>. Cabe mencionar que la <strong>educaci\u00f3n es un derecho humano que debe ser promovido y garantizado.<\/strong><\/p>\n\n\n\n<p>.<\/p>\n\n\n\n<p>Recordemos que el <strong><mark style=\"background-color:rgba(0, 0, 0, 0);color:#d60e0e\" class=\"has-inline-color\">Legado Educativo<\/mark><\/strong>, se <mark style=\"background-color:#8af2c9\" class=\"has-inline-color\"><strong>estipula <\/strong>en un<strong> Testamento<\/strong><\/mark>. <\/p>\n\n\n\n<p>Esto implica que el <span style=\"text-decoration: underline;\">fallecido quiere que el menor reciba una educaci\u00f3n adecuada para tu crecimiento y desarrollo<\/span>.<\/p>\n\n\n\n<p>.<\/p>\n\n\n\n<p>.<\/p>\n\n\n\n<p>Si estas en el <strong><mark><mark style=\"background-color:#ffffff\" class=\"has-inline-color has-vivid-red-color\">Extranjero<\/mark><mark style=\"background-color:#ffffff\" class=\"has-inline-color\"> <\/mark><\/mark><\/strong>nosotros somos tu<mark style=\"background-color:rgba(0, 0, 0, 0)\" class=\"has-inline-color has-vivid-green-cyan-color\"> <strong>mejor<\/strong><\/mark><mark style=\"background-color:#ffffff\" class=\"has-inline-color\"> alternativa para <\/mark><strong><mark style=\"background-color:#ffffff\" class=\"has-inline-color has-luminous-vivid-orange-color\">velar<\/mark><\/strong><mark style=\"background-color:#ffffff\" class=\"has-inline-color\"> por tus <\/mark><strong><mark style=\"background-color:#ffffff;color:#0c74b0\" class=\"has-inline-color\">intereses<\/mark><\/strong>, escr\u00edbenos o ll\u00e1manos al Tel <strong>55581-11311<\/strong>.<\/p>\n\n\n\n<p class=\"wp-embed-aspect-16-9 wp-has-aspect-ratio\" id=\"block-3f0cb649-4142-417f-be85-20a82a0deacc\">.<\/p>\n\n\n\n<p class=\"wp-embed-aspect-16-9 wp-has-aspect-ratio\" id=\"block-0be85f9b-a54a-48a5-8974-f500a542213b\">Cuando<strong> necesites<\/strong> ayuda, <strong>asistencia<\/strong> o <strong>planeaci\u00f3n<\/strong> legal, <strong>solicita<\/strong> <strong>Cita Privada<\/strong> <a href=\"mailto:bi@sm99.mx\" target=\"_blank\" rel=\"noreferrer noopener\"><strong>Aqu\u00ed<\/strong><\/a><\/p>\n\n\n\n<p class=\"wp-embed-aspect-16-9 wp-has-aspect-ratio\" id=\"block-53241420-9292-48b8-993b-967038d0604a\">La informaci\u00f3n que AQU\u00cd te presentamos <strong>deriva<\/strong> de los <strong>Peri\u00f3dicos Oficiales <\/strong>de la<strong> CdMx<\/strong>, <strong>Estado<\/strong> de Mex., Diario <strong>Oficial<\/strong> de la Federaci\u00f3n, Suprema Corte de<strong> Justicia<\/strong> de la Naci\u00f3n, por lo tanto es de <strong>aplicaci\u00f3n OBLIGATORIA<\/strong>.<\/p>\n\n\n\n<p class=\"wp-embed-aspect-16-9 wp-has-aspect-ratio\" id=\"block-3ea95020-128c-4e7d-9308-d73669c4f2be\">La <strong>informaci\u00f3n<\/strong> de hoy procede de la Gaceta de la CdMx.<\/p>\n\n\n\n<p>.<\/p>\n\n\n\n<p class=\"wp-embed-aspect-16-9 wp-has-aspect-ratio\" id=\"block-3ea95020-128c-4e7d-9308-d73669c4f2be\"><strong><mark style=\"background-color:rgba(0, 0, 0, 0);color:#d9610b\" class=\"has-inline-color\">AYUDANOS<\/mark> <\/strong>para que m\u00e1s personas conozcan esta informaci\u00f3n, comp\u00e1rtela en tus redes sociales.<\/p>\n","protected":false},"excerpt":{"rendered":"<p>Views: 6 . . Se reforma al art\u00edculo 1467 del C\u00f3digo Civil para el DF (hoy CdMx), ya NO Concluir\u00e1 el Legado de Educaci\u00f3n cuando los Menores de Edad, Contraigan Matrimonio. . Dicha reforma \u201cdicen los legisladores\u201d es porque el hecho de contraer matrimonio NO es motivo suficiente para que una persona detenga su vida [&hellip;]<\/p>\n","protected":false},"author":3,"featured_media":27663,"comment_status":"closed","ping_status":"open","sticky":false,"template":"","format":"standard","meta":{"_jetpack_memberships_contains_paid_content":false,"footnotes":""},"categories":[7],"tags":[],"jetpack_sharing_enabled":true,"jetpack_featured_media_url":"https:\/\/www.salgadonoticias.com\/wp-content\/uploads\/2024\/04\/ESTUDIOS.jpg","_links":{"self":[{"href":"https:\/\/www.salgadonoticias.com\/index.php?rest_route=\/wp\/v2\/posts\/27653"}],"collection":[{"href":"https:\/\/www.salgadonoticias.com\/index.php?rest_route=\/wp\/v2\/posts"}],"about":[{"href":"https:\/\/www.salgadonoticias.com\/index.php?rest_route=\/wp\/v2\/types\/post"}],"author":[{"embeddable":true,"href":"https:\/\/www.salgadonoticias.com\/index.php?rest_route=\/wp\/v2\/users\/3"}],"replies":[{"embeddable":true,"href":"https:\/\/www.salgadonoticias.com\/index.php?rest_route=%2Fwp%2Fv2%2Fcomments&post=27653"}],"version-history":[{"count":11,"href":"https:\/\/www.salgadonoticias.com\/index.php?rest_route=\/wp\/v2\/posts\/27653\/revisions"}],"predecessor-version":[{"id":27708,"href":"https:\/\/www.salgadonoticias.com\/index.php?rest_route=\/wp\/v2\/posts\/27653\/revisions\/27708"}],"wp:featuredmedia":[{"embeddable":true,"href":"https:\/\/www.salgadonoticias.com\/index.php?rest_route=\/wp\/v2\/media\/27663"}],"wp:attachment":[{"href":"https:\/\/www.salgadonoticias.com\/index.php?rest_route=%2Fwp%2Fv2%2Fmedia&parent=27653"}],"wp:term":[{"taxonomy":"category","embeddable":true,"href":"https:\/\/www.salgadonoticias.com\/index.php?rest_route=%2Fwp%2Fv2%2Fcategories&post=27653"},{"taxonomy":"post_tag","embeddable":true,"href":"https:\/\/www.salgadonoticias.com\/index.php?rest_route=%2Fwp%2Fv2%2Ftags&post=27653"}],"curies":[{"name":"wp","href":"https:\/\/api.w.org\/{rel}","templated":true}]}}