{"id":27700,"date":"2024-04-26T00:43:00","date_gmt":"2024-04-26T05:43:00","guid":{"rendered":"https:\/\/www.salgadonoticias.com\/?p=27700"},"modified":"2024-04-26T18:14:35","modified_gmt":"2024-04-26T23:14:35","slug":"27700","status":"publish","type":"post","link":"https:\/\/www.salgadonoticias.com\/?p=27700","title":{"rendered":"Coalici\u00f3n de Trabajadores tiene Personalidad Jur\u00eddica para defender un inter\u00e9s com\u00fan\u2026!!!"},"content":{"rendered":"<p>Views: 5<\/p>\n<p>.<\/p>\n\n\n\n<figure class=\"wp-block-embed is-type-video is-provider-youtube wp-block-embed-youtube wp-embed-aspect-16-9 wp-has-aspect-ratio\"><div class=\"wp-block-embed__wrapper\">\n<iframe loading=\"lazy\" title=\"Coaliciones de Trabajadores tiene personalidad Jur\u00eddica para defender un inter\u00e9s com\u00fan...!!!\" width=\"640\" height=\"360\" src=\"https:\/\/www.youtube.com\/embed\/hO5ItndnSVg?feature=oembed\" frameborder=\"0\" allow=\"accelerometer; autoplay; clipboard-write; encrypted-media; gyroscope; picture-in-picture; web-share\" referrerpolicy=\"strict-origin-when-cross-origin\" allowfullscreen><\/iframe>\n<\/div><\/figure>\n\n\n\n<p>.<\/p>\n\n\n\n<p>El ANTECEDENTE<\/p>\n\n\n\n<p class=\"has-text-align-justify\"><strong>Surge <\/strong>luego una <strong>Coalici\u00f3n<\/strong> o grupo de trabajadores m\u00e9dicos residentes promovi\u00f3 juicio de amparo debido a que un Juez asignado al Tribunal Laboral Federal de Asuntos <strong>Colectivos<\/strong> NO admiti\u00f3 una demanda promovida por esta coalici\u00f3n de m\u00e9dicos, al considerar que sus representantes no acreditaron su personalidad y porque el S<span style=\"text-decoration: underline;\">OLO hecho DE COALIGARSE no constituye una nueva persona jur\u00eddica para atribuirle derechos y obligaciones<\/span>.<\/p>\n\n\n\n<p>.<\/p>\n\n\n\n<p class=\"has-text-align-justify\">La <strong><mark style=\"background-color:rgba(0, 0, 0, 0);color:#120595\" class=\"has-inline-color\">Suprema Corte de Justicia<\/mark> <\/strong>a trav\u00e9s de la Segunda Sala <strong><mark style=\"background-color:rgba(0, 0, 0, 0);color:#9c0404\" class=\"has-inline-color\">DETERMIN\u00d3<\/mark> <\/strong>que una <mark style=\"background-color:#aeeb52\" class=\"has-inline-color\"><strong>COALICI\u00d3N<\/strong> de <strong>personas trabajadoras<\/strong><\/mark>, <span style=\"text-decoration: underline;\">son sujeto de derechos y obligaciones<\/span> y por lo tanto <strong><mark style=\"background-color:#84da43\" class=\"has-inline-color\">cuenta con personalidad jur\u00eddica<\/mark><\/strong> para <strong>defender un inter\u00e9s com\u00fan, en este caso sus Intereses LABORALES<\/strong>, a trav\u00e9s de un juicio de esa naturaleza.<\/p>\n\n\n\n<p>.<\/p>\n\n\n\n<p class=\"has-text-align-justify\">La justificaci\u00f3n de la <strong><mark style=\"background-color:rgba(0, 0, 0, 0);color:#2e09ac\" class=\"has-inline-color\">SCJN<\/mark> <\/strong>es que de conformidad con los art\u00edculos 123, apartado A, fracc. XVI, de la Constituci\u00f3n y 16 de la Convenci\u00f3n Americana sobre Derechos Humanos, las <mark style=\"background-color:#f7aec0\" class=\"has-inline-color\"><strong>personas trabajadoras<\/strong> <strong>tienen el derecho de COALIGARSE para la defensa de sus intereses laborales<\/strong>,<\/mark> cuyo reconocimiento no se limita solamente a los sindicatos, sino que es <strong><mark style=\"background-color:rgba(0, 0, 0, 0);color:#e4650b\" class=\"has-inline-color\">extensivo a las organizaciones o asociaciones que persigan la misma finalidad<\/mark><\/strong>, as\u00ed como la representaci\u00f3n de sus intereses leg\u00edtimos.<\/p>\n\n\n\n<p class=\"has-text-align-justify\">De igual forma, la interpretaci\u00f3n teleol\u00f3gica y sistem\u00e1tica del marco legal de las coaliciones, se advierte que el legislador que expidi\u00f3 la Ley Federal del Trabajo se\u00f1al\u00f3 expresamente que con fundamento en la fracci\u00f3n XVI citada <strong><mark style=\"background-color:#e7b0f1\" class=\"has-inline-color\">deb\u00eda elevarse a las coaliciones a la categor\u00eda de sujetos de derechos<\/mark><\/strong> y en este sentido, si las <strong><mark style=\"background-color:#f9d573\" class=\"has-inline-color\">coaliciones est\u00e1n protegidas a nivel constitucional y convencional como personas jur\u00eddicas constituidas para la defensa de un inter\u00e9s com\u00fan actual<\/mark><\/strong>, el que una vez resuelto trae la disoluci\u00f3n de esa organizaci\u00f3n, se concluye que pueden defenderlo ante los tribunales laborales competentes, pues de lo contrario su reconocimiento ser\u00eda meramente te\u00f3rico.<\/p>\n\n\n\n<p>.<\/p>\n\n\n\n<p>.<\/p>\n\n\n\n<p>Esta <strong><mark style=\"background-color:#cbe3f8\" class=\"has-inline-color\">RESOLUCI\u00d3N<\/mark> <\/strong>es de <strong>aplicaci\u00f3n <mark style=\"background-color:rgba(0, 0, 0, 0);color:#670303\" class=\"has-inline-color\">OBLIGATORIA<\/mark> <\/strong>en todo el pa\u00eds a partir de esta semana.<\/p>\n\n\n\n<p class=\"has-small-font-size\"><strong><mark style=\"background-color:rgba(0, 0, 0, 0);color:#850101\" class=\"has-inline-color\">Jurisprudencia Laboral<\/mark><\/strong><\/p>\n\n\n\n<p>.<\/p>\n\n\n\n<p>Si estas en el <strong><mark><mark style=\"background-color:#ffffff\" class=\"has-inline-color has-vivid-red-color\">Extranjero<\/mark><mark style=\"background-color:#ffffff\" class=\"has-inline-color\"> <\/mark><\/mark><\/strong>nosotros somos tu<mark style=\"background-color:rgba(0, 0, 0, 0)\" class=\"has-inline-color has-vivid-green-cyan-color\"> <strong>mejor<\/strong><\/mark><mark style=\"background-color:#ffffff\" class=\"has-inline-color\"> alternativa para <\/mark><strong><mark style=\"background-color:#ffffff\" class=\"has-inline-color has-luminous-vivid-orange-color\">velar<\/mark><\/strong><mark style=\"background-color:#ffffff\" class=\"has-inline-color\"> por tus <\/mark><strong><mark style=\"background-color:#ffffff;color:#0c74b0\" class=\"has-inline-color\">intereses<\/mark><\/strong>, escr\u00edbenos o ll\u00e1manos al Tel <strong>55581-11311<\/strong>.<\/p>\n\n\n\n<p class=\"wp-embed-aspect-16-9 wp-has-aspect-ratio\" id=\"block-3f0cb649-4142-417f-be85-20a82a0deacc\">.<\/p>\n\n\n\n<p class=\"wp-embed-aspect-16-9 wp-has-aspect-ratio\" id=\"block-0be85f9b-a54a-48a5-8974-f500a542213b\">Cuando<strong> necesites<\/strong> ayuda, <strong>asistencia<\/strong> o <strong>planeaci\u00f3n<\/strong> legal, <strong>solicita<\/strong> <strong>Cita Privada<\/strong> <a href=\"mailto:bi@sm99.mx\" target=\"_blank\" rel=\"noreferrer noopener\"><strong>Aqu\u00ed<\/strong><\/a><\/p>\n\n\n\n<p class=\"wp-embed-aspect-16-9 wp-has-aspect-ratio\" id=\"block-53241420-9292-48b8-993b-967038d0604a\">La informaci\u00f3n que AQU\u00cd te presentamos <strong>deriva<\/strong> de los <strong>Peri\u00f3dicos Oficiales <\/strong>de la<strong> CdMx<\/strong>, <strong>Estado<\/strong> de Mex., Diario <strong>Oficial<\/strong> de la Federaci\u00f3n, Suprema Corte de<strong> Justicia<\/strong> de la Naci\u00f3n, por lo tanto es de <strong>aplicaci\u00f3n OBLIGATORIA<\/strong>.<\/p>\n\n\n\n<p class=\"wp-embed-aspect-16-9 wp-has-aspect-ratio\" id=\"block-3ea95020-128c-4e7d-9308-d73669c4f2be\">La <strong>informaci\u00f3n<\/strong> de hoy procede de la Suprema Corte de Justicia<\/p>\n\n\n\n<p>.<\/p>\n\n\n\n<p class=\"wp-embed-aspect-16-9 wp-has-aspect-ratio\" id=\"block-3ea95020-128c-4e7d-9308-d73669c4f2be\"><strong><mark style=\"background-color:rgba(0, 0, 0, 0);color:#d9610b\" class=\"has-inline-color\">AYUDANOS<\/mark> <\/strong>para que m\u00e1s personas conozcan esta informaci\u00f3n, comp\u00e1rtela en tus redes sociales.<\/p>\n","protected":false},"excerpt":{"rendered":"<p>Views: 5 . . El ANTECEDENTE Surge luego una Coalici\u00f3n o grupo de trabajadores m\u00e9dicos residentes promovi\u00f3 juicio de amparo debido a que un Juez asignado al Tribunal Laboral Federal de Asuntos Colectivos NO admiti\u00f3 una demanda promovida por esta coalici\u00f3n de m\u00e9dicos, al considerar que sus representantes no acreditaron su personalidad y porque el [&hellip;]<\/p>\n","protected":false},"author":3,"featured_media":27713,"comment_status":"closed","ping_status":"open","sticky":false,"template":"","format":"standard","meta":{"_jetpack_memberships_contains_paid_content":false,"footnotes":""},"categories":[4],"tags":[],"jetpack_sharing_enabled":true,"jetpack_featured_media_url":"https:\/\/www.salgadonoticias.com\/wp-content\/uploads\/2024\/04\/COALISION.jpg","_links":{"self":[{"href":"https:\/\/www.salgadonoticias.com\/index.php?rest_route=\/wp\/v2\/posts\/27700"}],"collection":[{"href":"https:\/\/www.salgadonoticias.com\/index.php?rest_route=\/wp\/v2\/posts"}],"about":[{"href":"https:\/\/www.salgadonoticias.com\/index.php?rest_route=\/wp\/v2\/types\/post"}],"author":[{"embeddable":true,"href":"https:\/\/www.salgadonoticias.com\/index.php?rest_route=\/wp\/v2\/users\/3"}],"replies":[{"embeddable":true,"href":"https:\/\/www.salgadonoticias.com\/index.php?rest_route=%2Fwp%2Fv2%2Fcomments&post=27700"}],"version-history":[{"count":7,"href":"https:\/\/www.salgadonoticias.com\/index.php?rest_route=\/wp\/v2\/posts\/27700\/revisions"}],"predecessor-version":[{"id":27731,"href":"https:\/\/www.salgadonoticias.com\/index.php?rest_route=\/wp\/v2\/posts\/27700\/revisions\/27731"}],"wp:featuredmedia":[{"embeddable":true,"href":"https:\/\/www.salgadonoticias.com\/index.php?rest_route=\/wp\/v2\/media\/27713"}],"wp:attachment":[{"href":"https:\/\/www.salgadonoticias.com\/index.php?rest_route=%2Fwp%2Fv2%2Fmedia&parent=27700"}],"wp:term":[{"taxonomy":"category","embeddable":true,"href":"https:\/\/www.salgadonoticias.com\/index.php?rest_route=%2Fwp%2Fv2%2Fcategories&post=27700"},{"taxonomy":"post_tag","embeddable":true,"href":"https:\/\/www.salgadonoticias.com\/index.php?rest_route=%2Fwp%2Fv2%2Ftags&post=27700"}],"curies":[{"name":"wp","href":"https:\/\/api.w.org\/{rel}","templated":true}]}}