{"id":27714,"date":"2024-04-29T00:30:00","date_gmt":"2024-04-29T05:30:00","guid":{"rendered":"https:\/\/www.salgadonoticias.com\/?p=27714"},"modified":"2024-04-30T16:49:56","modified_gmt":"2024-04-30T21:49:56","slug":"27714","status":"publish","type":"post","link":"https:\/\/www.salgadonoticias.com\/?p=27714","title":{"rendered":"INSUFICIENTE copia Simple de Contrato de APERTURA Bancaria para DEMOSTRAR Intereses Suspensional&#8230;!!!"},"content":{"rendered":"<p>Views: 6<\/p>\n<p>.<\/p>\n\n\n\n<p>Este <strong>ANTECEDENTE<\/strong><\/p>\n\n\n\n<p class=\"has-text-align-justify\"><strong>Surge <\/strong>luego de que <strong>Tribunales <mark style=\"background-color:rgba(0, 0, 0, 0)\" class=\"has-inline-color has-vivid-red-color\">contendientes<\/mark><\/strong> sostuvieron <strong><mark style=\"background-color:#ff6900\" class=\"has-inline-color\">criterios diferentes contradictorios<\/mark><\/strong>&nbsp;sobre si la <strong><mark style=\"background-color:#fcb900\" class=\"has-inline-color\">copia simple del contrato de apertura de cuenta bancaria con la manifestaci\u00f3n &#8220;bajo protesta de decir verdad&#8221;<\/mark><\/strong>, <strong>es apto<\/strong> para <strong><mark style=\"background-color:#cf2e2e\" class=\"has-inline-color\">acreditar el inter\u00e9s<\/mark><\/strong> para la procedencia de la suspensi\u00f3n provisional cuando se reclama en amparo la <strong><mark style=\"background-color:#abb8c3\" class=\"has-inline-color\">inmovilizaci\u00f3n o el bloqueo de cuentas bancarias<\/mark><\/strong><\/p>\n\n\n\n<p>.<\/p>\n\n\n\n<p class=\"has-text-align-justify\">La <strong>Suprema Corte de Justicia de la Naci\u00f3n<\/strong> a trav\u00e9s de la Segunda Sala, <strong><mark style=\"background-color:rgba(0, 0, 0, 0)\" class=\"has-inline-color has-vivid-red-color\">DETERMIN\u00d3<\/mark><\/strong> es <strong><mark style=\"background-color:#fcb900\" class=\"has-inline-color has-black-color\">INSUFICIENTE<\/mark><mark style=\"background-color:rgba(0, 0, 0, 0)\" class=\"has-inline-color has-vivid-red-color\"> la <\/mark><mark style=\"background-color:#f78da7;color:#3a0101\" class=\"has-inline-color\">copia simple<\/mark><\/strong><mark style=\"background-color:rgba(0, 0, 0, 0)\" class=\"has-inline-color has-vivid-red-color\"><strong> <\/strong><\/mark><strong><mark style=\"background-color:#ffffff\" class=\"has-inline-color has-vivid-red-color\">de un contrato de apertura de cuenta bancaria<\/mark><\/strong><mark style=\"background-color:rgba(0, 0, 0, 0)\" class=\"has-inline-color has-vivid-red-color\"><strong> <\/strong><\/mark><mark style=\"background-color:#cf2e2e\" class=\"has-inline-color has-black-color\"><strong>vinculada con la expresi\u00f3n &#8220;bajo protesta de decir verdad&#8221;<\/strong><\/mark><mark style=\"background-color:rgba(0, 0, 0, 0)\" class=\"has-inline-color has-vivid-red-color\"><strong>, para acreditar el inter\u00e9s suspensional de la parte quejosa y obtener la suspensi\u00f3n provisional en contra de la orden de bloqueo de cuentas bancaria<\/strong><\/mark><strong><mark style=\"background-color:rgba(0, 0, 0, 0)\" class=\"has-inline-color has-vivid-red-color\">s<\/mark><\/strong>.<\/p>\n\n\n\n<p class=\"has-text-align-justify\">Sin embargo, <strong>ello no excluye<\/strong> la posibilidad de que, del an\u00e1lisis concatenado de otras documentales (tales como los <strong><mark style=\"background-color:#ff6900\" class=\"has-inline-color\">contratos, correos electr\u00f3nicos, comprobantes de transferencias, capturas de pantalla, o cualquiera otra de naturaleza similar<\/mark><\/strong>) y conforme al prudente arbitrio del juzgador, pueda concluirse la <strong><mark style=\"background-color:#fcb900\" class=\"has-inline-color\">existencia del inter\u00e9s suspensional<\/mark><\/strong>.<\/p>\n\n\n\n<p>.<\/p>\n\n\n\n<p class=\"has-text-align-justify\">La justificaci\u00f3n de la <strong>SCJN<\/strong> es en base a la <strong>doctrina <mark style=\"background-color:#ff6900\" class=\"has-inline-color\">jurisprudencial<\/mark><\/strong> en torno al <strong>valor probatorio<\/strong> de las <strong><mark style=\"background-color:#cf2e2e\" class=\"has-inline-color\">copias simples y de la expresi\u00f3n &#8220;bajo protesta de decir verdad&#8221;<\/mark><\/strong> que establece lo siguiente:<\/p>\n\n\n\n<ul>\n<li>El <strong>valor probatorio de las copias fotost\u00e1ticas simples<\/strong> \u2013<strong><mark style=\"background-color:#fcb900\" class=\"has-inline-color\">sin elemento de certificaci\u00f3n<\/mark><\/strong> de su contenido adicional\u2013 <strong><mark style=\"background-color:rgba(0, 0, 0, 0)\" class=\"has-inline-color has-vivid-red-color\">queda al arbitrio de la autoridad judicial<\/mark><\/strong> en la medida en que <strong><mark style=\"background-color:#abb8c3\" class=\"has-inline-color\">carecen de valor probatorio pleno<\/mark><\/strong> y que \u00fanicamente dan cuenta de la <strong>existencia del documento<\/strong> del que son reproducci\u00f3n, no as\u00ed de su contenido; y<\/li>\n\n\n\n<li>La expresi\u00f3n <strong><mark style=\"background-color:#9b51e0\" class=\"has-inline-color\">&#8220;bajo protesta de decir verdad&#8221;<\/mark><\/strong> es un <strong>requisito que debe contener toda demanda de amparo<\/strong>, la cual <strong>se <mark style=\"background-color:rgba(0, 0, 0, 0)\" class=\"has-inline-color has-vivid-red-color\">vincula directamente<\/mark> con la narrativa de los hechos o antecedentes que la parte quejosa relata en su demanda de amparo<\/strong> \u2013los que pueden ser hechos o abstenciones\u2013,y constituye un indicio de la veracidad de lo expresado por \u00e9sta.<\/li>\n<\/ul>\n\n\n\n<p class=\"has-text-align-justify\">Por lo que se deriva que <strong>sea necesario<\/strong> que la <strong>valoraci\u00f3n de una copia simple del contrato de apertura de cuenta bancaria se realice de manera <mark style=\"background-color:#fcb900\" class=\"has-inline-color\">adminiculada con otros documentos<\/mark><\/strong> que, aun cuando sean impresiones electr\u00f3nicas o copias simples, <strong><mark style=\"background-color:#cf2e2e\" class=\"has-inline-color\">en conjunto<\/mark><\/strong>, arrojen indicios suficientes, conforme a la experiencia y prudente arbitrio del juzgador, en cuanto a <strong>la existencia del inter\u00e9s suspensional<\/strong>.<\/p>\n\n\n\n<p><\/p>\n\n\n\n<p>.<\/p>\n\n\n\n<p>Esta <strong><mark style=\"background-color:#cbe3f8\" class=\"has-inline-color\">RESOLUCI\u00d3N<\/mark> <\/strong>es de <strong>aplicaci\u00f3n <mark style=\"background-color:rgba(0, 0, 0, 0);color:#670303\" class=\"has-inline-color\">OBLIGATORIA<\/mark> <\/strong>en todo el pa\u00eds a partir de esta semana.<\/p>\n\n\n\n<p class=\"has-small-font-size\"><strong><mark style=\"background-color:rgba(0, 0, 0, 0);color:#850101\" class=\"has-inline-color\">Jurisprudencia Laboral<\/mark><\/strong><\/p>\n\n\n\n<p>.<\/p>\n\n\n\n<p>Si estas en el <strong><mark><mark style=\"background-color:#ffffff\" class=\"has-inline-color has-vivid-red-color\">Extranjero<\/mark><mark style=\"background-color:#ffffff\" class=\"has-inline-color\"> <\/mark><\/mark><\/strong>nosotros somos tu<mark style=\"background-color:rgba(0, 0, 0, 0)\" class=\"has-inline-color has-vivid-green-cyan-color\"> <strong>mejor<\/strong><\/mark><mark style=\"background-color:#ffffff\" class=\"has-inline-color\"> alternativa para <\/mark><strong><mark style=\"background-color:#ffffff\" class=\"has-inline-color has-luminous-vivid-orange-color\">velar<\/mark><\/strong><mark style=\"background-color:#ffffff\" class=\"has-inline-color\"> por tus <\/mark><strong><mark style=\"background-color:#ffffff;color:#0c74b0\" class=\"has-inline-color\">intereses<\/mark><\/strong>, escr\u00edbenos o ll\u00e1manos al Tel <strong>55581-11311<\/strong>.<\/p>\n\n\n\n<p class=\"wp-embed-aspect-16-9 wp-has-aspect-ratio\" id=\"block-3f0cb649-4142-417f-be85-20a82a0deacc\">.<\/p>\n\n\n\n<p class=\"wp-embed-aspect-16-9 wp-has-aspect-ratio\" id=\"block-0be85f9b-a54a-48a5-8974-f500a542213b\">Cuando<strong> necesites<\/strong> ayuda, <strong>asistencia<\/strong> o <strong>planeaci\u00f3n<\/strong> legal, <strong>solicita<\/strong> <strong>Cita Privada<\/strong> <a href=\"mailto:bi@sm99.mx\" target=\"_blank\" rel=\"noreferrer noopener\"><strong>Aqu\u00ed<\/strong><\/a><\/p>\n\n\n\n<p class=\"wp-embed-aspect-16-9 wp-has-aspect-ratio\" id=\"block-53241420-9292-48b8-993b-967038d0604a\">La informaci\u00f3n que AQU\u00cd te presentamos <strong>deriva<\/strong> de los <strong>Peri\u00f3dicos Oficiales <\/strong>de la<strong> CdMx<\/strong>, <strong>Estado<\/strong> de Mex., Diario <strong>Oficial<\/strong> de la Federaci\u00f3n, Suprema Corte de<strong> Justicia<\/strong> de la Naci\u00f3n, por lo tanto es de <strong>aplicaci\u00f3n OBLIGATORIA<\/strong>.<\/p>\n\n\n\n<p class=\"wp-embed-aspect-16-9 wp-has-aspect-ratio\" id=\"block-3ea95020-128c-4e7d-9308-d73669c4f2be\">La <strong>informaci\u00f3n<\/strong> de hoy procede de la Suprema Corte de Justicia<\/p>\n\n\n\n<p>.<\/p>\n\n\n\n<p class=\"wp-embed-aspect-16-9 wp-has-aspect-ratio\" id=\"block-3ea95020-128c-4e7d-9308-d73669c4f2be\"><strong><mark style=\"background-color:rgba(0, 0, 0, 0);color:#d9610b\" class=\"has-inline-color\">AYUDANOS<\/mark> <\/strong>para que m\u00e1s personas conozcan esta informaci\u00f3n, comp\u00e1rtela en tus redes sociales.<\/p>\n","protected":false},"excerpt":{"rendered":"<p>Views: 6 . Este ANTECEDENTE Surge luego de que Tribunales contendientes sostuvieron criterios diferentes contradictorios&nbsp;sobre si la copia simple del contrato de apertura de cuenta bancaria con la manifestaci\u00f3n &#8220;bajo protesta de decir verdad&#8221;, es apto para acreditar el inter\u00e9s para la procedencia de la suspensi\u00f3n provisional cuando se reclama en amparo la inmovilizaci\u00f3n o [&hellip;]<\/p>\n","protected":false},"author":3,"featured_media":27735,"comment_status":"closed","ping_status":"open","sticky":false,"template":"","format":"standard","meta":{"_jetpack_memberships_contains_paid_content":false,"footnotes":""},"categories":[4],"tags":[],"jetpack_sharing_enabled":true,"jetpack_featured_media_url":"https:\/\/www.salgadonoticias.com\/wp-content\/uploads\/2024\/04\/apertura.webp","_links":{"self":[{"href":"https:\/\/www.salgadonoticias.com\/index.php?rest_route=\/wp\/v2\/posts\/27714"}],"collection":[{"href":"https:\/\/www.salgadonoticias.com\/index.php?rest_route=\/wp\/v2\/posts"}],"about":[{"href":"https:\/\/www.salgadonoticias.com\/index.php?rest_route=\/wp\/v2\/types\/post"}],"author":[{"embeddable":true,"href":"https:\/\/www.salgadonoticias.com\/index.php?rest_route=\/wp\/v2\/users\/3"}],"replies":[{"embeddable":true,"href":"https:\/\/www.salgadonoticias.com\/index.php?rest_route=%2Fwp%2Fv2%2Fcomments&post=27714"}],"version-history":[{"count":6,"href":"https:\/\/www.salgadonoticias.com\/index.php?rest_route=\/wp\/v2\/posts\/27714\/revisions"}],"predecessor-version":[{"id":27780,"href":"https:\/\/www.salgadonoticias.com\/index.php?rest_route=\/wp\/v2\/posts\/27714\/revisions\/27780"}],"wp:featuredmedia":[{"embeddable":true,"href":"https:\/\/www.salgadonoticias.com\/index.php?rest_route=\/wp\/v2\/media\/27735"}],"wp:attachment":[{"href":"https:\/\/www.salgadonoticias.com\/index.php?rest_route=%2Fwp%2Fv2%2Fmedia&parent=27714"}],"wp:term":[{"taxonomy":"category","embeddable":true,"href":"https:\/\/www.salgadonoticias.com\/index.php?rest_route=%2Fwp%2Fv2%2Fcategories&post=27714"},{"taxonomy":"post_tag","embeddable":true,"href":"https:\/\/www.salgadonoticias.com\/index.php?rest_route=%2Fwp%2Fv2%2Ftags&post=27714"}],"curies":[{"name":"wp","href":"https:\/\/api.w.org\/{rel}","templated":true}]}}