{"id":27749,"date":"2024-04-30T00:15:00","date_gmt":"2024-04-30T05:15:00","guid":{"rendered":"https:\/\/www.salgadonoticias.com\/?p=27749"},"modified":"2024-04-30T17:29:28","modified_gmt":"2024-04-30T22:29:28","slug":"27749","status":"publish","type":"post","link":"https:\/\/www.salgadonoticias.com\/?p=27749","title":{"rendered":"Ya NO est\u00e1 Prohibido TENER Mascotas en Condominios EdoMex&#8230;!!!"},"content":{"rendered":"<p>Views: 50<\/p>\n<p>.<\/p>\n\n\n\n<figure class=\"wp-block-embed is-type-video is-provider-youtube wp-block-embed-youtube wp-embed-aspect-16-9 wp-has-aspect-ratio\"><div class=\"wp-block-embed__wrapper\">\n<iframe loading=\"lazy\" title=\"Ya NO est\u00e1 Prohibido TENER Mascotas en Condominios Edo.Mex...!!!\" width=\"640\" height=\"360\" src=\"https:\/\/www.youtube.com\/embed\/KOSBO29LMwA?feature=oembed\" frameborder=\"0\" allow=\"accelerometer; autoplay; clipboard-write; encrypted-media; gyroscope; picture-in-picture; web-share\" referrerpolicy=\"strict-origin-when-cross-origin\" allowfullscreen><\/iframe>\n<\/div><\/figure>\n\n\n\n<p>.<\/p>\n\n\n\n<p>Se <strong><mark style=\"background-color:rgba(0, 0, 0, 0);color:#a20606\" class=\"has-inline-color\">reforma<\/mark><\/strong> la <span style=\"text-decoration: underline;\">Ley que Regula el R\u00e9gimen de Propiedad en Condominio del EdoMex<\/span>., Ahora se <strong>establecen<\/strong> los <strong>derechos y obligaciones<\/strong> de sus residentes <strong><mark style=\"background-color:#ff6900\" class=\"has-inline-color\">sobre el uso de \u00e1reas y bienes de uso com\u00fan<\/mark><\/strong>, y las limitaciones para el ejercicio de tales derechos.<\/p>\n\n\n\n<p>.<\/p>\n\n\n\n<p>Lo que m\u00e1s <strong>destaca <\/strong>de esta reforma es que, Ya <mark style=\"background-color:rgba(0, 0, 0, 0);color:#890505\" class=\"has-inline-color\"><strong>NO<\/strong> estar\u00e1 <strong>prohibido<\/strong> <strong>tener animales<\/strong><\/mark>, esto ser\u00e1 <strong><mark style=\"background-color:#fcb900\" class=\"has-inline-color\">bajo los lineamientos y\/o reglas que determinen los residentes<\/mark><\/strong>, y as\u00ed garantizar que las&nbsp;<strong>mascotas no sean obst\u00e1culos&nbsp;<\/strong>para que las personas puedan <strong>acceder a una vivienda digna<\/strong>.<\/p>\n\n\n\n<p>.<\/p>\n\n\n\n<p>Tambi\u00e9n, se<strong> <mark style=\"background-color:rgba(0, 0, 0, 0);color:#e62727\" class=\"has-inline-color\">indica<\/mark><\/strong> que DEBER\u00c1 <mark style=\"background-color:rgba(0, 0, 0, 0);color:#d31414\" class=\"has-inline-color\"><strong>contener<\/strong> <\/mark><mark style=\"background-color:rgba(0, 0, 0, 0)\" class=\"has-inline-color has-black-color\">el<\/mark><mark style=\"background-color:rgba(0, 0, 0, 0);color:#d31414\" class=\"has-inline-color\"> <strong>reglamento Interno del Condominio<\/strong><\/mark> y a lo cual se sujetar\u00e1n todos los cond\u00f3minos.<\/p>\n\n\n\n<ul>\n<li><strong><mark style=\"background-color:#e65656\" class=\"has-inline-color has-black-color\">Derechos y Obligaciones<\/mark><\/strong><\/li>\n\n\n\n<li><mark style=\"background-color:#5abcf9\" class=\"has-inline-color has-black-color\">Bases y procedimientos para el <strong>cobro de las cuotas<\/strong> las cuales deben ser aportadas por los cond\u00f3minos y residentes;<\/mark><\/li>\n\n\n\n<li><mark style=\"background-color:#eba3b5\" class=\"has-inline-color has-black-color\"><strong>Causas<\/strong> para la <strong>remoci\u00f3n<\/strong> del <span style=\"text-decoration: underline;\">administrador, o de los miembros del comit\u00e9 y de la mesa directiva<\/span><\/mark><mark style=\"background-color:rgba(0, 0, 0, 0);color:#f9b8c9\" class=\"has-inline-color\">;<\/mark><\/li>\n\n\n\n<li><mark style=\"background-color:#f1ca60\" class=\"has-inline-color\">Las<strong> bases<\/strong> para la <strong>modificaci\u00f3n<\/strong> de la <strong>Escritura Constitutiva<\/strong> y del <strong>Reglamento Interior<\/strong> del condominio conforme a las disposiciones jur\u00eddicas aplicables;<\/mark><\/li>\n\n\n\n<li><mark style=\"background-color:#beec51\" class=\"has-inline-color\">La<strong> determinaci\u00f3n<\/strong> de criterios para el <strong>uso de las \u00e1reas y bienes de uso com\u00fan<\/strong>, especialmente para aqu\u00e9llas que deban destinarse exclusivamente a <strong>personas con discapacidad<\/strong>.<\/mark><\/li>\n\n\n\n<li><mark style=\"background-color:#e4ecf3\" class=\"has-inline-color has-black-color\"><strong>Determinar<\/strong>, en su caso, las <strong>medidas y limitaciones para POSEER ANIMALES<\/strong> TANTO en las <span style=\"text-decoration: underline;\">unidades de propiedad exclusiva<\/span>, como en las <span style=\"text-decoration: underline;\">\u00e1reas y bienes de uso com\u00fan<\/span> considerando lo siguiente:<\/mark><ul><li><strong><mark style=\"background-color:rgba(0, 0, 0, 0);color:#b9074a\" class=\"has-inline-color\">N\u00famero de animales <\/mark><\/strong><mark style=\"background-color:rgba(0, 0, 0, 0);color:#990450\" class=\"has-inline-color\"><strong>permitidos<\/strong>,<\/mark><\/li><\/ul>\n<ul>\n<li><mark style=\"background-color:rgba(0, 0, 0, 0);color:#a30852\" class=\"has-inline-color\"><strong>Horarios de estancia en \u00e1reas comunes<\/strong>.<\/mark><\/li>\n\n\n\n<li><strong><mark style=\"background-color:rgba(0, 0, 0, 0);color:#91054d\" class=\"has-inline-color\">Tipo, especie, tama\u00f1os, raza,<\/mark> <\/strong>y<\/li>\n\n\n\n<li><mark style=\"background-color:rgba(0, 0, 0, 0);color:#960235\" class=\"has-inline-color\"><strong>Medidas de seguridad e higiene<\/strong> entre otras.<\/mark><\/li>\n<\/ul>\n<\/li>\n\n\n\n<li><mark style=\"background-color:#7bf2c6\" class=\"has-inline-color has-black-color\">La determinaci\u00f3n de <strong>criterios<\/strong> para asuntos que requieran para su <strong>aprobaci\u00f3n un porcentaje mayor de respaldo en caso de votaci\u00f3n<\/strong><\/mark><strong>;<\/strong><\/li>\n\n\n\n<li><mark style=\"background-color:#e1c882\" class=\"has-inline-color\">Las bases para la <strong>integraci\u00f3n<\/strong> de las acciones, <strong>programas<\/strong> y medidas en materia de <strong>seguridad, protecci\u00f3n civil y gesti\u00f3n integral del riesgo;<\/strong><\/mark><\/li>\n\n\n\n<li><mark style=\"background-color:#9bc4b5\" class=\"has-inline-color has-black-color\">Las previsiones conducentes para <strong>otorgar a terceros<\/strong> las <strong>\u00e1reas y bienes de uso com\u00fan<\/strong> que sean objeto de <strong>arrendamiento<\/strong> o que se <strong>destinen al comercio<\/strong>, estableciendo la temporalidad y las garant\u00edas respectivas para su cumplimiento;<\/mark><\/li>\n\n\n\n<li><mark style=\"background-color:#89e71c\" class=\"has-inline-color\">Las <strong>sanciones o medidas <\/strong>internas por<strong> incumplimiento a las obligaciones<\/strong> consignadas en esta Ley o el Reglamento Interior del Condominio; y<\/mark><\/li>\n\n\n\n<li>Las dem\u00e1s que establezca la escritura constitutiva y la presente Ley.<\/li>\n<\/ul>\n\n\n\n<p>.<\/p>\n\n\n\n<p>Con estos cambios &#8220;dicen los legisladores&#8221; se busca la <strong><mark style=\"background-color:rgba(0, 0, 0, 0)\" class=\"has-inline-color has-vivid-red-color\">protecci\u00f3n de los derechos de los inquilinos que tienen mascotas<\/mark><\/strong>, los cuales se enfrentan a dificultades al buscar alojamiento, adem\u00e1s de eliminar barreras discriminatorias, promoviendo una&nbsp;<strong><mark style=\"background-color:rgba(0, 0, 0, 0)\" class=\"has-inline-color has-vivid-red-color\">cultura de respeto y convivencia armoniosa<\/mark><\/strong>&nbsp;entre los residentes de condominios y sus animales de compa\u00f1\u00eda.<\/p>\n\n\n\n<p>.<\/p>\n\n\n\n<p>.<\/p>\n\n\n\n<p>Si estas en el <strong><mark><mark style=\"background-color:#ffffff\" class=\"has-inline-color has-vivid-red-color\">Extranjero<\/mark><mark style=\"background-color:#ffffff\" class=\"has-inline-color\"> <\/mark><\/mark><\/strong>nosotros somos tu<mark style=\"background-color:rgba(0, 0, 0, 0)\" class=\"has-inline-color has-vivid-green-cyan-color\"> <strong>mejor<\/strong><\/mark><mark style=\"background-color:#ffffff\" class=\"has-inline-color\"> alternativa para <\/mark><strong><mark style=\"background-color:#ffffff\" class=\"has-inline-color has-luminous-vivid-orange-color\">velar<\/mark><\/strong><mark style=\"background-color:#ffffff\" class=\"has-inline-color\"> por tus <\/mark><strong><mark style=\"background-color:#ffffff;color:#0c74b0\" class=\"has-inline-color\">intereses<\/mark><\/strong>, escr\u00edbenos o ll\u00e1manos al Tel <strong>55581-11311<\/strong>.<\/p>\n\n\n\n<p class=\"wp-embed-aspect-16-9 wp-has-aspect-ratio\" id=\"block-3f0cb649-4142-417f-be85-20a82a0deacc\">.<\/p>\n\n\n\n<p class=\"wp-embed-aspect-16-9 wp-has-aspect-ratio\" id=\"block-0be85f9b-a54a-48a5-8974-f500a542213b\">Cuando<strong> necesites<\/strong> ayuda, <strong>asistencia<\/strong> o <strong>planeaci\u00f3n<\/strong> legal, <strong>solicita<\/strong> <strong>Cita Privada<\/strong> <a href=\"mailto:bi@sm99.mx\" target=\"_blank\" rel=\"noreferrer noopener\"><strong>Aqu\u00ed<\/strong><\/a><\/p>\n\n\n\n<p class=\"wp-embed-aspect-16-9 wp-has-aspect-ratio\" id=\"block-53241420-9292-48b8-993b-967038d0604a\">La informaci\u00f3n que AQU\u00cd te presentamos <strong>deriva<\/strong> de los <strong>Peri\u00f3dicos Oficiales <\/strong>de la<strong> CdMx<\/strong>, <strong>Estado<\/strong> de Mex., Diario <strong>Oficial<\/strong> de la Federaci\u00f3n, Suprema Corte de<strong> Justicia<\/strong> de la Naci\u00f3n, por lo tanto es de <strong>aplicaci\u00f3n OBLIGATORIA<\/strong>.<\/p>\n\n\n\n<p class=\"wp-embed-aspect-16-9 wp-has-aspect-ratio\" id=\"block-3ea95020-128c-4e7d-9308-d73669c4f2be\">La <strong>informaci\u00f3n<\/strong> de hoy procede de la Gaceta del EdoMex.<\/p>\n\n\n\n<p>.<\/p>\n\n\n\n<p class=\"wp-embed-aspect-16-9 wp-has-aspect-ratio\" id=\"block-3ea95020-128c-4e7d-9308-d73669c4f2be\"><strong><mark style=\"background-color:rgba(0, 0, 0, 0);color:#d9610b\" class=\"has-inline-color\">AYUDANOS<\/mark> <\/strong>para que m\u00e1s personas conozcan esta informaci\u00f3n, comp\u00e1rtela en tus redes sociales.<\/p>\n","protected":false},"excerpt":{"rendered":"<p>Views: 50 . . Se reforma la Ley que Regula el R\u00e9gimen de Propiedad en Condominio del EdoMex., Ahora se establecen los derechos y obligaciones de sus residentes sobre el uso de \u00e1reas y bienes de uso com\u00fan, y las limitaciones para el ejercicio de tales derechos. . Lo que m\u00e1s destaca de esta reforma [&hellip;]<\/p>\n","protected":false},"author":3,"featured_media":27755,"comment_status":"closed","ping_status":"open","sticky":false,"template":"","format":"standard","meta":{"_jetpack_memberships_contains_paid_content":false,"footnotes":""},"categories":[8],"tags":[],"jetpack_sharing_enabled":true,"jetpack_featured_media_url":"https:\/\/www.salgadonoticias.com\/wp-content\/uploads\/2024\/04\/mascotas.webp","_links":{"self":[{"href":"https:\/\/www.salgadonoticias.com\/index.php?rest_route=\/wp\/v2\/posts\/27749"}],"collection":[{"href":"https:\/\/www.salgadonoticias.com\/index.php?rest_route=\/wp\/v2\/posts"}],"about":[{"href":"https:\/\/www.salgadonoticias.com\/index.php?rest_route=\/wp\/v2\/types\/post"}],"author":[{"embeddable":true,"href":"https:\/\/www.salgadonoticias.com\/index.php?rest_route=\/wp\/v2\/users\/3"}],"replies":[{"embeddable":true,"href":"https:\/\/www.salgadonoticias.com\/index.php?rest_route=%2Fwp%2Fv2%2Fcomments&post=27749"}],"version-history":[{"count":8,"href":"https:\/\/www.salgadonoticias.com\/index.php?rest_route=\/wp\/v2\/posts\/27749\/revisions"}],"predecessor-version":[{"id":27787,"href":"https:\/\/www.salgadonoticias.com\/index.php?rest_route=\/wp\/v2\/posts\/27749\/revisions\/27787"}],"wp:featuredmedia":[{"embeddable":true,"href":"https:\/\/www.salgadonoticias.com\/index.php?rest_route=\/wp\/v2\/media\/27755"}],"wp:attachment":[{"href":"https:\/\/www.salgadonoticias.com\/index.php?rest_route=%2Fwp%2Fv2%2Fmedia&parent=27749"}],"wp:term":[{"taxonomy":"category","embeddable":true,"href":"https:\/\/www.salgadonoticias.com\/index.php?rest_route=%2Fwp%2Fv2%2Fcategories&post=27749"},{"taxonomy":"post_tag","embeddable":true,"href":"https:\/\/www.salgadonoticias.com\/index.php?rest_route=%2Fwp%2Fv2%2Ftags&post=27749"}],"curies":[{"name":"wp","href":"https:\/\/api.w.org\/{rel}","templated":true}]}}