{"id":27774,"date":"2024-05-02T00:31:00","date_gmt":"2024-05-02T05:31:00","guid":{"rendered":"https:\/\/www.salgadonoticias.com\/?p=27774"},"modified":"2024-05-02T15:43:28","modified_gmt":"2024-05-02T20:43:28","slug":"27774","status":"publish","type":"post","link":"https:\/\/www.salgadonoticias.com\/?p=27774","title":{"rendered":"Patrones Deben INSCRIBIR Retroactivamente en el IMSS a Trabajadores FALLECIDOS &#8230;!!!"},"content":{"rendered":"<p>Views: 50<\/p>\n<p>.<\/p>\n\n\n\n<figure class=\"wp-block-embed is-type-video is-provider-youtube wp-block-embed-youtube wp-embed-aspect-16-9 wp-has-aspect-ratio\"><div class=\"wp-block-embed__wrapper\">\n<iframe loading=\"lazy\" title=\"Patrones Deben INSCRIBIR Retroactivamente en el IMSS a Trabajadores FALLECIDOS...!!!\" width=\"640\" height=\"360\" src=\"https:\/\/www.youtube.com\/embed\/ny1r-2MR-Y8?feature=oembed\" frameborder=\"0\" allow=\"accelerometer; autoplay; clipboard-write; encrypted-media; gyroscope; picture-in-picture; web-share\" referrerpolicy=\"strict-origin-when-cross-origin\" allowfullscreen><\/iframe>\n<\/div><\/figure>\n\n\n\n<p>.<\/p>\n\n\n\n<p>Este ANTECEDENTE<\/p>\n\n\n\n<p><strong>Surge<\/strong> despu\u00e9s de que una <strong><mark style=\"background-color:rgba(0, 0, 0, 0)\" class=\"has-inline-color has-vivid-red-color\">Junta Local de Conciliaci\u00f3n y Arbitraje<\/mark><\/strong> <strong>absolvi\u00f3<\/strong> al <strong>patr\u00f3n<\/strong> demandado con referencia a la prestaci\u00f3n la cual consisti\u00f3 en la <strong>inscripci\u00f3n <mark style=\"background-color:#ff6900\" class=\"has-inline-color\">retroactiva<\/mark><\/strong> en el IMSS de un <strong><mark style=\"background-color:#fcb900\" class=\"has-inline-color\">trabajador fallecido<\/mark><\/strong> (esposo de la parte actora), al considerar que <strong>aun cuando no cumpli\u00f3 con la carga de registrarlo<\/strong>, tampoco est\u00e1 obligado<strong><mark style=\"background-color:rgba(0, 0, 0, 0)\" class=\"has-inline-color has-vivid-red-color\"> a darlo de alta si concluy\u00f3 la relaci\u00f3n de trabajo por su fallecimiento<\/mark><\/strong>.<\/p>\n\n\n\n<p>.<\/p>\n\n\n\n<p>La <strong><mark style=\"background-color:rgba(0, 0, 0, 0);color:#1e0294\" class=\"has-inline-color\">Suprema Corte de Justicia<\/mark> <\/strong>a trav\u00e9s de su Tribunal Colegiado <strong><mark style=\"background-color:rgba(0, 0, 0, 0);color:#700202\" class=\"has-inline-color\">DETERMIN\u00d3<\/mark><\/strong> que el <mark style=\"background-color:#ed9b60\" class=\"has-inline-color\"><strong>Patr\u00f3n<\/strong> est\u00e1 <strong>obligado<\/strong><\/mark><strong> <\/strong>y por tanto <span style=\"text-decoration: underline;\">debe ser condenado<\/span> a<strong> <mark style=\"background-color:rgba(0, 0, 0, 0);color:#7d0909\" class=\"has-inline-color\">Inscribir Retroactivamente<\/mark><\/strong> en el <mark style=\"background-color:#99ecd8\" class=\"has-inline-color\"><strong>IMSS<\/strong> a quien fue su trabajador, aun cuando <strong>la relaci\u00f3n de trabajo haya concluido por el fallecimiento de \u00e9ste<\/strong><\/mark>.<\/p>\n\n\n\n<p>.<\/p>\n\n\n\n<p class=\"has-text-align-justify\">La Justificaci\u00f3n de la <strong>SCJN <\/strong>es en base a la tesis de jurisprudencia 2a.\/J. 3\/2011, en la que estableci\u00f3 que si una persona reclama su <strong><mark style=\"background-color:rgba(0, 0, 0, 0);color:#730606\" class=\"has-inline-color\">inscripci\u00f3n retroactiva<\/mark><\/strong> al r\u00e9gimen obligatorio del IMSS y en el procedimiento <strong><mark style=\"background-color:rgba(0, 0, 0, 0)\" class=\"has-inline-color has-vivid-red-color\">se demuestra la existencia de la relaci\u00f3n laboral<\/mark><\/strong>, y que el Patr\u00f3n no la inscribi\u00f3 mientras dur\u00f3 el v\u00ednculo y que a la fecha en que se formul\u00f3 la reclamaci\u00f3n ya no existe el nexo laboral, <mark style=\"background-color:rgba(0, 0, 0, 0);color:#bd0e0e\" class=\"has-inline-color\"><strong>debe condenarse al patr\u00f3n a inscribirla<\/strong> <\/mark>y a que <strong><span style=\"text-decoration: underline;\">entere las cuotas obrero patronales respectivas por el tiempo que dur\u00f3 la relaci\u00f3n de trabajo<\/span><\/strong>. <\/p>\n\n\n\n<p class=\"has-text-align-justify\">Por lo tanto, bajo la misma l\u00f3gica, <strong><mark style=\"background-color:rgba(0, 0, 0, 0);color:#920606\" class=\"has-inline-color\">cuando la relaci\u00f3n laboral hubiese concluido por la muerte del trabajador, sin que el patr\u00f3n lo haya inscrito, procede condenarlo a que lo haga retroactivamente<\/mark><\/strong>, pues ese hecho no constituye una raz\u00f3n \u2013legal o material\u2013 para no exigirle que cumpla con la referida obligaci\u00f3n; esto porque en la <span style=\"text-decoration: underline;\">Ley del Seguro Socia<\/span>l <strong><mark style=\"background-color:#f7d67a\" class=\"has-inline-color\">no existe previsi\u00f3n que lo exente de inscribir a los empleados por haber terminado la relaci\u00f3n de trabajo<\/mark><\/strong>, ya sea voluntariamente, por despido o <strong>por fallecimiento<\/strong> de aqu\u00e9llos. <\/p>\n\n\n\n<p class=\"has-text-align-justify\">Adem\u00e1s, el <strong>derecho<\/strong> a la seguridad social <mark style=\"background-color:#7bcc5e\" class=\"has-inline-color\"><strong>no solamente protege a la persona con quien existe la relaci\u00f3n laboral, sino tambi\u00e9n a sus beneficiarios<\/strong>.<\/mark> De modo que, con el fallecimiento del trabajador, \u00e9stos pueden disfrutar de los derechos en materia de seguridad social que les correspondan, como la <strong><mark style=\"background-color:#f1b7c5\" class=\"has-inline-color\">pensi\u00f3n por viudez<\/mark><\/strong>.<\/p>\n\n\n\n<p>.<\/p>\n\n\n\n<p>.<\/p>\n\n\n\n<p>Esta <strong><mark style=\"background-color:#cbbcd9\" class=\"has-inline-color\">RESOLUCI\u00d3N<\/mark> <\/strong>esta <span style=\"text-decoration: underline;\"><strong>disponible<\/strong><\/span> para <strong><mark style=\"background-color:rgba(0, 0, 0, 0);color:#a10c0c\" class=\"has-inline-color\">quien la haga valer<\/mark><\/strong>, a partir de esta semana<\/p>\n\n\n\n<p class=\"has-small-font-size\"><strong><mark style=\"background-color:rgba(0, 0, 0, 0);color:#32055c\" class=\"has-inline-color\">Tesis Laboral<\/mark><\/strong><\/p>\n\n\n\n<p>.<\/p>\n\n\n\n<p>Si estas en el <strong><mark><mark style=\"background-color:#ffffff\" class=\"has-inline-color has-vivid-red-color\">Extranjero<\/mark><mark style=\"background-color:#ffffff\" class=\"has-inline-color\"> <\/mark><\/mark><\/strong>nosotros somos tu<mark style=\"background-color:rgba(0, 0, 0, 0)\" class=\"has-inline-color has-vivid-green-cyan-color\"> <strong>mejor<\/strong><\/mark><mark style=\"background-color:#ffffff\" class=\"has-inline-color\"> alternativa para <\/mark><strong><mark style=\"background-color:#ffffff\" class=\"has-inline-color has-luminous-vivid-orange-color\">velar<\/mark><\/strong><mark style=\"background-color:#ffffff\" class=\"has-inline-color\"> por tus <\/mark><strong><mark style=\"background-color:#ffffff;color:#0c74b0\" class=\"has-inline-color\">intereses<\/mark><\/strong>, escr\u00edbenos o ll\u00e1manos al Tel <strong>55581-11311<\/strong>.<\/p>\n\n\n\n<p class=\"wp-embed-aspect-16-9 wp-has-aspect-ratio\" id=\"block-3f0cb649-4142-417f-be85-20a82a0deacc\">.<\/p>\n\n\n\n<p class=\"wp-embed-aspect-16-9 wp-has-aspect-ratio\" id=\"block-0be85f9b-a54a-48a5-8974-f500a542213b\">Cuando<strong> necesites<\/strong> ayuda, <strong>asistencia<\/strong> o <strong>planeaci\u00f3n<\/strong> legal, <strong>solicita<\/strong> <strong>Cita Privada<\/strong> <a href=\"mailto:bi@sm99.mx\" target=\"_blank\" rel=\"noreferrer noopener\"><strong>Aqu\u00ed<\/strong><\/a><\/p>\n\n\n\n<p class=\"wp-embed-aspect-16-9 wp-has-aspect-ratio\" id=\"block-53241420-9292-48b8-993b-967038d0604a\">La informaci\u00f3n que AQU\u00cd te presentamos <strong>deriva<\/strong> de los <strong>Peri\u00f3dicos Oficiales <\/strong>de la<strong> CdMx<\/strong>, <strong>Estado<\/strong> de Mex., Diario <strong>Oficial<\/strong> de la Federaci\u00f3n, Suprema Corte de<strong> Justicia<\/strong> de la Naci\u00f3n, por lo tanto es de <strong>aplicaci\u00f3n OBLIGATORIA<\/strong>.<\/p>\n\n\n\n<p class=\"wp-embed-aspect-16-9 wp-has-aspect-ratio\" id=\"block-3ea95020-128c-4e7d-9308-d73669c4f2be\">La <strong>informaci\u00f3n<\/strong> de hoy procede de la Suprema Corte de Justicia<\/p>\n\n\n\n<p>.<\/p>\n\n\n\n<p class=\"wp-embed-aspect-16-9 wp-has-aspect-ratio\" id=\"block-3ea95020-128c-4e7d-9308-d73669c4f2be\"><strong><mark style=\"background-color:rgba(0, 0, 0, 0);color:#d9610b\" class=\"has-inline-color\">AYUDANOS<\/mark> <\/strong>para que m\u00e1s personas conozcan esta informaci\u00f3n, comp\u00e1rtela en tus redes sociales.<\/p>\n","protected":false},"excerpt":{"rendered":"<p>Views: 50 . . Este ANTECEDENTE Surge despu\u00e9s de que una Junta Local de Conciliaci\u00f3n y Arbitraje absolvi\u00f3 al patr\u00f3n demandado con referencia a la prestaci\u00f3n la cual consisti\u00f3 en la inscripci\u00f3n retroactiva en el IMSS de un trabajador fallecido (esposo de la parte actora), al considerar que aun cuando no cumpli\u00f3 con la carga [&hellip;]<\/p>\n","protected":false},"author":3,"featured_media":27785,"comment_status":"closed","ping_status":"open","sticky":false,"template":"","format":"standard","meta":{"_jetpack_memberships_contains_paid_content":false,"footnotes":""},"categories":[4],"tags":[],"jetpack_sharing_enabled":true,"jetpack_featured_media_url":"https:\/\/www.salgadonoticias.com\/wp-content\/uploads\/2024\/05\/imss.jpg","_links":{"self":[{"href":"https:\/\/www.salgadonoticias.com\/index.php?rest_route=\/wp\/v2\/posts\/27774"}],"collection":[{"href":"https:\/\/www.salgadonoticias.com\/index.php?rest_route=\/wp\/v2\/posts"}],"about":[{"href":"https:\/\/www.salgadonoticias.com\/index.php?rest_route=\/wp\/v2\/types\/post"}],"author":[{"embeddable":true,"href":"https:\/\/www.salgadonoticias.com\/index.php?rest_route=\/wp\/v2\/users\/3"}],"replies":[{"embeddable":true,"href":"https:\/\/www.salgadonoticias.com\/index.php?rest_route=%2Fwp%2Fv2%2Fcomments&post=27774"}],"version-history":[{"count":9,"href":"https:\/\/www.salgadonoticias.com\/index.php?rest_route=\/wp\/v2\/posts\/27774\/revisions"}],"predecessor-version":[{"id":27805,"href":"https:\/\/www.salgadonoticias.com\/index.php?rest_route=\/wp\/v2\/posts\/27774\/revisions\/27805"}],"wp:featuredmedia":[{"embeddable":true,"href":"https:\/\/www.salgadonoticias.com\/index.php?rest_route=\/wp\/v2\/media\/27785"}],"wp:attachment":[{"href":"https:\/\/www.salgadonoticias.com\/index.php?rest_route=%2Fwp%2Fv2%2Fmedia&parent=27774"}],"wp:term":[{"taxonomy":"category","embeddable":true,"href":"https:\/\/www.salgadonoticias.com\/index.php?rest_route=%2Fwp%2Fv2%2Fcategories&post=27774"},{"taxonomy":"post_tag","embeddable":true,"href":"https:\/\/www.salgadonoticias.com\/index.php?rest_route=%2Fwp%2Fv2%2Ftags&post=27774"}],"curies":[{"name":"wp","href":"https:\/\/api.w.org\/{rel}","templated":true}]}}