{"id":27794,"date":"2024-05-03T00:30:00","date_gmt":"2024-05-03T05:30:00","guid":{"rendered":"https:\/\/www.salgadonoticias.com\/?p=27794"},"modified":"2024-05-03T18:10:10","modified_gmt":"2024-05-03T23:10:10","slug":"27794","status":"publish","type":"post","link":"https:\/\/www.salgadonoticias.com\/?p=27794","title":{"rendered":"Requerimientos de PAGO y EMBARGOS deben ser en el DOMICILIO de los Demandados\u2026!!!"},"content":{"rendered":"<p>Views: 21<\/p>\n<p>.<\/p>\n\n\n\n<figure class=\"wp-block-embed is-type-video is-provider-youtube wp-block-embed-youtube wp-embed-aspect-16-9 wp-has-aspect-ratio\"><div class=\"wp-block-embed__wrapper\">\n<iframe loading=\"lazy\" title=\"Requerimiento de PAGO y EMBARGOS deben ser en el DOMICILIO de los Demandados...!!!\" width=\"640\" height=\"360\" src=\"https:\/\/www.youtube.com\/embed\/6XDwz8nkkgo?feature=oembed\" frameborder=\"0\" allow=\"accelerometer; autoplay; clipboard-write; encrypted-media; gyroscope; picture-in-picture; web-share\" referrerpolicy=\"strict-origin-when-cross-origin\" allowfullscreen><\/iframe>\n<\/div><\/figure>\n\n\n\n<p>.<\/p>\n\n\n\n<p>Este ANTECEDENTE<\/p>\n\n\n\n<p class=\"has-text-align-justify\"><strong>Surge <\/strong>despu\u00e9s de que <strong><mark style=\"background-color:rgba(0, 0, 0, 0)\" class=\"has-inline-color has-vivid-red-color\">se reclam\u00f3<\/mark> en un juicio de amparo<\/strong> la decisi\u00f3n del recurso de apelaci\u00f3n interpuesto <strong><mark style=\"background-color:#ff6900\" class=\"has-inline-color\">en contra<\/mark><\/strong> de la resoluci\u00f3n interlocutoria que declar\u00f3 <strong>improcedente el incidente de <mark style=\"background-color:#fcb900\" class=\"has-inline-color\">nulidad de notificaciones<\/mark><\/strong> planteado en la etapa de <strong><mark style=\"background-color:rgba(0, 0, 0, 0)\" class=\"has-inline-color has-vivid-red-color\">ejecuci\u00f3n de sentencia<\/mark><\/strong> en el juicio oral ordinario civil, por <strong><mark style=\"background-color:#cf2e2e\" class=\"has-inline-color\">NO haberse realizado el requerimiento de pago y embargo en el domicilio particular de los demandados<\/mark><\/strong>.<\/p>\n\n\n\n<p>.<\/p>\n\n\n\n<p class=\"has-text-align-justify\">La <strong><mark style=\"background-color:rgba(0, 0, 0, 0);color:#1309b7\" class=\"has-inline-color\">Suprema Corte de Justicia<\/mark> <\/strong>a trav\u00e9s del Tribunal Colegiado de Circuito <strong><mark style=\"background-color:rgba(0, 0, 0, 0);color:#820202\" class=\"has-inline-color\">DETERMIN\u00d3<\/mark><\/strong> que los <strong><mark style=\"background-color:#c4d8ea\" class=\"has-inline-color\">Requerimiento de PAGO y EMBARGO<\/mark><\/strong> en la ejecuci\u00f3n de sentencia de los <strong>juicios<\/strong> orales ordinarios <strong>civiles<\/strong>, <mark style=\"background-color:#f03434\" class=\"has-inline-color has-white-color\"><strong>DEBEN realizarse<\/strong> <span style=\"text-decoration: underline;\">DIRECTAMENTE<\/span> en el <strong>domicilio de la persona demandada<\/strong>.<\/mark><\/p>\n\n\n\n<p>.<\/p>\n\n\n\n<p class=\"has-text-align-justify\">La justificaci\u00f3n de la <strong><mark style=\"background-color:rgba(0, 0, 0, 0);color:#180695\" class=\"has-inline-color\">SCJN<\/mark> <\/strong>es que conforme al art\u00edculo 517 del C\u00f3digo de Procedimientos Civiles (Chihuahua), <mark style=\"background-color:#fada82\" class=\"has-inline-color\"><strong>decretado el auto de ejecuci\u00f3n<\/strong> se <strong>requerir\u00e1 de pago a la persona deudora<\/strong><\/mark> y, s<span style=\"text-decoration: underline;\">i no lo realiza en el acto, se proceder\u00e1 a embargar bienes de su propiedad bastantes para cubrir las prestaciones demandadas<\/span> si se tratase de acci\u00f3n ejecutiva, o las fijadas en la sentencia o en el propio auto de ejecuci\u00f3n. El diverso 518 del mismo ordenamiento prev\u00e9 que si en ejecuci\u00f3n de sentencia la <strong><mark style=\"background-color:rgba(0, 0, 0, 0);color:#980202\" class=\"has-inline-color\">persona condenada no fuere hallada<\/mark><\/strong> a la primera b\u00fasqueda, se le dejar\u00e1 citatorio para hora fija del siguiente d\u00eda h\u00e1bil a fin de que espere al ejecuto<strong>r<\/strong>, si no lo hace <mark style=\"background-color:rgba(0, 0, 0, 0);color:#b30303\" class=\"has-inline-color\"><strong>se proceder\u00e1 al embargo de bienes<\/strong>, teni\u00e9ndose por <strong>renunciado su derecho a designar los que deben secuestrarse<\/strong><\/mark>. De dichas disposiciones se advierte impl\u00edcita la <strong><mark style=\"background-color:#9ec8e3\" class=\"has-inline-color\">obligaci\u00f3n de que la diligencia de requerimiento de pago y embargo en ejecuci\u00f3n de sentencia deba ser en el domicilio de la deudora y\/o condenada<\/mark><\/strong> (parte demandada en el juicio de origen), y as\u00ed respetar las formalidades esenciales en el procedimiento y que \u00e9sta se encuentre en posibilidad de se\u00f1alar bienes de su propiedad, pues <strong><mark style=\"background-color:#f4b180\" class=\"has-inline-color\">al llevarse a cabo en su domicilio personal, se brinda un derecho de audiencia m\u00e1s amplio<\/mark><\/strong>.<\/p>\n\n\n\n<p>.<\/p>\n\n\n\n<p>Esta <strong>RESOLUCI\u00d3N<\/strong> est\u00e1 <strong><mark style=\"background-color:rgba(0, 0, 0, 0);color:#9c0140\" class=\"has-inline-color\">disponible para quien la haga valer<\/mark><\/strong> a partir de esta semana.<\/p>\n\n\n\n<p class=\"has-small-font-size\"><strong><mark style=\"background-color:rgba(0, 0, 0, 0);color:#500992\" class=\"has-inline-color\">Tesis Civil.<\/mark><\/strong><\/p>\n\n\n\n<p>.<\/p>\n\n\n\n<p>Si estas en el <strong><mark><mark style=\"background-color:#ffffff\" class=\"has-inline-color has-vivid-red-color\">Extranjero<\/mark><mark style=\"background-color:#ffffff\" class=\"has-inline-color\"> <\/mark><\/mark><\/strong>nosotros somos tu<mark style=\"background-color:rgba(0, 0, 0, 0)\" class=\"has-inline-color has-vivid-green-cyan-color\"> <strong>mejor<\/strong><\/mark><mark style=\"background-color:#ffffff\" class=\"has-inline-color\"> alternativa para <\/mark><strong><mark style=\"background-color:#ffffff\" class=\"has-inline-color has-luminous-vivid-orange-color\">velar<\/mark><\/strong><mark style=\"background-color:#ffffff\" class=\"has-inline-color\"> por tus <\/mark><strong><mark style=\"background-color:#ffffff;color:#0c74b0\" class=\"has-inline-color\">intereses<\/mark><\/strong>, escr\u00edbenos o ll\u00e1manos al Tel <strong>55581-11311<\/strong>.<\/p>\n\n\n\n<p class=\"wp-embed-aspect-16-9 wp-has-aspect-ratio\" id=\"block-3f0cb649-4142-417f-be85-20a82a0deacc\">.<\/p>\n\n\n\n<p class=\"wp-embed-aspect-16-9 wp-has-aspect-ratio\" id=\"block-0be85f9b-a54a-48a5-8974-f500a542213b\">Cuando<strong> necesites<\/strong> ayuda, <strong>asistencia<\/strong> o <strong>planeaci\u00f3n<\/strong> legal, <strong>solicita<\/strong> <strong>Cita Privada<\/strong> <a href=\"mailto:bi@sm99.mx\" target=\"_blank\" rel=\"noreferrer noopener\"><strong>Aqu\u00ed<\/strong><\/a><\/p>\n\n\n\n<p class=\"wp-embed-aspect-16-9 wp-has-aspect-ratio\" id=\"block-53241420-9292-48b8-993b-967038d0604a\">La informaci\u00f3n que AQU\u00cd te presentamos <strong>deriva<\/strong> de los <strong>Peri\u00f3dicos Oficiales <\/strong>de la<strong> CdMx<\/strong>, <strong>Estado<\/strong> de Mex., Diario <strong>Oficial<\/strong> de la Federaci\u00f3n, Suprema Corte de<strong> Justicia<\/strong> de la Naci\u00f3n, por lo tanto es de <strong>aplicaci\u00f3n OBLIGATORIA<\/strong>.<\/p>\n\n\n\n<p class=\"wp-embed-aspect-16-9 wp-has-aspect-ratio\" id=\"block-3ea95020-128c-4e7d-9308-d73669c4f2be\">La <strong>informaci\u00f3n<\/strong> de hoy procede de la Suprema Corte de Justicia<\/p>\n\n\n\n<p>.<\/p>\n\n\n\n<p class=\"wp-embed-aspect-16-9 wp-has-aspect-ratio\" id=\"block-3ea95020-128c-4e7d-9308-d73669c4f2be\"><strong><mark style=\"background-color:rgba(0, 0, 0, 0);color:#d9610b\" class=\"has-inline-color\">AYUDANOS<\/mark> <\/strong>para que m\u00e1s personas conozcan esta informaci\u00f3n, comp\u00e1rtela en tus redes sociales.<\/p>\n","protected":false},"excerpt":{"rendered":"<p>Views: 21 . . Este ANTECEDENTE Surge despu\u00e9s de que se reclam\u00f3 en un juicio de amparo la decisi\u00f3n del recurso de apelaci\u00f3n interpuesto en contra de la resoluci\u00f3n interlocutoria que declar\u00f3 improcedente el incidente de nulidad de notificaciones planteado en la etapa de ejecuci\u00f3n de sentencia en el juicio oral ordinario civil, por NO [&hellip;]<\/p>\n","protected":false},"author":3,"featured_media":27801,"comment_status":"closed","ping_status":"open","sticky":false,"template":"","format":"standard","meta":{"_jetpack_memberships_contains_paid_content":false,"footnotes":""},"categories":[4],"tags":[],"jetpack_sharing_enabled":true,"jetpack_featured_media_url":"https:\/\/www.salgadonoticias.com\/wp-content\/uploads\/2024\/05\/embargo.jpg","_links":{"self":[{"href":"https:\/\/www.salgadonoticias.com\/index.php?rest_route=\/wp\/v2\/posts\/27794"}],"collection":[{"href":"https:\/\/www.salgadonoticias.com\/index.php?rest_route=\/wp\/v2\/posts"}],"about":[{"href":"https:\/\/www.salgadonoticias.com\/index.php?rest_route=\/wp\/v2\/types\/post"}],"author":[{"embeddable":true,"href":"https:\/\/www.salgadonoticias.com\/index.php?rest_route=\/wp\/v2\/users\/3"}],"replies":[{"embeddable":true,"href":"https:\/\/www.salgadonoticias.com\/index.php?rest_route=%2Fwp%2Fv2%2Fcomments&post=27794"}],"version-history":[{"count":6,"href":"https:\/\/www.salgadonoticias.com\/index.php?rest_route=\/wp\/v2\/posts\/27794\/revisions"}],"predecessor-version":[{"id":27828,"href":"https:\/\/www.salgadonoticias.com\/index.php?rest_route=\/wp\/v2\/posts\/27794\/revisions\/27828"}],"wp:featuredmedia":[{"embeddable":true,"href":"https:\/\/www.salgadonoticias.com\/index.php?rest_route=\/wp\/v2\/media\/27801"}],"wp:attachment":[{"href":"https:\/\/www.salgadonoticias.com\/index.php?rest_route=%2Fwp%2Fv2%2Fmedia&parent=27794"}],"wp:term":[{"taxonomy":"category","embeddable":true,"href":"https:\/\/www.salgadonoticias.com\/index.php?rest_route=%2Fwp%2Fv2%2Fcategories&post=27794"},{"taxonomy":"post_tag","embeddable":true,"href":"https:\/\/www.salgadonoticias.com\/index.php?rest_route=%2Fwp%2Fv2%2Ftags&post=27794"}],"curies":[{"name":"wp","href":"https:\/\/api.w.org\/{rel}","templated":true}]}}