{"id":27821,"date":"2024-05-04T00:23:00","date_gmt":"2024-05-04T05:23:00","guid":{"rendered":"https:\/\/www.salgadonoticias.com\/?p=27821"},"modified":"2024-05-03T17:36:29","modified_gmt":"2024-05-03T22:36:29","slug":"mujeres-y-hombre-con-derecho-a-reclamar-compensacion-economica","status":"publish","type":"post","link":"https:\/\/www.salgadonoticias.com\/?p=27821","title":{"rendered":"Mujeres y Hombre con DERECHO a Reclamar Compensaci\u00f3n Econ\u00f3mica&#8230;!!!"},"content":{"rendered":"<p>Views: 4<\/p>\n<p>.<\/p>\n\n\n\n<p>El ANTECEDENTE<\/p>\n\n\n\n<p>.<\/p>\n\n\n\n<p class=\"has-text-align-justify\">Surge luego de que la Primera Sala revis\u00f3 una sentencia de amparo relacionada con un juicio familiar en el que un <strong>hombre<\/strong> le RECLAM\u00d3 a su <strong>exconcubina<\/strong> que le <strong>pagara<\/strong> una pensi\u00f3n compensatoria y una <strong>compensaci\u00f3n econ\u00f3mica<\/strong>, debido a que durante su relaci\u00f3n se dedic\u00f3 a realizar las labores de la casa y del cuidado de su hija e hijo. El Juez y la Sala familiar <strong>rechazaron su solicitud<\/strong>, esto porque el <strong>se\u00f1or no demostr\u00f3<\/strong> que <strong>carec\u00eda<\/strong> de <strong>recursos econ\u00f3micos<\/strong> para satisfacer sus necesidades b\u00e1sicas y menos el desempe\u00f1o de dichas actividades fuera su principal ocupaci\u00f3n durante el concubinato.<\/p>\n\n\n\n<p class=\"has-text-align-justify\">Ante la negativa el se\u00f1or promovi\u00f3 un juicio de amparo directo en el que reclam\u00f3 la inconstitucionalidad del art\u00edculo 342-A del C\u00f3digo Civil en este caso para el Estado de Guanajuato, conforme al cual es posible reclamar una compensaci\u00f3n econ\u00f3mica al t\u00e9rmino del matrimonio o concubinato. Esto porque consider\u00f3 que es discriminatorio, ya que part\u00eda de la idea de que el \u00fanico rol del hombre en la familia era como proveedor econ\u00f3mico, por lo que no era posible que \u00e9l se hubiera dedicado a las tareas de la casa y al cuidado de su hijo e hija.<\/p>\n\n\n\n<p>.<\/p>\n\n\n\n<p class=\"has-text-align-justify\">La <strong>Suprema Corte de Justicia <\/strong>ante lo anterior de <strong><mark style=\"background-color:rgba(0, 0, 0, 0);color:#8a0707\" class=\"has-inline-color\">DETERMIN\u00d3<\/mark> <\/strong>que el art\u00edculo en menci\u00f3n <strong><mark style=\"background-color:#e0b232\" class=\"has-inline-color\">NO es DISCRIMINATORIO en raz\u00f3n de g\u00e9nero<\/mark><\/strong>, debido a que ambos <strong><mark style=\"background-color:rgba(0, 0, 0, 0);color:#b60404\" class=\"has-inline-color\">concubinos pueden solicitar una compensaci\u00f3n econ\u00f3mica<\/mark><\/strong>, <strong><mark style=\"background-color:#96f2cd\" class=\"has-inline-color\">siempre y cuando las labores del hogar y de cuidado hubieran sido su principal ocupaci\u00f3n durante la relaci\u00f3n<\/mark><\/strong>.<\/p>\n\n\n\n<p>.<\/p>\n\n\n\n<p class=\"has-text-align-justify\">La justificaci\u00f3n de la <strong><mark style=\"background-color:rgba(0, 0, 0, 0);color:#1d038a\" class=\"has-inline-color\">SCJN<\/mark><\/strong> es que el <mark style=\"background-color:#d1dde7\" class=\"has-inline-color has-black-color\">art\u00edculo impugnado est\u00e1 redactado en lenguaje <strong>neutro<\/strong><\/mark> conforme al cual <mark style=\"background-color:rgba(0, 0, 0, 0);color:#10057a\" class=\"has-inline-color\"><strong>\u201ccualquiera\u201d de los c\u00f3nyuges o concubinos \u2014sean mujeres, hombres o personas de la diversidad sexo-gen\u00e9rica<\/strong><\/mark>\u2014, <mark style=\"background-color:#e69aad\" class=\"has-inline-color\"><strong>puede acceder en condiciones <\/strong>de igualdad a este <strong>mecanismo compensatorio<\/strong>.<\/mark><\/p>\n\n\n\n<p class=\"has-text-align-justify\"><strong>Destacando<\/strong> que la <strong>norma no asume, a partir de un prejuicio o estereotipo de g\u00e9nero,<\/strong> que la mujer desempe\u00f1\u00f3 las labores del hogar y la crianza \u2013legitim\u00e1ndola como la \u00fanica apta para solicitar la compensaci\u00f3n econ\u00f3mica\u2014, ni tampoco que el hombre fue el \u00fanico proveedor econ\u00f3mico durante la relaci\u00f3n de matrimonio o concubinato y, por ende, el \u00fanico obligado a pagarla.<\/p>\n\n\n\n<p>.<\/p>\n\n\n\n<p class=\"has-text-align-justify\">As\u00ed, se concluye que <strong><mark style=\"background-color:#f0a773\" class=\"has-inline-color\">la norma NO condiciona<\/mark><\/strong>, con base en un <strong><mark style=\"background-color:#caed53\" class=\"has-inline-color\">estereotipo de g\u00e9nero<\/mark><\/strong>, el <strong><mark style=\"background-color:rgba(0, 0, 0, 0);color:#870373\" class=\"has-inline-color\">acceso a una compensaci\u00f3n econ\u00f3mica<\/mark>,<\/strong> pues para ello, lo <strong>verdaderamente relevante es <mark style=\"background-color:#c1f4e0\" class=\"has-inline-color\">demostrar que la persona que realiz\u00f3 las labores del hogar y de cuidado qued\u00f3 en desventaja econ\u00f3mica y patrimonial<\/mark><\/strong> al t\u00e9rmino de la relaci\u00f3n por no haberse dedicado a un trabajo remunerado de la misma manera que lo hizo su pareja.<\/p>\n\n\n\n<p>.<\/p>\n\n\n\n<p>.<\/p>\n\n\n\n<p>Si estas en el <strong><mark><mark style=\"background-color:#ffffff\" class=\"has-inline-color has-vivid-red-color\">Extranjero<\/mark><mark style=\"background-color:#ffffff\" class=\"has-inline-color\"> <\/mark><\/mark><\/strong>nosotros somos tu<mark style=\"background-color:rgba(0, 0, 0, 0)\" class=\"has-inline-color has-vivid-green-cyan-color\"> <strong>mejor<\/strong><\/mark><mark style=\"background-color:#ffffff\" class=\"has-inline-color\"> alternativa para <\/mark><strong><mark style=\"background-color:#ffffff\" class=\"has-inline-color has-luminous-vivid-orange-color\">velar<\/mark><\/strong><mark style=\"background-color:#ffffff\" class=\"has-inline-color\"> por tus <\/mark><strong><mark style=\"background-color:#ffffff;color:#0c74b0\" class=\"has-inline-color\">intereses<\/mark><\/strong>, escr\u00edbenos o ll\u00e1manos al Tel <strong>55581-11311<\/strong>.<\/p>\n\n\n\n<p class=\"wp-embed-aspect-16-9 wp-has-aspect-ratio\" id=\"block-3f0cb649-4142-417f-be85-20a82a0deacc\">.<\/p>\n\n\n\n<p class=\"wp-embed-aspect-16-9 wp-has-aspect-ratio\" id=\"block-0be85f9b-a54a-48a5-8974-f500a542213b\">Cuando<strong> necesites<\/strong> ayuda, <strong>asistencia<\/strong> o <strong>planeaci\u00f3n<\/strong> legal, <strong>solicita<\/strong> <strong>Cita Privada<\/strong> <a href=\"mailto:bi@sm99.mx\" target=\"_blank\" rel=\"noreferrer noopener\"><strong>Aqu\u00ed<\/strong><\/a><\/p>\n\n\n\n<p class=\"wp-embed-aspect-16-9 wp-has-aspect-ratio\" id=\"block-53241420-9292-48b8-993b-967038d0604a\">La informaci\u00f3n que AQU\u00cd te presentamos <strong>deriva<\/strong> de los <strong>Peri\u00f3dicos Oficiales <\/strong>de la<strong> CdMx<\/strong>, <strong>Estado<\/strong> de Mex., Diario <strong>Oficial<\/strong> de la Federaci\u00f3n, Suprema Corte de<strong> Justicia<\/strong> de la Naci\u00f3n, por lo tanto es de <strong>aplicaci\u00f3n OBLIGATORIA<\/strong>.<\/p>\n\n\n\n<p class=\"wp-embed-aspect-16-9 wp-has-aspect-ratio\" id=\"block-3ea95020-128c-4e7d-9308-d73669c4f2be\">La <strong>informaci\u00f3n<\/strong> de hoy procede de la Suprema Corte de Justicia<\/p>\n\n\n\n<p>.<\/p>\n\n\n\n<p class=\"wp-embed-aspect-16-9 wp-has-aspect-ratio\" id=\"block-3ea95020-128c-4e7d-9308-d73669c4f2be\"><strong><mark style=\"background-color:rgba(0, 0, 0, 0);color:#d9610b\" class=\"has-inline-color\">AYUDANOS<\/mark> <\/strong>para que m\u00e1s personas conozcan esta informaci\u00f3n, comp\u00e1rtela en tus redes sociales.<\/p>\n","protected":false},"excerpt":{"rendered":"<p>Views: 4 . El ANTECEDENTE . Surge luego de que la Primera Sala revis\u00f3 una sentencia de amparo relacionada con un juicio familiar en el que un hombre le RECLAM\u00d3 a su exconcubina que le pagara una pensi\u00f3n compensatoria y una compensaci\u00f3n econ\u00f3mica, debido a que durante su relaci\u00f3n se dedic\u00f3 a realizar las labores [&hellip;]<\/p>\n","protected":false},"author":3,"featured_media":27822,"comment_status":"closed","ping_status":"open","sticky":false,"template":"","format":"standard","meta":{"_jetpack_memberships_contains_paid_content":false,"footnotes":""},"categories":[4],"tags":[],"jetpack_sharing_enabled":true,"jetpack_featured_media_url":"https:\/\/www.salgadonoticias.com\/wp-content\/uploads\/2024\/05\/compensacion.webp","_links":{"self":[{"href":"https:\/\/www.salgadonoticias.com\/index.php?rest_route=\/wp\/v2\/posts\/27821"}],"collection":[{"href":"https:\/\/www.salgadonoticias.com\/index.php?rest_route=\/wp\/v2\/posts"}],"about":[{"href":"https:\/\/www.salgadonoticias.com\/index.php?rest_route=\/wp\/v2\/types\/post"}],"author":[{"embeddable":true,"href":"https:\/\/www.salgadonoticias.com\/index.php?rest_route=\/wp\/v2\/users\/3"}],"replies":[{"embeddable":true,"href":"https:\/\/www.salgadonoticias.com\/index.php?rest_route=%2Fwp%2Fv2%2Fcomments&post=27821"}],"version-history":[{"count":3,"href":"https:\/\/www.salgadonoticias.com\/index.php?rest_route=\/wp\/v2\/posts\/27821\/revisions"}],"predecessor-version":[{"id":27826,"href":"https:\/\/www.salgadonoticias.com\/index.php?rest_route=\/wp\/v2\/posts\/27821\/revisions\/27826"}],"wp:featuredmedia":[{"embeddable":true,"href":"https:\/\/www.salgadonoticias.com\/index.php?rest_route=\/wp\/v2\/media\/27822"}],"wp:attachment":[{"href":"https:\/\/www.salgadonoticias.com\/index.php?rest_route=%2Fwp%2Fv2%2Fmedia&parent=27821"}],"wp:term":[{"taxonomy":"category","embeddable":true,"href":"https:\/\/www.salgadonoticias.com\/index.php?rest_route=%2Fwp%2Fv2%2Fcategories&post=27821"},{"taxonomy":"post_tag","embeddable":true,"href":"https:\/\/www.salgadonoticias.com\/index.php?rest_route=%2Fwp%2Fv2%2Ftags&post=27821"}],"curies":[{"name":"wp","href":"https:\/\/api.w.org\/{rel}","templated":true}]}}