{"id":27843,"date":"2024-05-08T00:19:00","date_gmt":"2024-05-08T05:19:00","guid":{"rendered":"https:\/\/www.salgadonoticias.com\/?p=27843"},"modified":"2024-05-08T17:05:16","modified_gmt":"2024-05-08T22:05:16","slug":"27843","status":"publish","type":"post","link":"https:\/\/www.salgadonoticias.com\/?p=27843","title":{"rendered":"CINCO y No 2 a\u00f1os el plazo de Prescripci\u00f3n para Reclamar responsabilidad de da\u00f1os\u2026!!!"},"content":{"rendered":"<p>Views: 9<\/p>\n<p>.<\/p>\n\n\n\n<figure class=\"wp-block-embed is-type-video is-provider-youtube wp-block-embed-youtube wp-embed-aspect-16-9 wp-has-aspect-ratio\"><div class=\"wp-block-embed__wrapper\">\n<iframe loading=\"lazy\" title=\"CINCO y No 2 a\u00f1os el Plazo de Prescripci\u00f3n para Reclamar responsabilidad de da\u00f1os...!!!\" width=\"640\" height=\"360\" src=\"https:\/\/www.youtube.com\/embed\/XdTW7LBRBzY?feature=oembed\" frameborder=\"0\" allow=\"accelerometer; autoplay; clipboard-write; encrypted-media; gyroscope; picture-in-picture; web-share\" referrerpolicy=\"strict-origin-when-cross-origin\" allowfullscreen><\/iframe>\n<\/div><\/figure>\n\n\n\n<p>.<\/p>\n\n\n\n<p>El <strong>ANTECEDENTE<\/strong><strong><\/strong><\/p>\n\n\n\n<p><strong>Surge <\/strong>luego de que una aseguradora emiti\u00f3 una <strong>cobertura<\/strong> a favor de una <strong>carretera federal <\/strong>para responder por los <strong>da\u00f1os <\/strong>que los <strong>usuarios <\/strong>provocaran <strong>a terceros <\/strong>mientras circularan por ell.<\/p>\n\n\n\n<p>Un <strong>usuario <\/strong>de la carretera <strong>atropell\u00f3 a una persona <\/strong>la cual <strong>falleci\u00f3.<\/strong><strong><\/strong><\/p>\n\n\n\n<p>Los <strong>familiares del fallecido demandaron <\/strong>a la <strong>aseguradora<\/strong> por el <strong>pago de la reparaci\u00f3n del da\u00f1o<\/strong> que la p\u00f3liza cubr\u00eda. Se dict\u00f3 sentencia, condenado a la compa\u00f1\u00eda de seguros a pagar la cantidad demandada, ante esto \u00e9sta promovi\u00f3 juicio de amparo alegando que la acci\u00f3n hab\u00eda prescrito debido a que la demanda se present\u00f3 fuera del plazo de dos a\u00f1os que estable el art\u00edculo 81, fracc. II de la Ley sobre el Contrato de Seguro<\/p>\n\n\n\n<p>.<\/p>\n\n\n\n<p class=\"has-text-align-justify\">La <strong>Suprema Corte de Justicia <\/strong>a trav\u00e9s de su Primera Sala <strong><mark style=\"background-color:rgba(0, 0, 0, 0);color:#960202\" class=\"has-inline-color\">DETERMIN\u00d3<\/mark><\/strong> que el <mark style=\"background-color:#abf1d5\" class=\"has-inline-color\"><strong>plazo <\/strong>para <strong>reclamar la responsabilidad de da\u00f1os<\/strong> a una <strong>Seguradora<\/strong><\/mark> DEBER ser de<mark style=\"background-color:rgba(0, 0, 0, 0);color:#048a01\" class=\"has-inline-color\"> <strong>CINCO a\u00f1os <\/strong>y NO<strong> de dos<\/strong><\/mark><strong> <\/strong>como prev\u00e9 el art. 81, fracc. II, de la Ley sobre el Contrato de Seguro lo cual <strong><mark style=\"background-color:#eab6c3\" class=\"has-inline-color\">es desproporcional FRENTE al Derecho de acceso a la justicia cuando la parte actora es la beneficiaria de un contrato de seguro<\/mark><\/strong> contra la responsabilidad por da\u00f1os a terceros, en donde ese tercero perdi\u00f3 la vida.<\/p>\n\n\n\n<p>.<\/p>\n\n\n\n<p class=\"has-text-align-justify\">La justificaci\u00f3n de la <strong><mark style=\"background-color:rgba(0, 0, 0, 0);color:#061084\" class=\"has-inline-color\">SCJN<\/mark>, <\/strong>es que el art. 81, fracc. II, de la Ley en menci\u00f3n, el cual establece un <mark style=\"background-color:rgba(0, 0, 0, 0);color:#41037b\" class=\"has-inline-color\"><strong>plazo<\/strong> de <strong>prescripci\u00f3n<\/strong> <\/mark><mark style=\"background-color:rgba(0, 0, 0, 0)\" class=\"has-inline-color has-black-color\">relativamente breve de<\/mark><mark style=\"background-color:rgba(0, 0, 0, 0);color:#41037b\" class=\"has-inline-color\"> <strong>dos a\u00f1os<\/strong><\/mark>, con la <em>finalidad de otorgar seguridad y certeza jur\u00eddica a la aseguradora que, a consecuencia de un siniestro, se ve obligada a responder por los da\u00f1os que el asegurado ocasion\u00f3 a un tercero<\/em>, <em>en el caso de los seguros contra la responsabilidad por da\u00f1os<\/em>. Sin embargo, tal <mark style=\"background-color:#f4b588\" class=\"has-inline-color\"><strong>plazo de prescripci\u00f3n<\/strong> <em><u>s\u00f3lo es proporcional cuando la afectaci\u00f3n que la parte actora reclama a la aseguradora en un juicio mercantil se sustenta en derechos de naturaleza meramente patrimonial<\/u><\/em>. Esto <strong>no sucede cuando la afectaci\u00f3n recae en derechos tan fundamentales como la vida<\/strong><\/mark>, pues son de mayor entidad que aquellos que pretende proteger la prescripci\u00f3n de breve plazo.<\/p>\n\n\n\n<p class=\"has-text-align-justify\">De esta manera, al menos por equidad, los juzgados <strong>DEBEN permitir<\/strong> que las <strong><mark style=\"background-color:#a6cef1\" class=\"has-inline-color\">personas que resienten una afectaci\u00f3n a sus derechos<\/mark><\/strong> tan fundamentales reciban un trato m\u00e1s ben\u00e9fico. Por lo tanto, en este tipo de casos, <strong><mark style=\"background-color:#f4ce64\" class=\"has-inline-color\">deben atender el plazo de prescripci\u00f3n de CINCO a\u00f1os previsto en la fracci\u00f3n I del mismo art\u00edculo<\/mark><\/strong>, pues<em> <strong>a pesar de que el legislador lo cre\u00f3 para los contratos de seguro de vida<\/strong>,<\/em> esto porque <strong>e<\/strong><mark style=\"background-color:#b1ecd5\" class=\"has-inline-color\"><strong>xiste un punto de coincidencia con los seguros contra la responsabilidad por da\u00f1os<\/strong>: <strong>ambos pueden cubrir fallecimientos<\/strong> <\/mark>y entre sus objetivos est\u00e1 evitar el desamparo de la familia o dependientes del fallecido, ya sea el asegurado \u2013seguro de vida\u2013 o el tercero \u2013seguro de da\u00f1os\u2013.<\/p>\n\n\n\n<p>.<\/p>\n\n\n\n<p>.<\/p>\n\n\n\n<p>Esta <strong><mark style=\"background-color:#40a310\" class=\"has-inline-color\">RESOLUCI\u00d3N<\/mark> <\/strong>es de <strong>aplicaci\u00f3n <mark style=\"background-color:rgba(0, 0, 0, 0);color:#b90909\" class=\"has-inline-color\">OBLIGATORIA<\/mark> <\/strong>a partir de esta semana en todo el pa\u00eds.<\/p>\n\n\n\n<p class=\"has-small-font-size\"><strong><mark style=\"background-color:rgba(0, 0, 0, 0);color:#820121\" class=\"has-inline-color\">Jurisprudencia Civil<\/mark><\/strong><\/p>\n\n\n\n<p>.<\/p>\n\n\n\n<p>Si estas en el <strong><mark><mark style=\"background-color:#ffffff\" class=\"has-inline-color has-vivid-red-color\">Extranjero<\/mark><mark style=\"background-color:#ffffff\" class=\"has-inline-color\"> <\/mark><\/mark><\/strong>nosotros somos tu<mark style=\"background-color:rgba(0, 0, 0, 0)\" class=\"has-inline-color has-vivid-green-cyan-color\"> <strong>mejor<\/strong><\/mark><mark style=\"background-color:#ffffff\" class=\"has-inline-color\"> alternativa para <\/mark><strong><mark style=\"background-color:#ffffff\" class=\"has-inline-color has-luminous-vivid-orange-color\">velar<\/mark><\/strong><mark style=\"background-color:#ffffff\" class=\"has-inline-color\"> por tus <\/mark><strong><mark style=\"background-color:#ffffff;color:#0c74b0\" class=\"has-inline-color\">intereses<\/mark><\/strong>, escr\u00edbenos o ll\u00e1manos al Tel <strong>55581-11311<\/strong>.<\/p>\n\n\n\n<p class=\"wp-embed-aspect-16-9 wp-has-aspect-ratio\" id=\"block-3f0cb649-4142-417f-be85-20a82a0deacc\">.<\/p>\n\n\n\n<p class=\"wp-embed-aspect-16-9 wp-has-aspect-ratio\" id=\"block-0be85f9b-a54a-48a5-8974-f500a542213b\">Cuando<strong> necesites<\/strong> ayuda, <strong>asistencia<\/strong> o <strong>planeaci\u00f3n<\/strong> legal, <strong>solicita<\/strong> <strong>Cita Privada<\/strong> <a href=\"mailto:bi@sm99.mx\" target=\"_blank\" rel=\"noreferrer noopener\"><strong>Aqu\u00ed<\/strong><\/a><\/p>\n\n\n\n<p class=\"wp-embed-aspect-16-9 wp-has-aspect-ratio\" id=\"block-53241420-9292-48b8-993b-967038d0604a\">La informaci\u00f3n que AQU\u00cd te presentamos <strong>deriva<\/strong> de los <strong>Peri\u00f3dicos Oficiales <\/strong>de la<strong> CdMx<\/strong>, <strong>Estado<\/strong> de Mex., Diario <strong>Oficial<\/strong> de la Federaci\u00f3n, Suprema Corte de<strong> Justicia<\/strong> de la Naci\u00f3n, por lo tanto es de <strong>aplicaci\u00f3n OBLIGATORIA<\/strong>.<\/p>\n\n\n\n<p class=\"wp-embed-aspect-16-9 wp-has-aspect-ratio\" id=\"block-3ea95020-128c-4e7d-9308-d73669c4f2be\">La <strong>informaci\u00f3n<\/strong> de hoy procede de la Suprema Corte de Justicia de la Naci\u00f3n<\/p>\n\n\n\n<p>.<\/p>\n\n\n\n<p class=\"wp-embed-aspect-16-9 wp-has-aspect-ratio\" id=\"block-3ea95020-128c-4e7d-9308-d73669c4f2be\"><strong><mark style=\"background-color:rgba(0, 0, 0, 0);color:#d9610b\" class=\"has-inline-color\">AYUDANOS<\/mark> <\/strong>para que m\u00e1s personas conozcan esta informaci\u00f3n, comp\u00e1rtela en tus redes sociales.<\/p>\n","protected":false},"excerpt":{"rendered":"<p>Views: 9 . . El ANTECEDENTE Surge luego de que una aseguradora emiti\u00f3 una cobertura a favor de una carretera federal para responder por los da\u00f1os que los usuarios provocaran a terceros mientras circularan por ell. Un usuario de la carretera atropell\u00f3 a una persona la cual falleci\u00f3. Los familiares del fallecido demandaron a la [&hellip;]<\/p>\n","protected":false},"author":3,"featured_media":27851,"comment_status":"closed","ping_status":"open","sticky":false,"template":"","format":"standard","meta":{"_jetpack_memberships_contains_paid_content":false,"footnotes":""},"categories":[4],"tags":[],"jetpack_sharing_enabled":true,"jetpack_featured_media_url":"https:\/\/www.salgadonoticias.com\/wp-content\/uploads\/2024\/05\/tiempo.jpg","_links":{"self":[{"href":"https:\/\/www.salgadonoticias.com\/index.php?rest_route=\/wp\/v2\/posts\/27843"}],"collection":[{"href":"https:\/\/www.salgadonoticias.com\/index.php?rest_route=\/wp\/v2\/posts"}],"about":[{"href":"https:\/\/www.salgadonoticias.com\/index.php?rest_route=\/wp\/v2\/types\/post"}],"author":[{"embeddable":true,"href":"https:\/\/www.salgadonoticias.com\/index.php?rest_route=\/wp\/v2\/users\/3"}],"replies":[{"embeddable":true,"href":"https:\/\/www.salgadonoticias.com\/index.php?rest_route=%2Fwp%2Fv2%2Fcomments&post=27843"}],"version-history":[{"count":7,"href":"https:\/\/www.salgadonoticias.com\/index.php?rest_route=\/wp\/v2\/posts\/27843\/revisions"}],"predecessor-version":[{"id":27859,"href":"https:\/\/www.salgadonoticias.com\/index.php?rest_route=\/wp\/v2\/posts\/27843\/revisions\/27859"}],"wp:featuredmedia":[{"embeddable":true,"href":"https:\/\/www.salgadonoticias.com\/index.php?rest_route=\/wp\/v2\/media\/27851"}],"wp:attachment":[{"href":"https:\/\/www.salgadonoticias.com\/index.php?rest_route=%2Fwp%2Fv2%2Fmedia&parent=27843"}],"wp:term":[{"taxonomy":"category","embeddable":true,"href":"https:\/\/www.salgadonoticias.com\/index.php?rest_route=%2Fwp%2Fv2%2Fcategories&post=27843"},{"taxonomy":"post_tag","embeddable":true,"href":"https:\/\/www.salgadonoticias.com\/index.php?rest_route=%2Fwp%2Fv2%2Ftags&post=27843"}],"curies":[{"name":"wp","href":"https:\/\/api.w.org\/{rel}","templated":true}]}}