{"id":28391,"date":"2024-06-18T01:10:00","date_gmt":"2024-06-18T06:10:00","guid":{"rendered":"https:\/\/www.salgadonoticias.com\/?p=28391"},"modified":"2024-06-18T18:36:17","modified_gmt":"2024-06-18T23:36:17","slug":"28391","status":"publish","type":"post","link":"https:\/\/www.salgadonoticias.com\/?p=28391","title":{"rendered":"Practicar el RECONOCIMENTO de personas por Fotograf\u00eda SIN la presencia del DEFENSOR es LEGAL \u2026!!!"},"content":{"rendered":"<p>Views: 26<\/p>\n<p>.<\/p>\n\n\n\n<figure class=\"wp-block-embed is-type-video is-provider-youtube wp-block-embed-youtube wp-embed-aspect-16-9 wp-has-aspect-ratio\"><div class=\"wp-block-embed__wrapper\">\n<iframe loading=\"lazy\" title=\"Practicar el RECONOCIMIENTO de personas por Fotograf\u00eda SIN la presencia del DEFENSOR es LEGAL!!!\" width=\"640\" height=\"360\" src=\"https:\/\/www.youtube.com\/embed\/MTtS78TxXdw?feature=oembed\" frameborder=\"0\" allow=\"accelerometer; autoplay; clipboard-write; encrypted-media; gyroscope; picture-in-picture; web-share\" referrerpolicy=\"strict-origin-when-cross-origin\" allowfullscreen><\/iframe>\n<\/div><\/figure>\n\n\n\n<p>.<\/p>\n\n\n\n<p>Este <strong>ANTECEDENTE<\/strong><\/p>\n\n\n\n<p class=\"has-text-align-justify\"><strong>Surge <\/strong>luego de que, en la <strong><mark style=\"background-color:rgba(0, 0, 0, 0)\" class=\"has-inline-color has-vivid-red-color\">integraci\u00f3n de la carpeta de investigaci\u00f3n<\/mark><\/strong>, el <strong>Ministerio P\u00fablico<\/strong> SOLICIT\u00d3 la <strong>elaboraci\u00f3<\/strong>n de dict\u00e1menes periciales en materia de <strong>retrato hablado<\/strong>, a partir de las caracter\u00edsticas f\u00edsicas de los probables responsables que <strong>expusieron diversos testigos<\/strong> en sus entrevistas. <\/p>\n\n\n\n<p class=\"has-text-align-justify\">Y con base en ello, <mark style=\"background-color:#ff6900\" class=\"has-inline-color\">se requiri\u00f3 a una <strong>dependencia oficial<\/strong> que <strong>remitiera las fotograf\u00edas del personal<\/strong> de su adscripci\u00f3n que <strong>coincidieran con los retratos elaborados<\/strong><\/mark><strong>; entre otras<\/strong>, se enviaron las fotograf\u00edas de los probables responsables. Finalmente, se <strong>practic\u00f3 diligencia de reconocimiento por fotograf\u00eda<\/strong>.<\/p>\n\n\n\n<p>.<\/p>\n\n\n\n<p class=\"has-text-align-justify\">La <strong><mark style=\"background-color:rgba(0, 0, 0, 0);color:#13028b\" class=\"has-inline-color\">Suprema Corte de Justicia<\/mark> <\/strong>a lo anterior <strong><mark style=\"background-color:rgba(0, 0, 0, 0);color:#a40505\" class=\"has-inline-color\">DETERMIN\u00d3<\/mark><\/strong> que, durante el <span style=\"text-decoration: underline;\">inicio de una carpeta de investigaci\u00f3n<\/span>, el <mark style=\"background-color:#76bd2e\" class=\"has-inline-color\"><strong>reconocimiento<\/strong><\/mark><mark style=\"background-color:#ffffff\" class=\"has-inline-color\"> de personas por <\/mark><mark style=\"background-color:#76bd2e\" class=\"has-inline-color\"><strong>Fotograf\u00eda<\/strong><\/mark> es <mark style=\"background-color:#f0a2b6\" class=\"has-inline-color\"><strong>LEGAL<\/strong><\/mark><mark style=\"background-color:#ffffff\" class=\"has-inline-color\"> practicarse <\/mark><mark style=\"background-color:#f0a2b6\" class=\"has-inline-color\"><strong>SIN<\/strong><\/mark><mark style=\"background-color:#ffffff\" class=\"has-inline-color\"> la <\/mark><mark style=\"background-color:#f0a2b6\" class=\"has-inline-color\"><strong>presencia<\/strong><\/mark><mark style=\"background-color:#ffffff\" class=\"has-inline-color\"> del <\/mark><mark style=\"background-color:#f0a2b6\" class=\"has-inline-color\"><strong>DEFENSOR<\/strong>.<\/mark><\/p>\n\n\n\n<p>.<\/p>\n\n\n\n<p class=\"has-text-align-justify\">La justificaci\u00f3n de la <strong><mark style=\"background-color:rgba(0, 0, 0, 0);color:#0701ff\" class=\"has-inline-color\">SCJ<\/mark> <\/strong>es que, las fracciones II, IV, VI, VII y VIII del apartado B del art\u00edculo 20 de la <strong>Constituci\u00f3n<\/strong>, con relaci\u00f3n a lo previsto en el art\u00edculo 8.2, incisos c), d), e) y f), de la <strong>Convenci\u00f3n Americana sobre Derechos Humanos<\/strong>, y 14.3, incisos b), d) y e), del <strong>Pacto Internacional de Derechos Civiles y Pol\u00edticos<\/strong>, <mark style=\"background-color:rgba(0, 0, 0, 0);color:#028b12\" class=\"has-inline-color\"><strong>precisan<\/strong> <\/mark><mark style=\"background-color:rgba(0, 0, 0, 0)\" class=\"has-inline-color has-black-color\">que entre los<\/mark><mark style=\"background-color:rgba(0, 0, 0, 0);color:#028b12\" class=\"has-inline-color\"> <strong>beneficios<\/strong> <\/mark><mark style=\"background-color:rgba(0, 0, 0, 0)\" class=\"has-inline-color has-black-color\">fundamentales que<\/mark><mark style=\"background-color:rgba(0, 0, 0, 0);color:#028b12\" class=\"has-inline-color\"> <strong>asisten<\/strong> <\/mark><mark style=\"background-color:rgba(0, 0, 0, 0)\" class=\"has-inline-color has-black-color\">a toda la persona \u2013natural o jur\u00eddica\u2013<\/mark><mark style=\"background-color:rgba(0, 0, 0, 0);color:#028b12\" class=\"has-inline-color\"> <strong>imputada<\/strong> <\/mark><mark style=\"background-color:rgba(0, 0, 0, 0)\" class=\"has-inline-color has-black-color\">en el proceso penal, se encuentra el<\/mark><mark style=\"background-color:rgba(0, 0, 0, 0);color:#028b12\" class=\"has-inline-color\"> <strong>derecho a contar con una defensa adecuada<\/strong>;<\/mark> el cual, de acuerdo con la jurisprudencia de esta propia Sala, esto es a<strong> partir del momento<\/strong> en que en la indagatoria surge alg\u00fan dato objetivo que efectivamente permite ubicar al indiciado como posible autor o part\u00edcipe de un hecho punible, y m\u00e1s a\u00fan, cuando \u00e9ste participa directa y activamente en la conformaci\u00f3n de la indagatoria, sea de manera voluntaria, o bien, por <strong>encontrarse a disposici\u00f3n del Ministerio P\u00fablico<\/strong>, pero <mark style=\"background-color:rgba(0, 0, 0, 0);color:#870303\" class=\"has-inline-color\"><strong>NO por la sola existencia de una denuncia de hechos<\/strong> <\/mark><mark style=\"background-color:rgba(0, 0, 0, 0)\" class=\"has-inline-color has-black-color\">\u2013notitia criminis\u2013<\/mark><mark style=\"background-color:rgba(0, 0, 0, 0);color:#870303\" class=\"has-inline-color\"> <\/mark><strong><mark style=\"background-color:rgba(0, 0, 0, 0)\" class=\"has-inline-color has-black-color\">o el<\/mark><\/strong><mark style=\"background-color:rgba(0, 0, 0, 0);color:#870303\" class=\"has-inline-color\"><strong> inicio de la carpeta de investigaci\u00f3n<\/strong>. <\/mark><mark style=\"background-color:rgba(0, 0, 0, 0)\" class=\"has-inline-color has-black-color\">Por lo que, el<\/mark><mark style=\"background-color:rgba(0, 0, 0, 0);color:#870303\" class=\"has-inline-color\"> <strong>reconocimiento de personas por fotograf\u00eda<\/strong> <strong>es una t\u00e9cnica de investigaci\u00f3n reservada para aquellos casos en que la persona a reconocer &#8220;no se encuentre presente&#8221;<\/strong><\/mark><strong>,<\/strong> sea porque se desconoce la identidad del probable responsable, o bien, porque no se encuentre disponible para su identificaci\u00f3n directa. Y por lo tanto,<strong> <mark style=\"background-color:#82eee0\" class=\"has-inline-color\">NO se activa la tutela del derecho fundamental de defensa adecuada<\/mark><\/strong>, esto por no tratarse de una diligencia que se realice con la participaci\u00f3n directa y activa de una persona a la que se le atribuya el car\u00e1cter de autor o part\u00edcipe de un hecho con apariencia de delito, o respecto de quien pese alg\u00fan tipo de imputaci\u00f3n espec\u00edfica; y, en consecuencia, <mark style=\"background-color:#6de8f1\" class=\"has-inline-color\"><strong>su realizaci\u00f3n sin la presencia del defensor, no transgrede el orden constitucional<\/strong>.<\/mark><\/p>\n\n\n\n<p>.<\/p>\n\n\n\n<p>Esta <strong><mark style=\"background-color:#f2b88f\" class=\"has-inline-color\">RESOLUCI\u00d3N<\/mark> <\/strong>es de <strong>aplicaci\u00f3n <mark style=\"background-color:rgba(0, 0, 0, 0);color:#920505\" class=\"has-inline-color\">OBLIGATORIA<\/mark><\/strong> en todo el pa\u00eds a partir de esta semana.<\/p>\n\n\n\n<p><strong><mark style=\"background-color:rgba(0, 0, 0, 0);color:#ea6507\" class=\"has-inline-color\">Jurisprudencia Penal<\/mark><\/strong><\/p>\n\n\n\n<p>.<\/p>\n\n\n\n<p class=\"wp-embed-aspect-16-9 wp-has-aspect-ratio\">Si estas en el <strong><mark><mark style=\"background-color:#ffffff\" class=\"has-inline-color has-vivid-red-color\">Extranjero<\/mark><mark style=\"background-color:#ffffff\" class=\"has-inline-color\"> <\/mark><\/mark><\/strong>nosotros somos tu<mark style=\"background-color:rgba(0, 0, 0, 0)\" class=\"has-inline-color has-vivid-green-cyan-color\"> <strong>mejor<\/strong><\/mark><mark style=\"background-color:#ffffff\" class=\"has-inline-color\"> alternativa para <\/mark><strong><mark style=\"background-color:#ffffff\" class=\"has-inline-color has-luminous-vivid-orange-color\">velar<\/mark><\/strong><mark style=\"background-color:#ffffff\" class=\"has-inline-color\"> por tus <\/mark><strong><mark style=\"background-color:#ffffff;color:#0c74b0\" class=\"has-inline-color\">intereses<\/mark><\/strong>, escr\u00edbenos o ll\u00e1manos al Tel <strong>55581-11311<\/strong>.<\/p>\n\n\n\n<p class=\"wp-embed-aspect-16-9 wp-has-aspect-ratio\" id=\"block-3f0cb649-4142-417f-be85-20a82a0deacc\">.<\/p>\n\n\n\n<p class=\"wp-embed-aspect-16-9 wp-has-aspect-ratio\" id=\"block-0be85f9b-a54a-48a5-8974-f500a542213b\">Cuando<strong> necesites<\/strong> ayuda, <strong>asistencia<\/strong> o <strong>planeaci\u00f3n<\/strong> legal, <strong>solicita<\/strong> <strong>Cita Privada<\/strong> <a href=\"mailto:bi@sm99.mx\" target=\"_blank\" rel=\"noreferrer noopener\"><strong>Aqu\u00ed<\/strong><\/a><\/p>\n\n\n\n<p class=\"wp-embed-aspect-16-9 wp-has-aspect-ratio\" id=\"block-53241420-9292-48b8-993b-967038d0604a\">La informaci\u00f3n que AQU\u00cd te presentamos <strong>deriva<\/strong> de los <strong>Peri\u00f3dicos Oficiales <\/strong>de la<strong> CdMx<\/strong>, <strong>Estado<\/strong> de Mex., Diario <strong>Oficial<\/strong> de la Federaci\u00f3n, Suprema Corte de<strong> Justicia<\/strong> de la Naci\u00f3n, por lo tanto es de <strong>aplicaci\u00f3n OBLIGATORIA<\/strong>.<\/p>\n\n\n\n<p>La informaci\u00f3n del d\u00eda de hoy procede de la Suprema Corte de Justicia<\/p>\n\n\n\n<p class=\"wp-embed-aspect-16-9 wp-has-aspect-ratio\" id=\"block-3ea95020-128c-4e7d-9308-d73669c4f2be\"><strong><mark style=\"background-color:rgba(0, 0, 0, 0);color:#d9610b\" class=\"has-inline-color\">AYUDANOS<\/mark> <\/strong>para que m\u00e1s personas conozcan esta informaci\u00f3n, comp\u00e1rtela en tus redes sociales.<\/p>\n","protected":false},"excerpt":{"rendered":"<p>Views: 26 . . Este ANTECEDENTE Surge luego de que, en la integraci\u00f3n de la carpeta de investigaci\u00f3n, el Ministerio P\u00fablico SOLICIT\u00d3 la elaboraci\u00f3n de dict\u00e1menes periciales en materia de retrato hablado, a partir de las caracter\u00edsticas f\u00edsicas de los probables responsables que expusieron diversos testigos en sus entrevistas. Y con base en ello, se [&hellip;]<\/p>\n","protected":false},"author":3,"featured_media":28395,"comment_status":"closed","ping_status":"open","sticky":false,"template":"","format":"standard","meta":{"_jetpack_memberships_contains_paid_content":false,"footnotes":""},"categories":[4],"tags":[],"jetpack_sharing_enabled":true,"jetpack_featured_media_url":"https:\/\/www.salgadonoticias.com\/wp-content\/uploads\/2024\/06\/FOTOS.jpg","_links":{"self":[{"href":"https:\/\/www.salgadonoticias.com\/index.php?rest_route=\/wp\/v2\/posts\/28391"}],"collection":[{"href":"https:\/\/www.salgadonoticias.com\/index.php?rest_route=\/wp\/v2\/posts"}],"about":[{"href":"https:\/\/www.salgadonoticias.com\/index.php?rest_route=\/wp\/v2\/types\/post"}],"author":[{"embeddable":true,"href":"https:\/\/www.salgadonoticias.com\/index.php?rest_route=\/wp\/v2\/users\/3"}],"replies":[{"embeddable":true,"href":"https:\/\/www.salgadonoticias.com\/index.php?rest_route=%2Fwp%2Fv2%2Fcomments&post=28391"}],"version-history":[{"count":7,"href":"https:\/\/www.salgadonoticias.com\/index.php?rest_route=\/wp\/v2\/posts\/28391\/revisions"}],"predecessor-version":[{"id":28432,"href":"https:\/\/www.salgadonoticias.com\/index.php?rest_route=\/wp\/v2\/posts\/28391\/revisions\/28432"}],"wp:featuredmedia":[{"embeddable":true,"href":"https:\/\/www.salgadonoticias.com\/index.php?rest_route=\/wp\/v2\/media\/28395"}],"wp:attachment":[{"href":"https:\/\/www.salgadonoticias.com\/index.php?rest_route=%2Fwp%2Fv2%2Fmedia&parent=28391"}],"wp:term":[{"taxonomy":"category","embeddable":true,"href":"https:\/\/www.salgadonoticias.com\/index.php?rest_route=%2Fwp%2Fv2%2Fcategories&post=28391"},{"taxonomy":"post_tag","embeddable":true,"href":"https:\/\/www.salgadonoticias.com\/index.php?rest_route=%2Fwp%2Fv2%2Ftags&post=28391"}],"curies":[{"name":"wp","href":"https:\/\/api.w.org\/{rel}","templated":true}]}}