{"id":28460,"date":"2024-06-21T00:37:00","date_gmt":"2024-06-21T05:37:00","guid":{"rendered":"https:\/\/www.salgadonoticias.com\/?p=28460"},"modified":"2024-06-21T17:49:38","modified_gmt":"2024-06-21T22:49:38","slug":"28460","status":"publish","type":"post","link":"https:\/\/www.salgadonoticias.com\/?p=28460","title":{"rendered":"Se INCUMPLE Obligaci\u00f3n ALIMENTARIA aun cuando se Haya GARANTIZADO con Embargo de Inmueble&#8230;!!!"},"content":{"rendered":"<p>Views: 5<\/p>\n<p>.<\/p>\n\n\n\n<figure class=\"wp-block-embed is-type-video is-provider-youtube wp-block-embed-youtube wp-embed-aspect-16-9 wp-has-aspect-ratio\"><div class=\"wp-block-embed__wrapper\">\n<iframe loading=\"lazy\" title=\"Se INCUMPLE Obligaci\u00f3n ALIMENTARIA a\u00fan cuando se Haya GARANTIZADO con Embargo de Inmueble...!!!\" width=\"640\" height=\"360\" src=\"https:\/\/www.youtube.com\/embed\/I3KzQPRFwkg?feature=oembed\" frameborder=\"0\" allow=\"accelerometer; autoplay; clipboard-write; encrypted-media; gyroscope; picture-in-picture; web-share\" referrerpolicy=\"strict-origin-when-cross-origin\" allowfullscreen><\/iframe>\n<\/div><\/figure>\n\n\n\n<p>.<\/p>\n\n\n\n<p>Este <strong>ANTECEDENTE<\/strong><\/p>\n\n\n\n<p class=\"has-text-align-justify\"><strong>Surge <\/strong>luego de que, una persona <strong><mark style=\"background-color:rgba(0, 0, 0, 0)\" class=\"has-inline-color has-vivid-red-color\">vinculada a proceso<\/mark><\/strong> por el <strong>delito de <mark style=\"background-color:#ff6900\" class=\"has-inline-color\">incumplimiento de obligaciones alimentarias<\/mark><\/strong>, <span style=\"text-decoration: underline;\">aleg\u00f3<\/span> mediante amparo en revisi\u00f3n que el <strong>il\u00edcito<\/strong> se <span style=\"text-decoration: underline;\">actualiza<\/span> cuando el obligado <strong>deja de CUBRIR la pensi\u00f3n<\/strong> alimenticia sin causa justificada, <mark style=\"background-color:rgba(0, 0, 0, 0);color:#9b0101\" class=\"has-inline-color\"><strong>NO<\/strong> <strong>cuando deja de PAGARLA<\/strong><\/mark>, ya que est\u00e9 argument\u00f3 que otorg\u00f3 en <strong>garant\u00eda bienes inmuebles de su propiedad<\/strong> que <strong>aseguran su adeudo mensual,<\/strong> incluso en exceso, por lo que, consider\u00f3 que <span style=\"text-decoration: underline;\">no se dio el incumplimiento<\/span>.<\/p>\n\n\n\n<p>.<\/p>\n\n\n\n<p class=\"has-text-align-justify\">La <strong><mark style=\"background-color:rgba(0, 0, 0, 0);color:#1601e5\" class=\"has-inline-color\">Suprema Corte de Justicia<\/mark> <\/strong>a trav\u00e9s de su Tribunal Colegiado de Circuito <strong><mark style=\"background-color:rgba(0, 0, 0, 0);color:#8b0101\" class=\"has-inline-color\">DETERMIN\u00d3<\/mark> <\/strong>que, el <mark style=\"background-color:#65ff56\" class=\"has-inline-color\"><strong>DELITO<\/strong> de <strong>INCUMPLIMIENTO<\/strong><\/mark> de <strong>Obligaciones Alimentarias<\/strong> se <strong>configura<\/strong> <mark style=\"background-color:#f2c343\" class=\"has-inline-color\"><span style=\"text-decoration: underline;\">si se deja de <strong>PAGAR<\/strong><\/span><strong> <\/strong>la <span style=\"text-decoration: underline;\">pensi\u00f3n<\/span> sin causa justificada<\/mark> <strong>A\u00daN<\/strong> cuando se <mark style=\"background-color:#c1ddee\" class=\"has-inline-color\"><strong>garantice<\/strong> mediante <strong>embargo<\/strong> de los bienes inmuebles del deudor alimentario.<\/mark><\/p>\n\n\n\n<p class=\"has-text-align-justify\">.<\/p>\n\n\n\n<p class=\"has-text-align-justify\">La justificaci\u00f3n de la <strong><mark style=\"background-color:rgba(0, 0, 0, 0);color:#0c07e3\" class=\"has-inline-color\">SCJN<\/mark><\/strong> es que el <span style=\"text-decoration: underline;\">tipo penal<\/span> mencionado <strong>tutela el cumplimiento de las obligaciones alimentarias<\/strong> que <strong>ASEGURAN<\/strong> la <span style=\"text-decoration: underline;\">subsistencia de la vida humana<\/span> y, al tratarse de un <strong>delito de peligro<\/strong>, debido a que esto puede <strong>derivar en un da\u00f1o no deseado<\/strong> que es permanente y de tracto sucesivo, esto porque de <strong><mark style=\"background-color:#79e7af\" class=\"has-inline-color\">nada le sirve a la v\u00edctima que la persona obligada otorgue bienes en garant\u00eda ante el Juez familiar<\/mark><\/strong>, pues <mark style=\"background-color:rgba(0, 0, 0, 0);color:#a40505\" class=\"has-inline-color\"><strong>ello no satisface sus necesidades alimentarias inmediatas<\/strong><\/mark>, que se presentan de momento a momento, por lo que <strong><mark style=\"background-color:#d2bae9\" class=\"has-inline-color\">debe cubrirse en cantidad l\u00edquida<\/mark><\/strong>, sin olvidar que <span style=\"text-decoration: underline;\">este delito<\/span> <strong><mark style=\"background-color:#f4ad7a\" class=\"has-inline-color\">pretende castigar el abandono de quien con la obligaci\u00f3n de amparar al acreedor alimentario, lo desatiende sin causa justificada y abandona a su suerte<\/mark><\/strong>.<\/p>\n\n\n\n<p>.<\/p>\n\n\n\n<p>.<\/p>\n\n\n\n<p>Esta <strong><mark style=\"background-color:#d2e6f7\" class=\"has-inline-color\">RESOLUCI\u00d3N<\/mark><\/strong> esta <strong>disponible<\/strong> para quien la haga <strong>VALER<\/strong> a partir de esta semana.<\/p>\n\n\n\n<p class=\"has-small-font-size\"><strong><mark style=\"background-color:rgba(0, 0, 0, 0);color:#4f0694\" class=\"has-inline-color\"><span style=\"text-decoration: underline;\">TESIS<\/span> PENAL<\/mark><\/strong><\/p>\n\n\n\n<p>.<\/p>\n\n\n\n<p>Si estas en el <strong><span class=\"has-inline-color has-vivid-red-color\">Extranjero <\/span><\/strong>nosotros somos tu <strong><span class=\"has-inline-color has-vivid-green-cyan-color\">mejor<\/span><\/strong> alternativa para <strong><span class=\"has-inline-color has-luminous-vivid-orange-color\">velar<\/span><\/strong> por tus <strong><span class=\"has-inline-color has-vivid-cyan-blue-color\">intereses<\/span><\/strong>.<\/p>\n\n\n\n<p>.<\/p>\n\n\n\n<p>Cuando<strong> necesites<\/strong> ayuda, <strong>asistencia<\/strong> o <strong>planeaci\u00f3n<\/strong> legal, <strong>solicita<\/strong> <strong>Cita Privada<\/strong> <a rel=\"noreferrer noopener\" href=\"mailto:bi@sm99.mx\" target=\"_blank\"><strong>Aqu\u00ed<\/strong><\/a><\/p>\n\n\n\n<p>La informaci\u00f3n que AQU\u00cd te presentamos <strong>deriva<\/strong> de los <strong>Peri\u00f3dicos Oficiales <\/strong>de la<strong> CdMx<\/strong>, <strong>Estado<\/strong> de Mex., Diario <strong>Oficial<\/strong> de la Federaci\u00f3n, Suprema Corte de<strong> Justicia<\/strong> de la Naci\u00f3n, por lo tanto es de <strong>aplicaci\u00f3n OBLIGATORIA<\/strong><\/p>\n\n\n\n<p>La <strong>informaci\u00f3n<\/strong> de hoy <strong>procede <\/strong>de Suprema Corte de Justicia<\/p>\n\n\n\n<p><strong><mark style=\"background-color:rgba(0, 0, 0, 0)\" class=\"has-inline-color has-luminous-vivid-orange-color\">AY\u00daDANOS<\/mark><\/strong> para que m\u00e1s personas conozcan esta informaci\u00f3n, <strong>Comp\u00e1rtelo<\/strong> en tus redes sociales.<\/p>\n","protected":false},"excerpt":{"rendered":"<p>Views: 5 . . Este ANTECEDENTE Surge luego de que, una persona vinculada a proceso por el delito de incumplimiento de obligaciones alimentarias, aleg\u00f3 mediante amparo en revisi\u00f3n que el il\u00edcito se actualiza cuando el obligado deja de CUBRIR la pensi\u00f3n alimenticia sin causa justificada, NO cuando deja de PAGARLA, ya que est\u00e9 argument\u00f3 que [&hellip;]<\/p>\n","protected":false},"author":3,"featured_media":28463,"comment_status":"closed","ping_status":"open","sticky":false,"template":"","format":"standard","meta":{"_jetpack_memberships_contains_paid_content":false,"footnotes":""},"categories":[4],"tags":[],"jetpack_sharing_enabled":true,"jetpack_featured_media_url":"https:\/\/www.salgadonoticias.com\/wp-content\/uploads\/2024\/06\/OTRO-DEUDOR.webp","_links":{"self":[{"href":"https:\/\/www.salgadonoticias.com\/index.php?rest_route=\/wp\/v2\/posts\/28460"}],"collection":[{"href":"https:\/\/www.salgadonoticias.com\/index.php?rest_route=\/wp\/v2\/posts"}],"about":[{"href":"https:\/\/www.salgadonoticias.com\/index.php?rest_route=\/wp\/v2\/types\/post"}],"author":[{"embeddable":true,"href":"https:\/\/www.salgadonoticias.com\/index.php?rest_route=\/wp\/v2\/users\/3"}],"replies":[{"embeddable":true,"href":"https:\/\/www.salgadonoticias.com\/index.php?rest_route=%2Fwp%2Fv2%2Fcomments&post=28460"}],"version-history":[{"count":5,"href":"https:\/\/www.salgadonoticias.com\/index.php?rest_route=\/wp\/v2\/posts\/28460\/revisions"}],"predecessor-version":[{"id":28478,"href":"https:\/\/www.salgadonoticias.com\/index.php?rest_route=\/wp\/v2\/posts\/28460\/revisions\/28478"}],"wp:featuredmedia":[{"embeddable":true,"href":"https:\/\/www.salgadonoticias.com\/index.php?rest_route=\/wp\/v2\/media\/28463"}],"wp:attachment":[{"href":"https:\/\/www.salgadonoticias.com\/index.php?rest_route=%2Fwp%2Fv2%2Fmedia&parent=28460"}],"wp:term":[{"taxonomy":"category","embeddable":true,"href":"https:\/\/www.salgadonoticias.com\/index.php?rest_route=%2Fwp%2Fv2%2Fcategories&post=28460"},{"taxonomy":"post_tag","embeddable":true,"href":"https:\/\/www.salgadonoticias.com\/index.php?rest_route=%2Fwp%2Fv2%2Ftags&post=28460"}],"curies":[{"name":"wp","href":"https:\/\/api.w.org\/{rel}","templated":true}]}}