{"id":29527,"date":"2024-09-05T00:45:00","date_gmt":"2024-09-05T05:45:00","guid":{"rendered":"https:\/\/www.salgadonoticias.com\/?p=29527"},"modified":"2024-09-05T20:44:10","modified_gmt":"2024-09-06T01:44:10","slug":"29527","status":"publish","type":"post","link":"https:\/\/www.salgadonoticias.com\/?p=29527","title":{"rendered":"NUEVO Plazo para REGULARIZAR el Transporte P\u00daBLICO del EdoMex&#8230;!!!"},"content":{"rendered":"<p>Views: 14<\/p>\n<p>.<\/p>\n\n\n\n<figure class=\"wp-block-embed is-type-video is-provider-youtube wp-block-embed-youtube wp-embed-aspect-16-9 wp-has-aspect-ratio\"><div class=\"wp-block-embed__wrapper\">\n<iframe loading=\"lazy\" title=\"NUEVOS plazos para Regularizar Transporte P\u00fablico en EdoMex.\" width=\"640\" height=\"360\" src=\"https:\/\/www.youtube.com\/embed\/BNt-SWziQ0M?start=2&#038;feature=oembed\" frameborder=\"0\" allow=\"accelerometer; autoplay; clipboard-write; encrypted-media; gyroscope; picture-in-picture; web-share\" referrerpolicy=\"strict-origin-when-cross-origin\" allowfullscreen><\/iframe>\n<\/div><\/figure>\n\n\n\n<p>.<\/p>\n\n\n\n<p>La&nbsp; <strong>Semovi<\/strong> del&nbsp;EdoMex <mark style=\"background-color:#f3aabc\" class=\"has-inline-color\"><strong>EXTENDI\u00d3 <\/strong>hasta el <strong>31 de julio del 2025<\/strong><\/mark>, la <strong>pr\u00f3rroga<\/strong> para que el Transporte P\u00fablico Pueda <mark style=\"background-color:#f7d26c\" class=\"has-inline-color\"><strong>REGULARIZARSE<\/strong> con los <strong>beneficios fiscales<\/strong>, esto tras fallar al sistema del&nbsp;<strong>Registro Estatal del Transporte<\/strong><\/mark>&nbsp;y denunciarse un&nbsp;<strong><mark style=\"background-color:rgba(0, 0, 0, 0)\" class=\"has-inline-color has-vivid-red-color\">hackeo<\/mark><\/strong>&nbsp;en el sistema interno.<\/p>\n\n\n\n<p>.<\/p>\n\n\n\n<p>Esta medida <strong><mark style=\"background-color:#b7d6f2\" class=\"has-inline-color\">aplicar\u00e1 a partir del 6 de septiembre<\/mark><\/strong> para <strong><mark style=\"background-color:rgba(0, 0, 0, 0);color:#820606\" class=\"has-inline-color\">realizar y concluir con tr\u00e1mites<\/mark><\/strong> como lo son:<\/p>\n\n\n\n<ul>\n<li><mark style=\"background-color:rgba(0, 0, 0, 0);color:#b90656\" class=\"has-inline-color\"><strong>Otorgamiento de concesiones<\/strong>,<\/mark><\/li>\n\n\n\n<li><strong><mark style=\"background-color:rgba(0, 0, 0, 0);color:#520699\" class=\"has-inline-color\">Autorizaciones de base, terminales, derroteros, lanzaderas, alargamiento.<\/mark><\/strong><\/li>\n\n\n\n<li><strong><mark style=\"background-color:rgba(0, 0, 0, 0);color:#038e5b\" class=\"has-inline-color\">Modificaciones de derroteros y<\/mark><\/strong><\/li>\n\n\n\n<li><mark style=\"background-color:rgba(0, 0, 0, 0);color:#f87518\" class=\"has-inline-color\">Adem\u00e1s, los<strong> tr\u00e1mites de concesiones vencidas<\/strong> <strong>NO<\/strong> prorrogadas, que se <strong>iniciaron y no se concluyeron.<\/strong><\/mark><\/li>\n<\/ul>\n\n\n\n<p>.<\/p>\n\n\n\n<p>Esta es la segunda pr\u00f3rroga la primera fue anunciada en mayo, y se mov\u00eda del 28 de junio al 19 de diciembre de este a\u00f1o, aunque ahora se tendr\u00e1n otros siete meses m\u00e1s para ello. &nbsp;<\/p>\n\n\n\n<p>.<\/p>\n\n\n\n<p>.<\/p>\n\n\n\n<p class=\"wp-embed-aspect-16-9 wp-has-aspect-ratio\">Si estas en el <strong><mark style=\"background-color:rgba(0, 0, 0, 0)\" class=\"has-inline-color has-vivid-red-color\">Extranjero <\/mark><\/strong>nosotros somos tu <strong><mark style=\"background-color:rgba(0, 0, 0, 0)\" class=\"has-inline-color has-vivid-green-cyan-color\">mejor<\/mark><\/strong> alternativa para <strong><mark style=\"background-color:rgba(0, 0, 0, 0)\" class=\"has-inline-color has-luminous-vivid-orange-color\">velar<\/mark><\/strong> por tus <strong><mark style=\"background-color:rgba(0, 0, 0, 0)\" class=\"has-inline-color has-vivid-cyan-blue-color\">intereses<\/mark><\/strong>, escr\u00edbenos o ll\u00e1manos al Tel <strong>55581-11311<\/strong>.<\/p>\n\n\n\n<p>.<\/p>\n\n\n\n<p>Cuando<strong> necesites<\/strong> ayuda, <strong>asistencia<\/strong> o <strong>planeaci\u00f3n<\/strong> legal, <strong>solicita<\/strong> <strong>Cita Privada<\/strong> <a rel=\"noreferrer noopener\" href=\"mailto:bi@sm99.mx\" target=\"_blank\"><strong>Aqu\u00ed<\/strong><\/a><\/p>\n\n\n\n<p>La informaci\u00f3n que AQU\u00cd te presentamos <strong>deriva<\/strong> de los <strong>Peri\u00f3dicos Oficiales <\/strong>de la<strong> CdMx<\/strong>, <strong>Estado<\/strong> de Mex., Diario <strong>Oficial<\/strong> de la Federaci\u00f3n, Suprema Corte de<strong> Justicia<\/strong> de la Naci\u00f3n, por lo tanto es de <strong>aplicaci\u00f3n OBLIGATORIA<\/strong><\/p>\n\n\n\n<p>La <strong>informaci\u00f3n<\/strong> de hoy procede de Gaceta del EdoMex.<\/p>\n\n\n\n<p><strong><mark style=\"background-color:rgba(0, 0, 0, 0)\" class=\"has-inline-color has-luminous-vivid-orange-color\">AY\u00daDANOS<\/mark><\/strong> para que m\u00e1s personas conozcan esta informaci\u00f3n, <strong>Comp\u00e1rtelo<\/strong> en tus redes sociales.<\/p>\n","protected":false},"excerpt":{"rendered":"<p>Views: 14 . . La&nbsp; Semovi del&nbsp;EdoMex EXTENDI\u00d3 hasta el 31 de julio del 2025, la pr\u00f3rroga para que el Transporte P\u00fablico Pueda REGULARIZARSE con los beneficios fiscales, esto tras fallar al sistema del&nbsp;Registro Estatal del Transporte&nbsp;y denunciarse un&nbsp;hackeo&nbsp;en el sistema interno. . Esta medida aplicar\u00e1 a partir del 6 de septiembre para realizar y [&hellip;]<\/p>\n","protected":false},"author":3,"featured_media":29534,"comment_status":"closed","ping_status":"open","sticky":false,"template":"","format":"standard","meta":{"_jetpack_memberships_contains_paid_content":false,"footnotes":""},"categories":[8],"tags":[],"jetpack_sharing_enabled":true,"jetpack_featured_media_url":"https:\/\/www.salgadonoticias.com\/wp-content\/uploads\/2024\/09\/trnsporte.jpg","_links":{"self":[{"href":"https:\/\/www.salgadonoticias.com\/index.php?rest_route=\/wp\/v2\/posts\/29527"}],"collection":[{"href":"https:\/\/www.salgadonoticias.com\/index.php?rest_route=\/wp\/v2\/posts"}],"about":[{"href":"https:\/\/www.salgadonoticias.com\/index.php?rest_route=\/wp\/v2\/types\/post"}],"author":[{"embeddable":true,"href":"https:\/\/www.salgadonoticias.com\/index.php?rest_route=\/wp\/v2\/users\/3"}],"replies":[{"embeddable":true,"href":"https:\/\/www.salgadonoticias.com\/index.php?rest_route=%2Fwp%2Fv2%2Fcomments&post=29527"}],"version-history":[{"count":5,"href":"https:\/\/www.salgadonoticias.com\/index.php?rest_route=\/wp\/v2\/posts\/29527\/revisions"}],"predecessor-version":[{"id":29550,"href":"https:\/\/www.salgadonoticias.com\/index.php?rest_route=\/wp\/v2\/posts\/29527\/revisions\/29550"}],"wp:featuredmedia":[{"embeddable":true,"href":"https:\/\/www.salgadonoticias.com\/index.php?rest_route=\/wp\/v2\/media\/29534"}],"wp:attachment":[{"href":"https:\/\/www.salgadonoticias.com\/index.php?rest_route=%2Fwp%2Fv2%2Fmedia&parent=29527"}],"wp:term":[{"taxonomy":"category","embeddable":true,"href":"https:\/\/www.salgadonoticias.com\/index.php?rest_route=%2Fwp%2Fv2%2Fcategories&post=29527"},{"taxonomy":"post_tag","embeddable":true,"href":"https:\/\/www.salgadonoticias.com\/index.php?rest_route=%2Fwp%2Fv2%2Ftags&post=29527"}],"curies":[{"name":"wp","href":"https:\/\/api.w.org\/{rel}","templated":true}]}}