{"id":29751,"date":"2024-09-26T01:19:00","date_gmt":"2024-09-26T06:19:00","guid":{"rendered":"https:\/\/www.salgadonoticias.com\/?p=29751"},"modified":"2024-09-25T16:11:30","modified_gmt":"2024-09-25T21:11:30","slug":"29751","status":"publish","type":"post","link":"https:\/\/www.salgadonoticias.com\/?p=29751","title":{"rendered":"El Delito por Uso Ilegal de bienes de la naci\u00f3n es Constitucional\u2026!!!"},"content":{"rendered":"<p>Views: 17<\/p>\n<p>.<\/p>\n\n\n\n<p>Este <strong>ANTECEDENTE<\/strong>:<\/p>\n\n\n\n<p><strong>Surge <\/strong>derivado de un <strong>asentamiento humano irregular<\/strong> en un <strong>parque nacional<\/strong>, por lo que se inici\u00f3 un procedimiento penal en el que se <strong>libr\u00f3 una orden de aprehensi\u00f3n<\/strong> en contra de distintas personas por la comisi\u00f3n del <strong>delito de uso ilegal de un bien perteneciente a la Naci\u00f3n<\/strong>. <em><u>Inconformes, algunas de las personas inculpadas<\/u><\/em> <strong>promovieron<\/strong> distintos juicios de <strong>amparo<\/strong> indirecto en los que <strong><u>reclamaron esa orden de aprehensi\u00f3n<\/u><\/strong>, y la inconstitucionalidad de los <strong>art\u00edculos 149 y 150<\/strong> de la Ley General de Bienes Nacionales que regulan y sancionan el delito, pues consideran que contiene t\u00e9rminos ambiguos y que para integrar el delito se requiere acudir a disposiciones reglamentarias y no a leyes. Dichos Amparos les fueron negados,<\/p>\n\n\n\n<p>.<\/p>\n\n\n\n<p>La <strong><mark style=\"background-color:rgba(0, 0, 0, 0);color:#12068e\" class=\"has-inline-color\">Suprema Corte de Justicia<\/mark> <\/strong>a lo anterior <strong><mark style=\"background-color:rgba(0, 0, 0, 0);color:#920202\" class=\"has-inline-color\">DETERMIN\u00d3<\/mark> <\/strong>que los <mark style=\"background-color:#8bfb4b\" class=\"has-inline-color\"><strong>ART\u00cdCULOS<\/strong><\/mark><mark style=\"background-color:#ffffff\" class=\"has-inline-color\"> de la <\/mark><mark style=\"background-color:#8bfb4b\" class=\"has-inline-color\"><strong>Ley Gral. de Bienes Nacionales<\/strong><\/mark><mark style=\"background-color:#ffffff\" class=\"has-inline-color\"> son <\/mark><mark style=\"background-color:#8bfb4b\" class=\"has-inline-color\"><strong>LEGALES, claros <\/strong>y <strong>precisos<\/strong><\/mark><mark style=\"background-color:#ffffff\" class=\"has-inline-color\"><strong>, <\/strong>y en ellos se detalla<\/mark><mark style=\"background-color:#8bfb4b\" class=\"has-inline-color\"> <strong>qu\u00e9 acciones constituyen <\/strong>el <strong>delito<\/strong><\/mark><mark style=\"background-color:#ffffff\" class=\"has-inline-color\"><strong> <\/strong>de<\/mark><mark style=\"background-color:#8bfb4b\" class=\"has-inline-color\"> <strong>uso Ilegal<\/strong><\/mark> de un bien nacional.<\/p>\n\n\n\n<p>Y, por tanto, dichos preceptos<mark style=\"background-color:rgba(0, 0, 0, 0);color:#d50404\" class=\"has-inline-color\"> <strong>no vulneran<\/strong><\/mark><mark style=\"background-color:rgba(0, 0, 0, 0)\" class=\"has-inline-color has-black-color\"> los principios de taxatividad ni de reserva de <\/mark><mark style=\"background-color:rgba(0, 0, 0, 0);color:#d50404\" class=\"has-inline-color\"><strong>ley en materia penal<\/strong><\/mark><\/p>\n\n\n\n<p><strong>.<\/strong><\/p>\n\n\n\n<p>La justificaci\u00f3n de la<mark style=\"background-color:rgba(0, 0, 0, 0);color:#0720e3\" class=\"has-inline-color\"> <strong>SCJN <\/strong><\/mark>es que el<mark style=\"background-color:#ffffff\" class=\"has-inline-color\"> <\/mark><mark style=\"background-color:#f78da7\" class=\"has-inline-color\"><strong>delito de uso ilegal<\/strong> de un bien perteneciente a la Naci\u00f3n,<\/mark> previsto en el art\u00edculo 150 y <mark style=\"background-color:rgba(0, 0, 0, 0);color:#480389\" class=\"has-inline-color\"><strong>sancionado en el diverso 149<\/strong> de la Ley General de Bienes Nacionales, <strong>NO contiene conceptos ambiguos<\/strong>, ya que el <strong>tipo penal se rige por el verbo &#8220;usar&#8221;<\/strong>, el cual <strong>permite comprender sus alcances sin mayores interpretaciones<\/strong><\/mark>, ya que se entiende como hacer servir una cosa para algo, en este caso, de un bien perteneciente a la Naci\u00f3n.<\/p>\n\n\n\n<p>En el mismo sentido, la norma establece como <mark style=\"background-color:rgba(0, 0, 0, 0);color:#e1640b\" class=\"has-inline-color\"><strong>condici\u00f3n para considerar ilegal<\/strong> es<\/mark><mark style=\"background-color:rgba(0, 0, 0, 0)\" class=\"has-inline-color has-black-color\">a conducta que la realice el sujeto activo <\/mark><mark style=\"background-color:rgba(0, 0, 0, 0);color:#e1640b\" class=\"has-inline-color\"><strong>sin contar con una concesi\u00f3n, permiso, autorizaci\u00f3n o contrato con autoridad competente.<\/strong><\/mark><\/p>\n\n\n\n<p>Adem\u00e1s, la Ley en menci\u00f3n<mark style=\"background-color:rgba(0, 0, 0, 0);color:#025a8e\" class=\"has-inline-color\"> <strong>busca prohibir y sancionar<\/strong><\/mark><mark style=\"background-color:rgba(0, 0, 0, 0)\" class=\"has-inline-color has-black-color\"> las <em><u>conductas que afecten las disposiciones de ese ordenamiento<\/u><\/em>, por lo que para <\/mark><mark style=\"background-color:rgba(0, 0, 0, 0);color:#025a8e\" class=\"has-inline-color\"><strong>entender<\/strong> <\/mark><mark style=\"background-color:rgba(0, 0, 0, 0)\" class=\"has-inline-color has-black-color\">lo que es<\/mark><mark style=\"background-color:rgba(0, 0, 0, 0);color:#025a8e\" class=\"has-inline-color\"> <strong>&#8220;un bien perteneciente a la Naci\u00f3n&#8221;<\/strong>, <strong>basta con acudir a los art\u00edculos 3 y 7<\/strong><\/mark><mark style=\"background-color:rgba(0, 0, 0, 0)\" class=\"has-inline-color has-black-color\"> de ese ordenamiento, que es una<\/mark><mark style=\"background-color:rgba(0, 0, 0, 0);color:#025a8e\" class=\"has-inline-color\"> <strong>ley formal y material, para identificar los bienes que son propiedad de la Naci\u00f3n <\/strong><\/mark><mark style=\"background-color:rgba(0, 0, 0, 0)\" class=\"has-inline-color has-black-color\">y que son <\/mark><mark style=\"background-color:rgba(0, 0, 0, 0);color:#025a8e\" class=\"has-inline-color\"><strong>tutelados por el tipo penal.<\/strong><\/mark><\/p>\n\n\n\n<p>Es por ello que las normas impugnadas <mark style=\"background-color:rgba(0, 0, 0, 0);color:#a20202\" class=\"has-inline-color\"><strong>describen con suficiente precisi\u00f3n la conducta delictiva y permiten comprender a sus destinatarios lo que es objeto de prohibici\u00f3n<\/strong>,<\/mark> aunado a que para su integraci\u00f3n remite a las disposiciones de la propia ley general, por lo que <strong>no vulneran los principios de legalidad <\/strong>en su vertiente de taxatividad, y de reserva de ley en materia penal, que derivan respectivamente de los art\u00edculos 14 y 73, fracci\u00f3n XXI, de la Constituci\u00f3n.<\/p>\n\n\n\n<p>.<\/p>\n\n\n\n<p><\/p>\n\n\n\n<p>Esta<mark style=\"background-color:#ffffff\" class=\"has-inline-color\"> <\/mark><mark style=\"background-color:#c4ede5\" class=\"has-inline-color\"><strong>RESOLUCI\u00d3N<\/strong> <\/mark>es de <strong>aplicaci\u00f3n <mark style=\"background-color:rgba(0, 0, 0, 0);color:#950101\" class=\"has-inline-color\">OBLIGATORIA<\/mark> <\/strong>a partir de esta semana.<\/p>\n\n\n\n<p><strong><mark style=\"background-color:rgba(0, 0, 0, 0);color:#059572\" class=\"has-inline-color\">Jurisprudencia PENAL<\/mark><\/strong><\/p>\n\n\n\n<p>.<\/p>\n\n\n\n<p class=\"wp-embed-aspect-16-9 wp-has-aspect-ratio\">Si estas en el <strong><mark style=\"background-color:rgba(0, 0, 0, 0)\" class=\"has-inline-color has-vivid-red-color\">Extranjero <\/mark><\/strong>nosotros somos tu <strong><mark style=\"background-color:rgba(0, 0, 0, 0)\" class=\"has-inline-color has-vivid-green-cyan-color\">mejor<\/mark><\/strong> alternativa para <strong><mark style=\"background-color:rgba(0, 0, 0, 0)\" class=\"has-inline-color has-luminous-vivid-orange-color\">velar<\/mark><\/strong> por tus <strong><mark style=\"background-color:rgba(0, 0, 0, 0)\" class=\"has-inline-color has-vivid-cyan-blue-color\">intereses<\/mark><\/strong>, escr\u00edbenos o ll\u00e1manos al Tel <strong>55581-11311<\/strong>.<\/p>\n\n\n\n<p>.<\/p>\n\n\n\n<p>Cuando<strong> necesites<\/strong> ayuda, <strong>asistencia<\/strong> o <strong>planeaci\u00f3n<\/strong> legal, <strong>solicita<\/strong> <strong>Cita Privada<\/strong> <a rel=\"noreferrer noopener\" href=\"mailto:bi@sm99.mx\" target=\"_blank\"><strong>Aqu\u00ed<\/strong><\/a><\/p>\n\n\n\n<p>La informaci\u00f3n que AQU\u00cd te presentamos <strong>deriva<\/strong> de los <strong>Peri\u00f3dicos Oficiales <\/strong>de la<strong> CdMx<\/strong>, <strong>Estado<\/strong> de Mex., Diario <strong>Oficial<\/strong> de la Federaci\u00f3n, Suprema Corte de<strong> Justicia<\/strong> de la Naci\u00f3n, por lo tanto es de <strong>aplicaci\u00f3n OBLIGATORIA<\/strong><\/p>\n\n\n\n<p>La <strong>informaci\u00f3n<\/strong> de hoy procede de la Suprema Corte<\/p>\n\n\n\n<p><strong><mark style=\"background-color:rgba(0, 0, 0, 0)\" class=\"has-inline-color has-luminous-vivid-orange-color\">AY\u00daDANOS<\/mark><\/strong> para que m\u00e1s personas conozcan esta informaci\u00f3n, <strong>Comp\u00e1rtelo<\/strong> en tus redes sociales.<\/p>\n","protected":false},"excerpt":{"rendered":"<p>Views: 17 . Este ANTECEDENTE: Surge derivado de un asentamiento humano irregular en un parque nacional, por lo que se inici\u00f3 un procedimiento penal en el que se libr\u00f3 una orden de aprehensi\u00f3n en contra de distintas personas por la comisi\u00f3n del delito de uso ilegal de un bien perteneciente a la Naci\u00f3n. Inconformes, algunas [&hellip;]<\/p>\n","protected":false},"author":3,"featured_media":29755,"comment_status":"closed","ping_status":"open","sticky":false,"template":"","format":"standard","meta":{"_jetpack_memberships_contains_paid_content":false,"footnotes":""},"categories":[4],"tags":[],"jetpack_sharing_enabled":true,"jetpack_featured_media_url":"https:\/\/www.salgadonoticias.com\/wp-content\/uploads\/2024\/09\/bienes-de-la-nacion.webp","_links":{"self":[{"href":"https:\/\/www.salgadonoticias.com\/index.php?rest_route=\/wp\/v2\/posts\/29751"}],"collection":[{"href":"https:\/\/www.salgadonoticias.com\/index.php?rest_route=\/wp\/v2\/posts"}],"about":[{"href":"https:\/\/www.salgadonoticias.com\/index.php?rest_route=\/wp\/v2\/types\/post"}],"author":[{"embeddable":true,"href":"https:\/\/www.salgadonoticias.com\/index.php?rest_route=\/wp\/v2\/users\/3"}],"replies":[{"embeddable":true,"href":"https:\/\/www.salgadonoticias.com\/index.php?rest_route=%2Fwp%2Fv2%2Fcomments&post=29751"}],"version-history":[{"count":5,"href":"https:\/\/www.salgadonoticias.com\/index.php?rest_route=\/wp\/v2\/posts\/29751\/revisions"}],"predecessor-version":[{"id":29773,"href":"https:\/\/www.salgadonoticias.com\/index.php?rest_route=\/wp\/v2\/posts\/29751\/revisions\/29773"}],"wp:featuredmedia":[{"embeddable":true,"href":"https:\/\/www.salgadonoticias.com\/index.php?rest_route=\/wp\/v2\/media\/29755"}],"wp:attachment":[{"href":"https:\/\/www.salgadonoticias.com\/index.php?rest_route=%2Fwp%2Fv2%2Fmedia&parent=29751"}],"wp:term":[{"taxonomy":"category","embeddable":true,"href":"https:\/\/www.salgadonoticias.com\/index.php?rest_route=%2Fwp%2Fv2%2Fcategories&post=29751"},{"taxonomy":"post_tag","embeddable":true,"href":"https:\/\/www.salgadonoticias.com\/index.php?rest_route=%2Fwp%2Fv2%2Ftags&post=29751"}],"curies":[{"name":"wp","href":"https:\/\/api.w.org\/{rel}","templated":true}]}}