{"id":29763,"date":"2024-09-28T03:06:00","date_gmt":"2024-09-28T08:06:00","guid":{"rendered":"https:\/\/www.salgadonoticias.com\/?p=29763"},"modified":"2024-09-25T15:32:53","modified_gmt":"2024-09-25T20:32:53","slug":"29763","status":"publish","type":"post","link":"https:\/\/www.salgadonoticias.com\/?p=29763","title":{"rendered":"Ya tenemos &#8220;D\u00eda Nacional de la VAINILLA&#8221;&#8230;!!!"},"content":{"rendered":"<p>Views: 12<\/p>\n<p>.<\/p>\n\n\n\n<p>Este se celebrar\u00e1 el<strong><mark style=\"background-color:rgba(0, 0, 0, 0);color:#950606\" class=\"has-inline-color\"> <\/mark><mark style=\"background-color:rgba(0, 0, 0, 0);color:#9d0808\" class=\"has-inline-color\">16 de diciembre<\/mark><\/strong> de <strong>cada a\u00f1o<\/strong>; esta conmemoraci\u00f3n se establece con la <strong><mark style=\"background-color:rgba(0, 0, 0, 0);color:#1e05a5\" class=\"has-inline-color\">finalidad <\/mark><\/strong>&#8220;dicen las autoridades&#8221; adem\u00e1s de seguir abasteciendo la demanda nacional, <mark style=\"background-color:#bef18b\" class=\"has-inline-color\"><strong>incrementar su presencia en los mercados mundiales<\/strong>.<\/mark><\/p>\n\n\n\n<p>.<\/p>\n\n\n\n<p>La vainilla es una orqu\u00eddea end\u00e9mica de M\u00e9xico, la cual\u00a0fue nombrada por los totonacas como\u00a0&#8220;Xahanat&#8221;\u00a0que significa flor negra y,<em> por casi tres siglos<\/em>, <strong>M\u00e9xico fue su \u00fanico<\/strong> productor. Actualmente su uso es\u00a0principalmente industrial, toda vez que es utilizada como saborizante en la industria de alimentos y bebidas y\u00a0como aromatizante en la cosm\u00e9tica.<\/p>\n\n\n\n<p>Este producto se <strong><mark style=\"background-color:#f7a6ba\" class=\"has-inline-color\">cultiva<\/mark> <\/strong>solo en 4 estados del pa\u00eds:<\/p>\n\n\n\n<ul>\n<li><strong><mark style=\"background-color:rgba(0, 0, 0, 0);color:#4c048f\" class=\"has-inline-color\">Veracruz<\/mark><\/strong><\/li>\n\n\n\n<li><strong><mark style=\"background-color:rgba(0, 0, 0, 0);color:#e56103\" class=\"has-inline-color\">Puebla<\/mark><\/strong><\/li>\n\n\n\n<li><strong><mark style=\"background-color:rgba(0, 0, 0, 0);color:#06a86d\" class=\"has-inline-color\">Oaxaca<\/mark><\/strong>, y<\/li>\n\n\n\n<li><strong><mark style=\"background-color:rgba(0, 0, 0, 0);color:#d9a105\" class=\"has-inline-color\">San Luis Potos\u00ed<\/mark><\/strong><\/li>\n<\/ul>\n\n\n\n<p>.<\/p>\n\n\n\n<p>.<\/p>\n\n\n\n<p class=\"wp-embed-aspect-16-9 wp-has-aspect-ratio\">Si estas en el <strong><mark style=\"background-color:rgba(0, 0, 0, 0)\" class=\"has-inline-color has-vivid-red-color\">Extranjero <\/mark><\/strong>nosotros somos tu <strong><mark style=\"background-color:rgba(0, 0, 0, 0)\" class=\"has-inline-color has-vivid-green-cyan-color\">mejor<\/mark><\/strong> alternativa para <strong><mark style=\"background-color:rgba(0, 0, 0, 0)\" class=\"has-inline-color has-luminous-vivid-orange-color\">velar<\/mark><\/strong> por tus <strong><mark style=\"background-color:rgba(0, 0, 0, 0)\" class=\"has-inline-color has-vivid-cyan-blue-color\">intereses<\/mark><\/strong>, escr\u00edbenos o ll\u00e1manos al Tel <strong>55581-11311<\/strong>.<\/p>\n\n\n\n<p>.<\/p>\n\n\n\n<p>Cuando<strong> necesites<\/strong> ayuda, <strong>asistencia<\/strong> o <strong>planeaci\u00f3n<\/strong> legal, <strong>solicita<\/strong> <strong>Cita Privada<\/strong> <a rel=\"noreferrer noopener\" href=\"mailto:bi@sm99.mx\" target=\"_blank\"><strong>Aqu\u00ed<\/strong><\/a><\/p>\n\n\n\n<p>La informaci\u00f3n que AQU\u00cd te presentamos <strong>deriva<\/strong> de los <strong>Peri\u00f3dicos Oficiales <\/strong>de la<strong> CdMx<\/strong>, <strong>Estado<\/strong> de Mex., Diario <strong>Oficial<\/strong> de la Federaci\u00f3n, Suprema Corte de<strong> Justicia<\/strong> de la Naci\u00f3n, por lo tanto es de <strong>aplicaci\u00f3n OBLIGATORIA<\/strong><\/p>\n\n\n\n<p>La <strong>informaci\u00f3n<\/strong> de hoy procede del Diario Oficial<\/p>\n\n\n\n<p><strong><mark style=\"background-color:rgba(0, 0, 0, 0)\" class=\"has-inline-color has-luminous-vivid-orange-color\">AY\u00daDANOS<\/mark><\/strong> para que m\u00e1s personas conozcan esta informaci\u00f3n, <strong>Comp\u00e1rtelo<\/strong> en tus redes sociales.<\/p>\n","protected":false},"excerpt":{"rendered":"<p>Views: 12 . Este se celebrar\u00e1 el 16 de diciembre de cada a\u00f1o; esta conmemoraci\u00f3n se establece con la finalidad &#8220;dicen las autoridades&#8221; adem\u00e1s de seguir abasteciendo la demanda nacional, incrementar su presencia en los mercados mundiales. . La vainilla es una orqu\u00eddea end\u00e9mica de M\u00e9xico, la cual\u00a0fue nombrada por los totonacas como\u00a0&#8220;Xahanat&#8221;\u00a0que significa flor [&hellip;]<\/p>\n","protected":false},"author":3,"featured_media":29765,"comment_status":"closed","ping_status":"open","sticky":false,"template":"","format":"standard","meta":{"_jetpack_memberships_contains_paid_content":false,"footnotes":""},"categories":[4],"tags":[],"jetpack_sharing_enabled":true,"jetpack_featured_media_url":"https:\/\/www.salgadonoticias.com\/wp-content\/uploads\/2024\/09\/vainilla.jpg","_links":{"self":[{"href":"https:\/\/www.salgadonoticias.com\/index.php?rest_route=\/wp\/v2\/posts\/29763"}],"collection":[{"href":"https:\/\/www.salgadonoticias.com\/index.php?rest_route=\/wp\/v2\/posts"}],"about":[{"href":"https:\/\/www.salgadonoticias.com\/index.php?rest_route=\/wp\/v2\/types\/post"}],"author":[{"embeddable":true,"href":"https:\/\/www.salgadonoticias.com\/index.php?rest_route=\/wp\/v2\/users\/3"}],"replies":[{"embeddable":true,"href":"https:\/\/www.salgadonoticias.com\/index.php?rest_route=%2Fwp%2Fv2%2Fcomments&post=29763"}],"version-history":[{"count":4,"href":"https:\/\/www.salgadonoticias.com\/index.php?rest_route=\/wp\/v2\/posts\/29763\/revisions"}],"predecessor-version":[{"id":29770,"href":"https:\/\/www.salgadonoticias.com\/index.php?rest_route=\/wp\/v2\/posts\/29763\/revisions\/29770"}],"wp:featuredmedia":[{"embeddable":true,"href":"https:\/\/www.salgadonoticias.com\/index.php?rest_route=\/wp\/v2\/media\/29765"}],"wp:attachment":[{"href":"https:\/\/www.salgadonoticias.com\/index.php?rest_route=%2Fwp%2Fv2%2Fmedia&parent=29763"}],"wp:term":[{"taxonomy":"category","embeddable":true,"href":"https:\/\/www.salgadonoticias.com\/index.php?rest_route=%2Fwp%2Fv2%2Fcategories&post=29763"},{"taxonomy":"post_tag","embeddable":true,"href":"https:\/\/www.salgadonoticias.com\/index.php?rest_route=%2Fwp%2Fv2%2Ftags&post=29763"}],"curies":[{"name":"wp","href":"https:\/\/api.w.org\/{rel}","templated":true}]}}