{"id":29771,"date":"2024-09-27T00:33:00","date_gmt":"2024-09-27T05:33:00","guid":{"rendered":"https:\/\/www.salgadonoticias.com\/?p=29771"},"modified":"2024-09-27T12:43:04","modified_gmt":"2024-09-27T17:43:04","slug":"29771","status":"publish","type":"post","link":"https:\/\/www.salgadonoticias.com\/?p=29771","title":{"rendered":"C\u00f3mputo del Plazo para Contradicci\u00f3n de Paternidad tras Mayor\u00eda de Edad&#8230;!!!"},"content":{"rendered":"<p>Views: 4<\/p>\n<p>.<\/p>\n\n\n\n<p>Este <strong>Antecedente<\/strong>:<\/p>\n\n\n\n<p><strong>Surge <\/strong>luego de que una persona con 33 a\u00f1os solicit\u00f3 el reconocimiento de paternidad de sus padres biol\u00f3gicos, luego de que en su acta eran sus abuelos maternos quien aparec\u00edan como sus padres. Al emitirse la sentencia el juzgado recondujo la acci\u00f3n a la de <strong>contradicci\u00f3n de paternidad<\/strong> prevista por el art. 400 del C\u00f3digo Civil en este caso del estado de Aguascalientes, declar\u00e1ndola <strong>PRESCRITA, <\/strong>esto porque conforme al citado art\u00edculo ya hab\u00eda <strong>transcurrido el plazo de cuatro a\u00f1os para ejercerla<\/strong>.<\/p>\n\n\n\n<p>.<\/p>\n\n\n\n<p>La <strong><mark style=\"background-color:rgba(0, 0, 0, 0);color:#130aa3\" class=\"has-inline-color\">Suprema Corte de Justicia<\/mark> <\/strong>a trav\u00e9s del Tribunal Colegiado <strong><mark style=\"background-color:rgba(0, 0, 0, 0);color:#ae0202\" class=\"has-inline-color\">DETERMIN\u00d3<\/mark> <\/strong>que el <mark style=\"background-color:rgba(0, 0, 0, 0);color:#be5104\" class=\"has-inline-color\"><strong>plazo de 4 a\u00f1os<\/strong> para <strong>EJERCER<\/strong> <\/mark><mark style=\"background-color:rgba(0, 0, 0, 0)\" class=\"has-inline-color has-black-color\">la Contradicci\u00f3n de Paternidad <\/mark><strong><mark style=\"background-color:rgba(0, 0, 0, 0);color:#aa0202\" class=\"has-inline-color\">COMIENZA <\/mark><\/strong><mark style=\"background-color:rgba(0, 0, 0, 0)\" class=\"has-inline-color has-black-color\">a partir de que <\/mark><mark style=\"background-color:#c3fc00\" class=\"has-inline-color\"><strong>Descubre<\/strong> <strong>su verdadero<\/strong> <strong>v\u00ednculo biol\u00f3gico<\/strong><\/mark><mark style=\"background-color:rgba(0, 0, 0, 0)\" class=\"has-inline-color has-black-color\"> LUEGO de cumplir la mayor\u00eda de edad<\/mark><mark style=\"background-color:rgba(0, 0, 0, 0);color:#be5104\" class=\"has-inline-color\">.<\/mark><\/p>\n\n\n\n<p>.<\/p>\n\n\n\n<p>La justificaci\u00f3n de la <strong><mark style=\"background-color:rgba(0, 0, 0, 0);color:#1307e3\" class=\"has-inline-color\">SCJN<\/mark> <\/strong>es que los <strong>art\u00edculos 399 y 400<\/strong> del C\u00f3digo Civil de Aguascalientes <strong>establecen<\/strong> que un hijo menor de edad<strong> <mark style=\"background-color:#95c5ee\" class=\"has-inline-color\">PUEDE Impugnar el Reconocimiento de Paternidad al alcanzar la mayor\u00eda de edad<\/mark>, <\/strong>y <mark style=\"background-color:#bcf2dd\" class=\"has-inline-color\"><strong>TIENE un plazo de cuatro a\u00f1os <\/strong>para <strong>hacerlo<\/strong><\/mark><strong>. <\/strong>Pero <strong><em><mark style=\"background-color:rgba(0, 0, 0, 0);color:#b60303\" class=\"has-inline-color\">cuando el legislador NO previ\u00f3 una situaci\u00f3n en la que la persona reconocida como hijo descubra su verdadero origen biol\u00f3gico despu\u00e9s de haber alcanzado la mayor\u00eda de edad.<\/mark><\/em><\/strong> En este caso, el plazo de cuatro a\u00f1os podr\u00eda haber expirado, restringiendo su derecho a acceder a la justicia para impugnar la paternidad.<\/p>\n\n\n\n<p>Por tanto, se <strong><mark style=\"background-color:#d997c0\" class=\"has-inline-color\">sugiere que debe hacerse una interpretaci\u00f3n conforme de esta disposici\u00f3n. Esto es que debe interpretarse el art\u00edculo 400 de manera que permita a la persona ejercer su derecho a impugnar la paternidad desde el momento en que tenga conocimiento de su verdadero origen biol\u00f3gico<\/mark><\/strong>, incluso si esto ocurre despu\u00e9s de la mayor\u00eda de edad.<\/p>\n\n\n\n<p>Y con lo anterior la SCJN <strong>busca garantizar<\/strong> que el <strong>derecho a la tutela jurisdiccional efectiva<\/strong> y el <strong>acceso a la justicia no se vean limitados por una omisi\u00f3n legislativa<\/strong>, permitiendo que el plazo para impugnar la paternidad comience a contar desde el momento en que la persona descubra su verdadero origen biol\u00f3gico.<\/p>\n\n\n\n<p>.<\/p>\n\n\n\n<p>Esta <mark style=\"background-color:#f2ab78\" class=\"has-inline-color has-black-color\"><strong>RESOLUCI\u00d3N<\/strong><\/mark> esta <strong>disponible <\/strong>para quien la conozca y<strong> <mark style=\"background-color:rgba(0, 0, 0, 0);color:#8b0505\" class=\"has-inline-color\">la haga valer.<\/mark><\/strong><\/p>\n\n\n\n<p><strong><mark style=\"background-color:rgba(0, 0, 0, 0);color:#be5205\" class=\"has-inline-color\">Tesis CIVIL<\/mark><\/strong><\/p>\n\n\n\n<p>.<\/p>\n\n\n\n<p class=\"wp-embed-aspect-16-9 wp-has-aspect-ratio\">Si estas en el <strong><mark style=\"background-color:rgba(0, 0, 0, 0)\" class=\"has-inline-color has-vivid-red-color\">Extranjero <\/mark><\/strong>nosotros somos tu <strong><mark style=\"background-color:rgba(0, 0, 0, 0)\" class=\"has-inline-color has-vivid-green-cyan-color\">mejor<\/mark><\/strong> alternativa para <strong><mark style=\"background-color:rgba(0, 0, 0, 0)\" class=\"has-inline-color has-luminous-vivid-orange-color\">velar<\/mark><\/strong> por tus <strong><mark style=\"background-color:rgba(0, 0, 0, 0)\" class=\"has-inline-color has-vivid-cyan-blue-color\">intereses<\/mark><\/strong>, escr\u00edbenos o ll\u00e1manos al Tel <strong>55581-11311<\/strong>.<\/p>\n\n\n\n<p>.<\/p>\n\n\n\n<p>Cuando<strong> necesites<\/strong> ayuda, <strong>asistencia<\/strong> o <strong>planeaci\u00f3n<\/strong> legal, <strong>solicita<\/strong> <strong>Cita Privada<\/strong> <a rel=\"noreferrer noopener\" href=\"mailto:bi@sm99.mx\" target=\"_blank\"><strong>Aqu\u00ed<\/strong><\/a><\/p>\n\n\n\n<p>La informaci\u00f3n que AQU\u00cd te presentamos <strong>deriva<\/strong> de los <strong>Peri\u00f3dicos Oficiales <\/strong>de la<strong> CdMx<\/strong>, <strong>Estado<\/strong> de Mex., Diario <strong>Oficial<\/strong> de la Federaci\u00f3n, Suprema Corte de<strong> Justicia<\/strong> de la Naci\u00f3n, por lo tanto es de <strong>aplicaci\u00f3n OBLIGATORIA<\/strong><\/p>\n\n\n\n<p>La <strong>informaci\u00f3n<\/strong> de hoy procede de la Suprema Corte de Justicia<\/p>\n\n\n\n<p><strong><mark style=\"background-color:rgba(0, 0, 0, 0)\" class=\"has-inline-color has-luminous-vivid-orange-color\">AY\u00daDANOS<\/mark><\/strong> para que m\u00e1s personas conozcan esta informaci\u00f3n, <strong>Comp\u00e1rtelo<\/strong> en tus redes sociales.<\/p>\n","protected":false},"excerpt":{"rendered":"<p>Views: 4 . Este Antecedente: Surge luego de que una persona con 33 a\u00f1os solicit\u00f3 el reconocimiento de paternidad de sus padres biol\u00f3gicos, luego de que en su acta eran sus abuelos maternos quien aparec\u00edan como sus padres. Al emitirse la sentencia el juzgado recondujo la acci\u00f3n a la de contradicci\u00f3n de paternidad prevista por [&hellip;]<\/p>\n","protected":false},"author":3,"featured_media":29796,"comment_status":"closed","ping_status":"open","sticky":false,"template":"","format":"standard","meta":{"_jetpack_memberships_contains_paid_content":false,"footnotes":""},"categories":[4],"tags":[],"jetpack_sharing_enabled":true,"jetpack_featured_media_url":"https:\/\/www.salgadonoticias.com\/wp-content\/uploads\/2024\/09\/PATERNIDAD.jpeg","_links":{"self":[{"href":"https:\/\/www.salgadonoticias.com\/index.php?rest_route=\/wp\/v2\/posts\/29771"}],"collection":[{"href":"https:\/\/www.salgadonoticias.com\/index.php?rest_route=\/wp\/v2\/posts"}],"about":[{"href":"https:\/\/www.salgadonoticias.com\/index.php?rest_route=\/wp\/v2\/types\/post"}],"author":[{"embeddable":true,"href":"https:\/\/www.salgadonoticias.com\/index.php?rest_route=\/wp\/v2\/users\/3"}],"replies":[{"embeddable":true,"href":"https:\/\/www.salgadonoticias.com\/index.php?rest_route=%2Fwp%2Fv2%2Fcomments&post=29771"}],"version-history":[{"count":8,"href":"https:\/\/www.salgadonoticias.com\/index.php?rest_route=\/wp\/v2\/posts\/29771\/revisions"}],"predecessor-version":[{"id":29800,"href":"https:\/\/www.salgadonoticias.com\/index.php?rest_route=\/wp\/v2\/posts\/29771\/revisions\/29800"}],"wp:featuredmedia":[{"embeddable":true,"href":"https:\/\/www.salgadonoticias.com\/index.php?rest_route=\/wp\/v2\/media\/29796"}],"wp:attachment":[{"href":"https:\/\/www.salgadonoticias.com\/index.php?rest_route=%2Fwp%2Fv2%2Fmedia&parent=29771"}],"wp:term":[{"taxonomy":"category","embeddable":true,"href":"https:\/\/www.salgadonoticias.com\/index.php?rest_route=%2Fwp%2Fv2%2Fcategories&post=29771"},{"taxonomy":"post_tag","embeddable":true,"href":"https:\/\/www.salgadonoticias.com\/index.php?rest_route=%2Fwp%2Fv2%2Ftags&post=29771"}],"curies":[{"name":"wp","href":"https:\/\/api.w.org\/{rel}","templated":true}]}}