{"id":29984,"date":"2024-10-16T01:12:00","date_gmt":"2024-10-16T06:12:00","guid":{"rendered":"https:\/\/www.salgadonoticias.com\/?p=29984"},"modified":"2024-10-16T18:50:18","modified_gmt":"2024-10-16T23:50:18","slug":"29984","status":"publish","type":"post","link":"https:\/\/www.salgadonoticias.com\/?p=29984","title":{"rendered":"Notificaciones por WhatsApp en EdoMex &#8230;!!!"},"content":{"rendered":"<p>Views: 14<\/p>\n<p>.<\/p>\n\n\n\n<figure class=\"wp-block-embed is-type-video is-provider-youtube wp-block-embed-youtube wp-embed-aspect-16-9 wp-has-aspect-ratio\"><div class=\"wp-block-embed__wrapper\">\n<iframe loading=\"lazy\" title=\"Notificaciones por WhatsApp en EdoMex...!!!\" width=\"640\" height=\"360\" src=\"https:\/\/www.youtube.com\/embed\/O96TdovVjXM?start=16&#038;feature=oembed\" frameborder=\"0\" allow=\"accelerometer; autoplay; clipboard-write; encrypted-media; gyroscope; picture-in-picture; web-share\" referrerpolicy=\"strict-origin-when-cross-origin\" allowfullscreen><\/iframe>\n<\/div><\/figure>\n\n\n\n<p>.<\/p>\n\n\n\n<p>Se Dice que para<mark style=\"background-color:#f1bd2d\" class=\"has-inline-color\"> <strong>optimizar tiempos y agilizar<\/strong> la <\/mark><mark style=\"background-color:#ff6900\" class=\"has-inline-color\">impartici\u00f3n de <strong>justicia<\/strong><\/mark> en el Edo. de M\u00e9xico se <strong><mark style=\"background-color:rgba(0, 0, 0, 0);color:#9d0505\" class=\"has-inline-color\">AUTORIZA<\/mark><\/strong> la <strong>implementaci\u00f3n<\/strong> de <mark style=\"background-color:#56dd0a\" class=\"has-inline-color\"><strong>NOTIFICACIONES y CITACIONES<\/strong> a trav\u00e9s de <strong>WhatsApp<\/strong><\/mark> en<mark style=\"background-color:rgba(0, 0, 0, 0);color:#51019c\" class=\"has-inline-color\"> <strong><em><u>carpetas y exhortos de los Juzgados de Control, Tribunales de Enjuiciamiento y Juzgados de Ejecuci\u00f3n y del Sistema Integral de Justicia Penal<\/u><\/em><\/strong>.<\/mark><\/p>\n\n\n\n<p>.<\/p>\n\n\n\n<p>Por lo que, las <mark style=\"background-color:rgba(0, 0, 0, 0);color:#b00456\" class=\"has-inline-color\"><strong>partes<\/strong> <\/mark><mark style=\"background-color:rgba(0, 0, 0, 0)\" class=\"has-inline-color has-black-color\">en el <\/mark><mark style=\"background-color:rgba(0, 0, 0, 0);color:#b00456\" class=\"has-inline-color\"><strong>proceso judicial,<\/strong><\/mark><mark style=\"background-color:rgba(0, 0, 0, 0)\" class=\"has-inline-color has-black-color\"> as\u00ed como sus<\/mark><mark style=\"background-color:rgba(0, 0, 0, 0);color:#b00456\" class=\"has-inline-color\"> <strong>representantes legales<\/strong> <\/mark><strong><mark style=\"background-color:#ff6900\" class=\"has-inline-color has-black-color\">podr\u00e1n<\/mark><\/strong><mark style=\"background-color:rgba(0, 0, 0, 0);color:#b00456\" class=\"has-inline-color\"> <strong>usar esta aplicaci\u00f3n como medio para ser citados y notificados de acuerdo con las disposiciones del C\u00f3digo Nacional de Procedimientos Penales<\/strong>; <\/mark><mark style=\"background-color:rgba(0, 0, 0, 0)\" class=\"has-inline-color has-black-color\">de esta manera se eficientizan y<\/mark><mark style=\"background-color:rgba(0, 0, 0, 0);color:#b00456\" class=\"has-inline-color\"><strong> reducen<\/strong> los <strong>traslados de las y los actuarios<\/strong> <\/mark>en la materia continuando con el <strong>uso del Tribunal <mark style=\"background-color:rgba(0, 0, 0, 0)\" class=\"has-inline-color has-vivid-red-color\">Electr\u00f3nico<\/mark><\/strong> del PJEdoMex.<\/p>\n\n\n\n<p>Los<strong> interesados <\/strong>en hacer <strong>uso<\/strong> de esta nueva modalidad deber\u00e1n tomar en cuenta lo siguiente:<\/p>\n\n\n\n<ul>\n<li><mark style=\"background-color:#f4a8bb\" class=\"has-inline-color\"><strong>Solicitar<\/strong> bajo su responsabilidad <\/mark><strong><mark style=\"background-color:#9b51e0\" class=\"has-inline-color\">en audiencia o mediante promoci\u00f3n<\/mark><\/strong><mark style=\"background-color:#f4a8bb\" class=\"has-inline-color\"> <strong>dar de alta el n\u00famero telef\u00f3nico<\/strong> vinculado a la aplicaci\u00f3n y proporcionar una <\/mark><mark style=\"background-color:#9b51e0\" class=\"has-inline-color\">direcci\u00f3n de correo electr\u00f3nico<\/mark><mark style=\"background-color:#f4a8bb\" class=\"has-inline-color\"> para el env\u00edo de los anexos e informaci\u00f3n adicional.<\/mark><\/li>\n\n\n\n<li><mark style=\"background-color:#91cef1\" class=\"has-inline-color\">El o la <\/mark><mark style=\"background-color:#00d084\" class=\"has-inline-color\">jefa<\/mark><mark style=\"background-color:#91cef1\" class=\"has-inline-color\"> de causa o sala ser\u00e1n los encargados del <strong>proceso de alta<\/strong> en el expediente electr\u00f3nico y la <strong>activaci\u00f3n de las cuentas<\/strong> en los casos que lo soliciten.<\/mark><\/li>\n\n\n\n<li><mark style=\"background-color:#f29450\" class=\"has-inline-color has-black-color\"><strong>No<\/strong> podr\u00e1 <strong>asociarse m\u00e1s de un n\u00famero telef\u00f3nico<\/strong> por cada usuario. As\u00ed que, si se nombran varios defensores, asesores jur\u00eddicos o agentes del Ministerio P\u00fablico, <strong>cada uno tendr\u00e1 que darse de alta<\/strong>;<\/mark><\/li>\n\n\n\n<li><mark style=\"background-color:#67f359\" class=\"has-inline-color\">La <strong>baja del servicio<\/strong>, DEBER\u00c1 de <strong>ser autorizado y ordenado por la autoridad jurisdiccional.<\/strong><\/mark><\/li>\n\n\n\n<li><mark style=\"background-color:#cc9ff6\" class=\"has-inline-color\">Cada <strong>usuario<\/strong> tendr\u00e1 que <strong>cerciorarse<\/strong> que el n\u00famero vinculado <strong>cuenta en todo momento con la aplicaci\u00f3n m\u00f3vil mencionada<\/strong>, en un dispositivo con los requerimientos tecnol\u00f3gicos y <strong>almacenamiento<\/strong> <em><u>suficiente<\/u><\/em> para <strong>visualizar los archivos adjuntos en la notificaci\u00f3n<\/strong>.<\/mark><\/li>\n<\/ul>\n\n\n\n<p>.<\/p>\n\n\n\n<p><mark style=\"background-color:rgba(0, 0, 0, 0);color:#dc0404\" class=\"has-inline-color\"><strong>PJEDOMEX refiere<\/strong> <\/mark><mark style=\"background-color:rgba(0, 0, 0, 0)\" class=\"has-inline-color has-black-color\">que las<\/mark><mark style=\"background-color:rgba(0, 0, 0, 0);color:#dc0404\" class=\"has-inline-color\"> <em><strong>causas, carpetas radicadas y exhortos en los Juzgados de Control, Ejecuci\u00f3n Penal y tribunales de Enjuiciamiento<\/strong><\/em>,<\/mark><mark style=\"background-color:rgba(0, 0, 0, 0)\" class=\"has-inline-color has-black-color\"> de<\/mark><mark style=\"background-color:rgba(0, 0, 0, 0);color:#dc0404\" class=\"has-inline-color\"> <strong>enero a septiembre de este a\u00f1o fueron 271 mil 164<\/strong>; <\/mark><mark style=\"background-color:rgba(0, 0, 0, 0)\" class=\"has-inline-color has-black-color\">mientras que en el <\/mark><mark style=\"background-color:rgba(0, 0, 0, 0);color:#dc0404\" class=\"has-inline-color\"><strong>Sistema Integral de Justicia para Adolescentes 8 mil 17<\/strong><\/mark> en el mismo periodo.<\/p>\n\n\n\n<p>Por lo que, la Autoridad se\u00f1ala que las <mark style=\"background-color:rgba(0, 0, 0, 0);color:#0c0490\" class=\"has-inline-color\"><em><strong>herramientas tecnol\u00f3gicas<\/strong><\/em> <\/mark><mark style=\"background-color:rgba(0, 0, 0, 0)\" class=\"has-inline-color has-black-color\">tales como el <\/mark><mark style=\"background-color:rgba(0, 0, 0, 0);color:#0c0490\" class=\"has-inline-color\"><strong>Tribunal Electr\u00f3nico y la Firma Electr\u00f3nica FeJEM,<\/strong> a las que se pueden acceder desde cualquier tel\u00e9fono celular ya sea Android o iOS, <strong>acercan los servicios a la ciudadan\u00eda de manera \u00e1gil y sencilla en cualquier lugar y a cualquier hora<\/strong>.<\/mark><\/p>\n\n\n\n<p>.<\/p>\n\n\n\n<p>Da click <strong><mark style=\"background-color:rgba(0, 0, 0, 0)\" class=\"has-inline-color has-vivid-red-color\">aqu\u00ed<\/mark><\/strong> para ver el Acuerdo <strong><mark style=\"background-color:rgba(0, 0, 0, 0)\" class=\"has-inline-color has-vivid-red-color\">Completo<\/mark><\/strong> &#8230; <\/p>\n\n\n\n<p><a href=\"https:\/\/legislacion.edomex.gob.mx\/sites\/legislacion.edomex.gob.mx\/files\/files\/pdf\/gct\/2024\/octubre\/oct151\/oct151c.pdf\">https:\/\/legislacion.edomex.gob.mx\/sites\/legislacion.edomex.gob.mx\/files\/files\/pdf\/gct\/2024\/octubre\/oct151\/oct151c.pdf<\/a><\/p>\n\n\n\n<p>.<\/p>\n\n\n\n<p>.<\/p>\n\n\n\n<p class=\"wp-embed-aspect-16-9 wp-has-aspect-ratio\">Si estas en el <strong><mark style=\"background-color:rgba(0, 0, 0, 0)\" class=\"has-inline-color has-vivid-red-color\">Extranjero <\/mark><\/strong>nosotros somos tu <strong><mark style=\"background-color:rgba(0, 0, 0, 0)\" class=\"has-inline-color has-vivid-green-cyan-color\">mejor<\/mark><\/strong> alternativa para <strong><mark style=\"background-color:rgba(0, 0, 0, 0)\" class=\"has-inline-color has-luminous-vivid-orange-color\">velar<\/mark><\/strong> por tus <strong><mark style=\"background-color:rgba(0, 0, 0, 0)\" class=\"has-inline-color has-vivid-cyan-blue-color\">intereses<\/mark><\/strong>, escr\u00edbenos o ll\u00e1manos al Tel <strong>55581-11311<\/strong>.<\/p>\n\n\n\n<p>Cuando<strong> necesites<\/strong> ayuda, <strong>asistencia<\/strong> o <strong>planeaci\u00f3n<\/strong> legal, <strong>solicita<\/strong> <strong>Cita Privada<\/strong> <a rel=\"noreferrer noopener\" href=\"mailto:bi@sm99.mx\" target=\"_blank\"><strong>Aqu\u00ed<\/strong><\/a><\/p>\n\n\n\n<p>La informaci\u00f3n que AQU\u00cd te presentamos <strong>deriva<\/strong> de los <strong>Peri\u00f3dicos Oficiales <\/strong>de la<strong> CdMx<\/strong>, <strong>Estado<\/strong> de Mex., Diario <strong>Oficial<\/strong> de la Federaci\u00f3n, Suprema Corte de<strong> Justicia<\/strong> de la Naci\u00f3n, por lo tanto es de <strong>aplicaci\u00f3n OBLIGATORIA<\/strong><\/p>\n\n\n\n<p>La <strong>informaci\u00f3n<\/strong> de hoy procede la Gaceta del EdoMex.<\/p>\n\n\n\n<p><strong><mark style=\"background-color:rgba(0, 0, 0, 0)\" class=\"has-inline-color has-luminous-vivid-orange-color\">AY\u00daDANOS<\/mark><\/strong> para que m\u00e1s personas conozcan esta informaci\u00f3n, <strong>Comp\u00e1rtelo<\/strong> en tus redes sociales.<\/p>\n","protected":false},"excerpt":{"rendered":"<p>Views: 14 . . Se Dice que para optimizar tiempos y agilizar la impartici\u00f3n de justicia en el Edo. de M\u00e9xico se AUTORIZA la implementaci\u00f3n de NOTIFICACIONES y CITACIONES a trav\u00e9s de WhatsApp en carpetas y exhortos de los Juzgados de Control, Tribunales de Enjuiciamiento y Juzgados de Ejecuci\u00f3n y del Sistema Integral de Justicia [&hellip;]<\/p>\n","protected":false},"author":3,"featured_media":29989,"comment_status":"closed","ping_status":"open","sticky":false,"template":"","format":"standard","meta":{"_jetpack_memberships_contains_paid_content":false,"footnotes":""},"categories":[8],"tags":[],"jetpack_sharing_enabled":true,"jetpack_featured_media_url":"https:\/\/www.salgadonoticias.com\/wp-content\/uploads\/2024\/10\/WHATS.jpg","_links":{"self":[{"href":"https:\/\/www.salgadonoticias.com\/index.php?rest_route=\/wp\/v2\/posts\/29984"}],"collection":[{"href":"https:\/\/www.salgadonoticias.com\/index.php?rest_route=\/wp\/v2\/posts"}],"about":[{"href":"https:\/\/www.salgadonoticias.com\/index.php?rest_route=\/wp\/v2\/types\/post"}],"author":[{"embeddable":true,"href":"https:\/\/www.salgadonoticias.com\/index.php?rest_route=\/wp\/v2\/users\/3"}],"replies":[{"embeddable":true,"href":"https:\/\/www.salgadonoticias.com\/index.php?rest_route=%2Fwp%2Fv2%2Fcomments&post=29984"}],"version-history":[{"count":6,"href":"https:\/\/www.salgadonoticias.com\/index.php?rest_route=\/wp\/v2\/posts\/29984\/revisions"}],"predecessor-version":[{"id":30005,"href":"https:\/\/www.salgadonoticias.com\/index.php?rest_route=\/wp\/v2\/posts\/29984\/revisions\/30005"}],"wp:featuredmedia":[{"embeddable":true,"href":"https:\/\/www.salgadonoticias.com\/index.php?rest_route=\/wp\/v2\/media\/29989"}],"wp:attachment":[{"href":"https:\/\/www.salgadonoticias.com\/index.php?rest_route=%2Fwp%2Fv2%2Fmedia&parent=29984"}],"wp:term":[{"taxonomy":"category","embeddable":true,"href":"https:\/\/www.salgadonoticias.com\/index.php?rest_route=%2Fwp%2Fv2%2Fcategories&post=29984"},{"taxonomy":"post_tag","embeddable":true,"href":"https:\/\/www.salgadonoticias.com\/index.php?rest_route=%2Fwp%2Fv2%2Ftags&post=29984"}],"curies":[{"name":"wp","href":"https:\/\/api.w.org\/{rel}","templated":true}]}}