{"id":30129,"date":"2024-10-26T02:52:00","date_gmt":"2024-10-26T07:52:00","guid":{"rendered":"https:\/\/www.salgadonoticias.com\/?p=30129"},"modified":"2024-10-28T13:19:33","modified_gmt":"2024-10-28T19:19:33","slug":"30129","status":"publish","type":"post","link":"https:\/\/www.salgadonoticias.com\/?p=30129","title":{"rendered":"CONVOCATORIA para MEDIADORES PRIVADOS en EdoMex&#8230;!!!"},"content":{"rendered":"<p>Views: 164<\/p>\n<p>.<\/p>\n\n\n\n<p>Aspirantes a <strong><mark style=\"background-color:#9df1eb\" class=\"has-inline-color\">Mediadores <\/mark><\/strong><mark style=\"background-color:#9df1eb\" class=\"has-inline-color\">o<\/mark><strong><mark style=\"background-color:#9df1eb\" class=\"has-inline-color\"> Conciliadores <\/mark><mark style=\"background-color:#9df1eb\" class=\"has-inline-color has-vivid-red-color\">Privados<\/mark><\/strong><\/p>\n\n\n\n<p>El Poder Judicial hace la<span style=\"color:#0f40bb\" class=\"has-inline-color\"> <\/span><strong><mark style=\"background-color:rgba(0, 0, 0, 0);color:#bd0c0c\" class=\"has-inline-color\">CONVOCATORIA<\/mark><\/strong> a las y los aspirantes a la<strong> Certificaci\u00f3n<\/strong> como <strong><mark style=\"background-color:rgba(0, 0, 0, 0)\" class=\"has-inline-color has-vivid-red-color\">Mediadores a presentar su solicitud para ser admitidos a los ex\u00e1menes de oposici\u00f3n<\/mark><\/strong>.<\/p>\n\n\n\n<p>Las<strong> bases<\/strong>:<\/p>\n\n\n\n<ul>\n<li>Deber\u00e1n <strong>satisfacer<\/strong> los siguientes<strong><span class=\"has-inline-color has-luminous-vivid-orange-color\"> <\/span><mark style=\"background-color:rgba(0, 0, 0, 0);color:#a50b45\" class=\"has-inline-color\">requisitos<\/mark><\/strong>:\n<ul>\n<li>Ser <strong>mexicano<\/strong><\/li>\n\n\n\n<li>Tener cuando menos <strong>25 a\u00f1os<\/strong> al d\u00eda de la publicaci\u00f3n de la presente convocatoria;<\/li>\n\n\n\n<li>Contar con <strong>residencia<\/strong> en el Estado de M\u00e9xico;<\/li>\n\n\n\n<li>Contar con <strong>t\u00edtulo de licenciado<\/strong> en medios alternos de soluci\u00f3n de controversias, derecho, psicolog\u00eda, sociolog\u00eda, antropolog\u00eda, trabajo social, o afines;<\/li>\n\n\n\n<li><strong>Solicitud<\/strong> de las personas interesadas, con <strong>exposici\u00f3n de motivos<\/strong> que justifique la petici\u00f3n de obtener Certificaci\u00f3n como Mediador (a) \u2013 Conciliador (a) P\u00fablico (a) Municipal;<\/li>\n\n\n\n<li><strong>Ficha<\/strong> de inscripci\u00f3n;<\/li>\n\n\n\n<li>Aprobar el <strong>curso de formaci\u00f3n<\/strong> de Mediador (a) \u2013 Conciliador (a) P\u00fablico (a) Municipal; y<\/li>\n\n\n\n<li><strong>Aprobar <\/strong>los<strong> ex\u00e1menes<\/strong> de aptitudes profesionales, te\u00f3rico y pr\u00e1ctico<\/li>\n<\/ul>\n<\/li>\n<\/ul>\n\n\n\n<ul>\n<li>Los aspirantes deber\u00e1n <strong>enviar <\/strong>escaneados en formato <strong>PDF<\/strong> al correo electr\u00f3nico <mark style=\"background-color:rgba(0, 0, 0, 0);color:#018152\" class=\"has-inline-color\"><strong>direccion.certificaci\u00f3n@pjedomex.gob.mx<\/strong> <\/mark>a <strong>mas tardar<\/strong> el <strong><mark style=\"background-color:rgba(0, 0, 0, 0)\" class=\"has-inline-color has-vivid-red-color\">8 de diciembre<\/mark><\/strong> toda su documentaci\u00f3n.<\/li>\n<\/ul>\n\n\n\n<ul>\n<li>Los<mark style=\"background-color:rgba(0, 0, 0, 0);color:#a205b8\" class=\"has-inline-color\"> <strong>ex\u00e1menes<\/strong><\/mark><mark style=\"background-color:rgba(0, 0, 0, 0)\" class=\"has-inline-color has-black-color\"> se realizar\u00e1n en la<\/mark><mark style=\"background-color:rgba(0, 0, 0, 0);color:#a205b8\" class=\"has-inline-color\"><strong> Escuela Judicial de Toluca<\/strong><\/mark>, ubicada en calle Josefa Ortiz de Dom\u00ednguez Norte 306, Colonia Santa Clara, Toluca, Estado de M\u00e9xico<\/li>\n<\/ul>\n\n\n\n<p>Estas son la fechas y etapas del proceso de la convocatoria:<\/p>\n\n\n\n<p><strong>Calendario<\/strong><\/p>\n\n\n\n<figure class=\"wp-block-table is-style-stripes\"><table><tbody><tr><td class=\"has-text-align-center\" data-align=\"center\"><strong>Actividad<\/strong><\/td><td><\/td><td><\/td><td><\/td><td class=\"has-text-align-center\" data-align=\"center\"><strong>Fecha<\/strong><\/td><\/tr><tr><td class=\"has-text-align-center\" data-align=\"center\"><strong>Inscripci\u00f3n y env\u00edo de documentos<\/strong> <strong>por mail<\/strong><\/td><td><\/td><td><\/td><td><\/td><td class=\"has-text-align-center\" data-align=\"center\"><strong>7 y 8 de noviembre<\/strong> <strong>2024<\/strong><\/td><\/tr><tr><td class=\"has-text-align-center\" data-align=\"center\"><strong>Curso<\/strong> <strong><mark style=\"background-color:rgba(0, 0, 0, 0)\" class=\"has-inline-color has-vivid-red-color\">dos grupos<\/mark><\/strong><\/td><td><\/td><td><\/td><td><\/td><td class=\"has-text-align-center\" data-align=\"center\"><strong> 1er grupo 26, 27 y 28 noviembre 2024<\/strong><br><strong>2do. grupo 3, 4 y 5 de diciembre 2024<\/strong><\/td><\/tr><tr><td class=\"has-text-align-center\" data-align=\"center\"><strong>Examen <span class=\"has-inline-color has-luminous-vivid-orange-color\">Te\u00f3rico<\/span><\/strong><\/td><td><\/td><td><\/td><td><\/td><td class=\"has-text-align-center\" data-align=\"center\"><strong>Suficiente promedio general  que acredite con su certificado de la licenciatura en Medios Alternos de Soluci\u00f3n de Controversias.<\/strong><\/td><\/tr><tr><td class=\"has-text-align-center\" data-align=\"center\"><strong>Examen<\/strong> de<mark style=\"background-color:rgba(0, 0, 0, 0);color:#057d51\" class=\"has-inline-color\"> <\/mark><strong><mark style=\"background-color:rgba(0, 0, 0, 0);color:#7307d7\" class=\"has-inline-color\">aptitudes profesionales<\/mark><\/strong><\/td><td><\/td><td><\/td><td><\/td><td class=\"has-text-align-center\" data-align=\"center\"><strong>9 de diciembre de 2024<\/strong><\/td><\/tr><tr><td class=\"has-text-align-center\" data-align=\"center\"><strong>Examen <mark style=\"background-color:rgba(0, 0, 0, 0);color:#08b339\" class=\"has-inline-color\">Pr\u00e1ctico<\/mark><\/strong><\/td><td><\/td><td><\/td><td><\/td><td class=\"has-text-align-center\" data-align=\"center\"><strong>11, 12 y 13 de diciembre 2024<\/strong><\/td><\/tr><tr><td class=\"has-text-align-center\" data-align=\"center\"><strong>Resultados<\/strong><\/td><td><\/td><td><\/td><td><\/td><td class=\"has-text-align-center\" data-align=\"center\"><strong>17 de Diciembre de 2024<\/strong><\/td><\/tr><tr><td class=\"has-text-align-center\" data-align=\"center\"><\/td><td><\/td><td><\/td><td><\/td><td class=\"has-text-align-center\" data-align=\"center\"><\/td><\/tr><\/tbody><\/table><\/figure>\n\n\n\n<p>La fecha y hora para llevar a cabo la<strong> ceremonia<\/strong> de <strong>entrega <\/strong>de <strong>constancias de certificaci\u00f3n<\/strong> se <strong><span class=\"has-inline-color has-vivid-red-color\">notificar\u00e1 de manera oportuna<\/span>.<\/strong><\/p>\n\n\n\n<p>.<\/p>\n\n\n\n<p class=\"wp-embed-aspect-16-9 wp-has-aspect-ratio\">Si estas en el <strong><mark style=\"background-color:rgba(0, 0, 0, 0)\" class=\"has-inline-color has-vivid-red-color\">Extranjero <\/mark><\/strong>nosotros somos tu <strong><mark style=\"background-color:rgba(0, 0, 0, 0)\" class=\"has-inline-color has-vivid-green-cyan-color\">mejor<\/mark><\/strong> alternativa para <strong><mark style=\"background-color:rgba(0, 0, 0, 0)\" class=\"has-inline-color has-luminous-vivid-orange-color\">velar<\/mark><\/strong> por tus <strong><mark style=\"background-color:rgba(0, 0, 0, 0)\" class=\"has-inline-color has-vivid-cyan-blue-color\">intereses<\/mark><\/strong>, escr\u00edbenos o ll\u00e1manos al Tel <strong>55581-11311<\/strong>.<\/p>\n\n\n\n<p>Cuando<strong> necesites<\/strong> ayuda, <strong>asistencia<\/strong> o <strong>planeaci\u00f3n<\/strong> legal, <strong>solicita<\/strong> <strong>Cita Privada<\/strong> <a rel=\"noreferrer noopener\" href=\"mailto:bi@sm99.mx\" target=\"_blank\"><strong>Aqu\u00ed<\/strong><\/a><\/p>\n\n\n\n<p>La informaci\u00f3n que AQU\u00cd te presentamos <strong>deriva<\/strong> de los <strong>Peri\u00f3dicos Oficiales <\/strong>de la<strong> CdMx<\/strong>, <strong>Estado<\/strong> de Mex., Diario <strong>Oficial<\/strong> de la Federaci\u00f3n, Suprema Corte de<strong> Justicia<\/strong> de la Naci\u00f3n, por lo tanto es de <strong>aplicaci\u00f3n OBLIGATORIA<\/strong><\/p>\n\n\n\n<p>La <strong>informaci\u00f3n<\/strong> de hoy procede de la Gaceta del EdoMex<\/p>\n\n\n\n<p><strong><mark style=\"background-color:rgba(0, 0, 0, 0)\" class=\"has-inline-color has-luminous-vivid-orange-color\">AY\u00daDANOS<\/mark><\/strong> para que m\u00e1s personas conozcan esta informaci\u00f3n, <strong>Comp\u00e1rtelo<\/strong> en tus redes sociales.<\/p>\n","protected":false},"excerpt":{"rendered":"<p>Views: 164 . Aspirantes a Mediadores o Conciliadores Privados El Poder Judicial hace la CONVOCATORIA a las y los aspirantes a la Certificaci\u00f3n como Mediadores a presentar su solicitud para ser admitidos a los ex\u00e1menes de oposici\u00f3n. Las bases: Estas son la fechas y etapas del proceso de la convocatoria: Calendario Actividad Fecha Inscripci\u00f3n y [&hellip;]<\/p>\n","protected":false},"author":3,"featured_media":30133,"comment_status":"closed","ping_status":"open","sticky":false,"template":"","format":"standard","meta":{"_jetpack_memberships_contains_paid_content":false,"footnotes":""},"categories":[8],"tags":[],"jetpack_sharing_enabled":true,"jetpack_featured_media_url":"https:\/\/www.salgadonoticias.com\/wp-content\/uploads\/2024\/10\/mediadores.jpg","_links":{"self":[{"href":"https:\/\/www.salgadonoticias.com\/index.php?rest_route=\/wp\/v2\/posts\/30129"}],"collection":[{"href":"https:\/\/www.salgadonoticias.com\/index.php?rest_route=\/wp\/v2\/posts"}],"about":[{"href":"https:\/\/www.salgadonoticias.com\/index.php?rest_route=\/wp\/v2\/types\/post"}],"author":[{"embeddable":true,"href":"https:\/\/www.salgadonoticias.com\/index.php?rest_route=\/wp\/v2\/users\/3"}],"replies":[{"embeddable":true,"href":"https:\/\/www.salgadonoticias.com\/index.php?rest_route=%2Fwp%2Fv2%2Fcomments&post=30129"}],"version-history":[{"count":5,"href":"https:\/\/www.salgadonoticias.com\/index.php?rest_route=\/wp\/v2\/posts\/30129\/revisions"}],"predecessor-version":[{"id":30146,"href":"https:\/\/www.salgadonoticias.com\/index.php?rest_route=\/wp\/v2\/posts\/30129\/revisions\/30146"}],"wp:featuredmedia":[{"embeddable":true,"href":"https:\/\/www.salgadonoticias.com\/index.php?rest_route=\/wp\/v2\/media\/30133"}],"wp:attachment":[{"href":"https:\/\/www.salgadonoticias.com\/index.php?rest_route=%2Fwp%2Fv2%2Fmedia&parent=30129"}],"wp:term":[{"taxonomy":"category","embeddable":true,"href":"https:\/\/www.salgadonoticias.com\/index.php?rest_route=%2Fwp%2Fv2%2Fcategories&post=30129"},{"taxonomy":"post_tag","embeddable":true,"href":"https:\/\/www.salgadonoticias.com\/index.php?rest_route=%2Fwp%2Fv2%2Ftags&post=30129"}],"curies":[{"name":"wp","href":"https:\/\/api.w.org\/{rel}","templated":true}]}}