{"id":30251,"date":"2024-11-07T01:00:00","date_gmt":"2024-11-07T07:00:00","guid":{"rendered":"https:\/\/www.salgadonoticias.com\/?p=30251"},"modified":"2024-11-07T16:36:25","modified_gmt":"2024-11-07T22:36:25","slug":"30251","status":"publish","type":"post","link":"https:\/\/www.salgadonoticias.com\/?p=30251","title":{"rendered":"Tribunales Civiles y Familiares M\u00d3VILES en EdoMex&#8230; \u00a1\u00a1\u00a1\u00a1"},"content":{"rendered":"<p>Views: 31<\/p>\n<p>&#8211;<\/p>\n\n\n\n<figure class=\"wp-block-embed is-type-video is-provider-youtube wp-block-embed-youtube wp-embed-aspect-16-9 wp-has-aspect-ratio\"><div class=\"wp-block-embed__wrapper\">\n<iframe loading=\"lazy\" title=\"Tribunales Civiles y Familiares M\u00d3VILES en el EdoMex...!!!\" width=\"640\" height=\"360\" src=\"https:\/\/www.youtube.com\/embed\/y_a8dzjyMYA?feature=oembed\" frameborder=\"0\" allow=\"accelerometer; autoplay; clipboard-write; encrypted-media; gyroscope; picture-in-picture; web-share\" referrerpolicy=\"strict-origin-when-cross-origin\" allowfullscreen><\/iframe>\n<\/div><\/figure>\n\n\n\n<p>.<\/p>\n\n\n\n<p><mark style=\"background-color:#cf2e2e\" class=\"has-inline-color\">A partir de HOY<\/mark>, jueves <mark style=\"background-color:rgba(0, 0, 0, 0);color:#b80404\" class=\"has-inline-color\"><strong>7 de noviembre<\/strong> <\/mark>del actual, empezaran a <strong>OPERAR<\/strong> los <mark style=\"background-color:#f7bb17\" class=\"has-inline-color\"><strong>Tribunales<\/strong> <strong>ITINERANTES<\/strong> en materia <strong>FAMILIAR y CIVIL<\/strong><\/mark>, su objetivo &#8220;se dice&#8221; es <strong><mark style=\"background-color:rgba(0, 0, 0, 0);color:#960606\" class=\"has-inline-color\">acercar la justicia<\/mark><\/strong> a lugares remotos de la entidad que por alguna raz\u00f3n <span style=\"text-decoration: underline;\">no cuenta con una sede<\/span> del<strong>&nbsp;Poder Judicial del EdoMex<\/strong>.<\/p>\n\n\n\n<p>Estos Tribunales <mark style=\"background-color:#93eeca\" class=\"has-inline-color\"><strong>atender\u00e1n<\/strong> de <strong>8:30 a 15:30<\/strong> horas, de <strong>lunes a viernes<\/strong><\/mark> y los  los <strong><mark style=\"background-color:#7bd9b4\" class=\"has-inline-color\">servicios<\/mark><\/strong> que brindar\u00e1 al p\u00fablico son:<\/p>\n\n\n\n<ul>\n<li><mark style=\"background-color:rgba(0, 0, 0, 0);color:#03476f\" class=\"has-inline-color\"><strong>Asesor\u00eda sobre el Tribunal Electr\u00f3nico y Otorgar la FeJEM<\/strong><\/mark><\/li>\n\n\n\n<li><mark style=\"background-color:rgba(0, 0, 0, 0);color:#ae0505\" class=\"has-inline-color\"><strong>Recibir\u00e1<\/strong> <strong>promociones<\/strong> y permitir\u00e1 la <strong>consulta de expedientes<\/strong> a trav\u00e9s de dispositivos electr\u00f3nic<\/mark><mark style=\"background-color:rgba(0, 0, 0, 0)\" class=\"has-inline-color has-vivid-red-color\">os  <\/mark><\/li>\n\n\n\n<li><mark style=\"background-color:rgba(0, 0, 0, 0);color:#2e9503\" class=\"has-inline-color\"><strong>Celebrar Audiencias<\/strong><\/mark><\/li>\n\n\n\n<li><strong>Expedir y entregar copias CERTIFICADAS;<\/strong><\/li>\n\n\n\n<li><strong><mark style=\"background-color:rgba(0, 0, 0, 0);color:#aa055f\" class=\"has-inline-color\">Realizar notificaciones personales <\/mark><\/strong><mark style=\"background-color:rgba(0, 0, 0, 0);color:#aa055f\" class=\"has-inline-color\">y todas las diligencias para el debido cumplimiento de las resoluciones.<\/mark><\/li>\n\n\n\n<li><strong><mark style=\"background-color:rgba(0, 0, 0, 0);color:#048c5a\" class=\"has-inline-color\">Devolver documentos.<\/mark><\/strong><\/li>\n\n\n\n<li><strong><mark style=\"background-color:rgba(0, 0, 0, 0);color:#49048a\" class=\"has-inline-color\">Desahogar la prueba de recuento;<\/mark><\/strong><\/li>\n\n\n\n<li><mark style=\"background-color:rgba(0, 0, 0, 0);color:#b64f06\" class=\"has-inline-color\"><strong>Pr\u00e1ctica de valoraci\u00f3n pericial<\/strong><\/mark><\/li>\n\n\n\n<li><strong><mark style=\"background-color:rgba(0, 0, 0, 0);color:#c9f60d\" class=\"has-inline-color\">Cualquier otra permitida por la Ley<\/mark><\/strong><\/li>\n<\/ul>\n\n\n\n<p>.<\/p>\n\n\n\n<p>Da click aqu\u00ed ??para ver informaci\u00f3n completa&#8230;<\/p>\n\n\n\n<p><a href=\"https:\/\/legislacion.edomex.gob.mx\/sites\/legislacion.edomex.gob.mx\/files\/files\/pdf\/gct\/2024\/noviembre\/nov061\/nov061e.pdf\">https:\/\/legislacion.edomex.gob.mx\/sites\/legislacion.edomex.gob.mx\/files\/files\/pdf\/gct\/2024\/noviembre\/nov061\/nov061e.pdf<\/a><\/p>\n\n\n\n<p>.<\/p>\n\n\n\n<p>Tambi\u00e9n te puede interesar&#8230;<\/p>\n\n\n\n<p><a href=\"https:\/\/www.salgadonoticias.com\/wp-admin\/post.php?post=27052&amp;action=edit\">Justicia Laboral Itinerante en EdoMex\u2026!!!<\/a><\/p>\n\n\n\n<p><\/p>\n\n\n\n<p>.<\/p>\n\n\n\n<p class=\"wp-embed-aspect-16-9 wp-has-aspect-ratio\">Si estas en el <strong><mark style=\"background-color:rgba(0, 0, 0, 0)\" class=\"has-inline-color has-vivid-red-color\">Extranjero <\/mark><\/strong>nosotros somos tu <strong><mark style=\"background-color:rgba(0, 0, 0, 0)\" class=\"has-inline-color has-vivid-green-cyan-color\">mejor<\/mark><\/strong> alternativa para <strong><mark style=\"background-color:rgba(0, 0, 0, 0)\" class=\"has-inline-color has-luminous-vivid-orange-color\">velar<\/mark><\/strong> por tus <strong><mark style=\"background-color:rgba(0, 0, 0, 0)\" class=\"has-inline-color has-vivid-cyan-blue-color\">intereses<\/mark><\/strong>, escr\u00edbenos o ll\u00e1manos al Tel <strong>55581-11311<\/strong>.<\/p>\n\n\n\n<p>Cuando<strong> necesites<\/strong> ayuda, <strong>asistencia<\/strong> o <strong>planeaci\u00f3n<\/strong> legal, <strong>solicita<\/strong> <strong>Cita Privada<\/strong> <a href=\"mailto:bi@sm99.mx\" target=\"_blank\" rel=\"noreferrer noopener\"><strong>Aqu\u00ed<\/strong><\/a><\/p>\n\n\n\n<p>La informaci\u00f3n que AQU\u00cd te presentamos <strong>deriva<\/strong> de los <strong>Peri\u00f3dicos Oficiales <\/strong>de la<strong> CdMx<\/strong>, <strong>Estado<\/strong> de Mex., Diario <strong>Oficial<\/strong> de la Federaci\u00f3n, Suprema Corte de<strong> Justicia<\/strong> de la Naci\u00f3n, por lo tanto es de <strong>aplicaci\u00f3n OBLIGATORIA<\/strong><\/p>\n\n\n\n<p>La <strong>informaci\u00f3n<\/strong> de hoy procede de la Gaceta del EdoMex.<\/p>\n\n\n\n<p><strong><mark style=\"background-color:rgba(0, 0, 0, 0)\" class=\"has-inline-color has-luminous-vivid-orange-color\">AY\u00daDANOS<\/mark><\/strong> para que m\u00e1s personas conozcan esta informaci\u00f3n, <strong>Comp\u00e1rtelo<\/strong> en tus redes sociales<\/p>\n","protected":false},"excerpt":{"rendered":"<p>Views: 31 &#8211; . A partir de HOY, jueves 7 de noviembre del actual, empezaran a OPERAR los Tribunales ITINERANTES en materia FAMILIAR y CIVIL, su objetivo &#8220;se dice&#8221; es acercar la justicia a lugares remotos de la entidad que por alguna raz\u00f3n no cuenta con una sede del&nbsp;Poder Judicial del EdoMex. Estos Tribunales atender\u00e1n [&hellip;]<\/p>\n","protected":false},"author":3,"featured_media":30256,"comment_status":"closed","ping_status":"open","sticky":false,"template":"","format":"standard","meta":{"_jetpack_memberships_contains_paid_content":false,"footnotes":""},"categories":[8],"tags":[],"jetpack_sharing_enabled":true,"jetpack_featured_media_url":"https:\/\/www.salgadonoticias.com\/wp-content\/uploads\/2024\/11\/justicia.jpg","_links":{"self":[{"href":"https:\/\/www.salgadonoticias.com\/index.php?rest_route=\/wp\/v2\/posts\/30251"}],"collection":[{"href":"https:\/\/www.salgadonoticias.com\/index.php?rest_route=\/wp\/v2\/posts"}],"about":[{"href":"https:\/\/www.salgadonoticias.com\/index.php?rest_route=\/wp\/v2\/types\/post"}],"author":[{"embeddable":true,"href":"https:\/\/www.salgadonoticias.com\/index.php?rest_route=\/wp\/v2\/users\/3"}],"replies":[{"embeddable":true,"href":"https:\/\/www.salgadonoticias.com\/index.php?rest_route=%2Fwp%2Fv2%2Fcomments&post=30251"}],"version-history":[{"count":9,"href":"https:\/\/www.salgadonoticias.com\/index.php?rest_route=\/wp\/v2\/posts\/30251\/revisions"}],"predecessor-version":[{"id":30277,"href":"https:\/\/www.salgadonoticias.com\/index.php?rest_route=\/wp\/v2\/posts\/30251\/revisions\/30277"}],"wp:featuredmedia":[{"embeddable":true,"href":"https:\/\/www.salgadonoticias.com\/index.php?rest_route=\/wp\/v2\/media\/30256"}],"wp:attachment":[{"href":"https:\/\/www.salgadonoticias.com\/index.php?rest_route=%2Fwp%2Fv2%2Fmedia&parent=30251"}],"wp:term":[{"taxonomy":"category","embeddable":true,"href":"https:\/\/www.salgadonoticias.com\/index.php?rest_route=%2Fwp%2Fv2%2Fcategories&post=30251"},{"taxonomy":"post_tag","embeddable":true,"href":"https:\/\/www.salgadonoticias.com\/index.php?rest_route=%2Fwp%2Fv2%2Ftags&post=30251"}],"curies":[{"name":"wp","href":"https:\/\/api.w.org\/{rel}","templated":true}]}}