{"id":31486,"date":"2025-03-17T01:00:00","date_gmt":"2025-03-17T07:00:00","guid":{"rendered":"https:\/\/www.salgadonoticias.com\/?p=31486"},"modified":"2025-03-19T15:56:52","modified_gmt":"2025-03-19T21:56:52","slug":"audiencia-preliminar-no-es-necesario-notificar-personalmente-acuerdo","status":"publish","type":"post","link":"https:\/\/www.salgadonoticias.com\/?p=31486","title":{"rendered":"Para Audiencia PRELIMINAR Laboral, No es Necesario Notificar PERSONALMENTE \u2026!!!"},"content":{"rendered":"<p>Views: 26<\/p>\n<p>.<\/p>\n\n\n\n<figure class=\"wp-block-embed is-type-video is-provider-youtube wp-block-embed-youtube wp-embed-aspect-16-9 wp-has-aspect-ratio\"><div class=\"wp-block-embed__wrapper\">\n<iframe loading=\"lazy\" title=\"Lo importante del 19 de marzo 25\" width=\"640\" height=\"360\" src=\"https:\/\/www.youtube.com\/embed\/O6SVpV17vBI?feature=oembed\" frameborder=\"0\" allow=\"accelerometer; autoplay; clipboard-write; encrypted-media; gyroscope; picture-in-picture; web-share\" referrerpolicy=\"strict-origin-when-cross-origin\" allowfullscreen><\/iframe>\n<\/div><\/figure>\n\n\n\n<p>.<\/p>\n\n\n\n<p>Este <strong>ANTEDECENTE<\/strong><\/p>\n\n\n\n<p><mark style=\"background-color:rgba(0, 0, 0, 0);color:#1f0271\" class=\"has-inline-color\"><strong>Surge <\/strong><\/mark><mark style=\"background-color:rgba(0, 0, 0, 0)\" class=\"has-inline-color has-black-color\">despu\u00e9s de que, Tribunales Colegiados de Circuito tuvieron <em><u>opiniones contradictorias<\/u><\/em> sobre<\/mark><mark style=\"background-color:rgba(0, 0, 0, 0);color:#1f0271\" class=\"has-inline-color\"> <strong>si el acuerdo para fijar la fecha de la audiencia preliminar<\/strong> <\/mark><mark style=\"background-color:rgba(0, 0, 0, 0)\" class=\"has-inline-color has-black-color\">(art\u00edculo 873-E de la Ley Federal del Trabajo)<\/mark><mark style=\"background-color:rgba(0, 0, 0, 0);color:#1f0271\" class=\"has-inline-color\"> <strong>debe notificarse personalmente<\/strong>. <em><u>Un tribunal dijo que s\u00ed, debido a su importancia<\/u><\/em>, mientras que <em><u>otro dijo que NO bas\u00e1ndose en los principios del sistema laboral actual<\/u><\/em><strong>.<\/strong><\/mark><\/p>\n\n\n\n<p>.<\/p>\n\n\n\n<p>La <strong><mark style=\"background-color:rgba(0, 0, 0, 0);color:#080276\" class=\"has-inline-color\">Suprema Corte de Justicia<\/mark> <\/strong>a trav\u00e9s del Pleno Regional en Materia Penal y de <strong><mark style=\"background-color:#cff8e8\" class=\"has-inline-color\">Trabajo<\/mark><\/strong> regi\u00f3n Centro-Sur con sede en la CdMx, <strong><mark style=\"background-color:rgba(0, 0, 0, 0);color:#8f0202\" class=\"has-inline-color\">DETERMIN\u00d3<\/mark><\/strong> que, el <strong><em><mark style=\"background-color:#cbea9c\" class=\"has-inline-color\">acuerdo para fijar la fecha de la audiencia preliminar<\/mark><\/em><\/strong> en el juicio laboral <strong><mark style=\"background-color:rgba(0, 0, 0, 0);color:#f41f1f\" class=\"has-inline-color\">NO requiere notificaci\u00f3n personal<\/mark><\/strong>, incluso si <em><u>incluye <\/u><\/em>apercibimiento de <em><u>sanci\u00f3n por inasistencia<\/u><\/em>.<\/p>\n\n\n\n<p>.<\/p>\n\n\n\n<p>La justificaci\u00f3n de la <strong><mark style=\"background-color:rgba(0, 0, 0, 0);color:#09027c\" class=\"has-inline-color\">SCJN<\/mark> <\/strong>es que, los art\u00edculos 739, 739 Ter, 742, 742 Bis y 745 de la Ley Federal del Trabajo, vigentes desde el 2 de mayo de 2019, <mark style=\"background-color:#8dfcb1\" class=\"has-inline-color\"><strong>establecen<\/strong> las <em><u>formas de notificaci\u00f3n en el proceso laboral<\/u><\/em>: <strong>personales<\/strong>, <em><u>por oficio, por bolet\u00edn o lista impresa y electr\u00f3nica, y por buz\u00f3n electr\u00f3nico si las partes lo solicitan y tienen firma electr\u00f3nica<\/u><\/em>.<\/mark><\/p>\n\n\n\n<p>Las <mark style=\"background-color:#f4cb59\" class=\"has-inline-color\"><em><u>notificaciones personales<\/u><\/em><\/mark><mark style=\"background-color:#ffffff\" class=\"has-inline-color\"> incluyen el <\/mark><mark style=\"background-color:#f4cb59\" class=\"has-inline-color\"><strong>emplazamiento<\/strong><\/mark><mark style=\"background-color:#ffffff\" class=\"has-inline-color\"> al juicio, el <\/mark><mark style=\"background-color:#f4cb59\" class=\"has-inline-color\"><strong>auto de radicaci\u00f3n<\/strong>, <strong>resoluciones importantes<\/strong><\/mark><mark style=\"background-color:#ffffff\" class=\"has-inline-color\"> como incompetencia del tribunal, <\/mark><mark style=\"background-color:#f4cb59\" class=\"has-inline-color\"><strong>sentencia de amparo<\/strong>, <strong>reanudaci\u00f3n<\/strong><\/mark><mark style=\"background-color:#ffffff\" class=\"has-inline-color\"> del procedimiento, <\/mark><mark style=\"background-color:#f4cb59\" class=\"has-inline-color\"><strong>citaciones<\/strong><\/mark><mark style=\"background-color:#ffffff\" class=\"has-inline-color\"> para interrogatorios, y la PRIMERA <\/mark><mark style=\"background-color:#f4cb59\" class=\"has-inline-color\"><strong>notificaci\u00f3n para la audiencia de conciliaci\u00f3n<\/strong>.<\/mark><\/p>\n\n\n\n<p><\/p>\n\n\n\n<p>La <mark style=\"background-color:#88f2c8\" class=\"has-inline-color\"><em><u>reforma laboral<\/u><\/em><\/mark><mark style=\"background-color:#ffffff\" class=\"has-inline-color\"> busca <\/mark><mark style=\"background-color:#88f2c8\" class=\"has-inline-color\"><strong>agilizar el proceso y permite notificaciones electr\u00f3nicas<\/strong><\/mark><mark style=\"background-color:#ffffff\" class=\"has-inline-color\"> para que las partes <\/mark><mark style=\"background-color:#88f2c8\" class=\"has-inline-color\"><strong>conozcan r\u00e1pidamente los acuerdos y resoluciones<\/strong>.<\/mark><mark style=\"background-color:#ffffff\" class=\"has-inline-color\"> Por lo tanto, <\/mark><mark style=\"background-color:#88f2c8\" class=\"has-inline-color\"><strong>No notificar personalmente el acuerdo de citaci\u00f3n a audiencia preliminar no afecta la defensa adecuada<\/strong><\/mark>, ya que las <em><u>partes tienen varios medios, incluidos electr\u00f3nicos, para estar informadas<\/u><\/em>.<\/p>\n\n\n\n<p>,<\/p>\n\n\n\n<p>Esta <strong><mark style=\"background-color:#f3d275\" class=\"has-inline-color\">RESOLUCI\u00d3N<\/mark> <\/strong>es de <strong>aplicaci\u00f3n<mark style=\"background-color:rgba(0, 0, 0, 0);color:#ab0202\" class=\"has-inline-color\"> OBLIGATORIA<\/mark><\/strong> a partir de esta semana en todo el pa\u00eds.<\/p>\n\n\n\n<p><strong><mark style=\"background-color:rgba(0, 0, 0, 0)\" class=\"has-inline-color has-luminous-vivid-orange-color\">Jurisprudencia LABORAL<\/mark><\/strong><\/p>\n\n\n\n<p class=\"has-small-font-size\">Registro digital:&nbsp;2030096<\/p>\n\n\n\n<p>.<\/p>\n\n\n\n<p class=\"wp-embed-aspect-16-9 wp-has-aspect-ratio\">Si estas en el <strong><mark style=\"background-color:rgba(0, 0, 0, 0)\" class=\"has-inline-color has-vivid-red-color\">Extranjero <\/mark><\/strong>nosotros somos tu <strong><mark style=\"background-color:rgba(0, 0, 0, 0)\" class=\"has-inline-color has-vivid-green-cyan-color\">mejor<\/mark><\/strong> alternativa para <strong><mark style=\"background-color:rgba(0, 0, 0, 0)\" class=\"has-inline-color has-luminous-vivid-orange-color\">velar<\/mark><\/strong> por tus <strong><mark style=\"background-color:rgba(0, 0, 0, 0)\" class=\"has-inline-color has-vivid-cyan-blue-color\">intereses<\/mark><\/strong>, escr\u00edbenos o ll\u00e1manos al Tel <strong>55581-11311<\/strong>.<\/p>\n\n\n\n<p>.<\/p>\n\n\n\n<p>Cuando<strong> necesites<\/strong> ayuda, <strong>asistencia<\/strong> o <strong>planeaci\u00f3n<\/strong> legal, <strong>solicita<\/strong> <strong>Cita Privada<\/strong> <a rel=\"noreferrer noopener\" href=\"mailto:bi@sm99.mx\" target=\"_blank\"><strong>Aqu\u00ed<\/strong><\/a><\/p>\n\n\n\n<p>La informaci\u00f3n que AQU\u00cd te presentamos <strong>deriva<\/strong> de los <strong>Peri\u00f3dicos Oficiales <\/strong>de la<strong> CdMx<\/strong>, <strong>Estado<\/strong> de Mex., Diario <strong>Oficial<\/strong> de la Federaci\u00f3n, Suprema Corte de<strong> Justicia<\/strong> de la Naci\u00f3n, por lo tanto es de <strong>aplicaci\u00f3n OBLIGATORIA<\/strong><\/p>\n\n\n\n<p>La <strong>informaci\u00f3n<\/strong> de hoy procede de la Suprema Corte de Justicia<\/p>\n\n\n\n<p><strong><mark style=\"background-color:rgba(0, 0, 0, 0)\" class=\"has-inline-color has-luminous-vivid-orange-color\">AY\u00daDANOS<\/mark><\/strong> para que m\u00e1s personas conozcan esta informaci\u00f3n, <strong>Comp\u00e1rtelo<\/strong> en tus redes sociales<\/p>\n","protected":false},"excerpt":{"rendered":"<p>Views: 26 . . Este ANTEDECENTE Surge despu\u00e9s de que, Tribunales Colegiados de Circuito tuvieron opiniones contradictorias sobre si el acuerdo para fijar la fecha de la audiencia preliminar (art\u00edculo 873-E de la Ley Federal del Trabajo) debe notificarse personalmente. Un tribunal dijo que s\u00ed, debido a su importancia, mientras que otro dijo que NO [&hellip;]<\/p>\n","protected":false},"author":3,"featured_media":31489,"comment_status":"closed","ping_status":"open","sticky":false,"template":"","format":"standard","meta":{"_jetpack_memberships_contains_paid_content":false,"footnotes":""},"categories":[4],"tags":[],"jetpack_sharing_enabled":true,"jetpack_featured_media_url":"https:\/\/www.salgadonoticias.com\/wp-content\/uploads\/2025\/03\/admin-ajax-2.png","_links":{"self":[{"href":"https:\/\/www.salgadonoticias.com\/index.php?rest_route=\/wp\/v2\/posts\/31486"}],"collection":[{"href":"https:\/\/www.salgadonoticias.com\/index.php?rest_route=\/wp\/v2\/posts"}],"about":[{"href":"https:\/\/www.salgadonoticias.com\/index.php?rest_route=\/wp\/v2\/types\/post"}],"author":[{"embeddable":true,"href":"https:\/\/www.salgadonoticias.com\/index.php?rest_route=\/wp\/v2\/users\/3"}],"replies":[{"embeddable":true,"href":"https:\/\/www.salgadonoticias.com\/index.php?rest_route=%2Fwp%2Fv2%2Fcomments&post=31486"}],"version-history":[{"count":6,"href":"https:\/\/www.salgadonoticias.com\/index.php?rest_route=\/wp\/v2\/posts\/31486\/revisions"}],"predecessor-version":[{"id":31518,"href":"https:\/\/www.salgadonoticias.com\/index.php?rest_route=\/wp\/v2\/posts\/31486\/revisions\/31518"}],"wp:featuredmedia":[{"embeddable":true,"href":"https:\/\/www.salgadonoticias.com\/index.php?rest_route=\/wp\/v2\/media\/31489"}],"wp:attachment":[{"href":"https:\/\/www.salgadonoticias.com\/index.php?rest_route=%2Fwp%2Fv2%2Fmedia&parent=31486"}],"wp:term":[{"taxonomy":"category","embeddable":true,"href":"https:\/\/www.salgadonoticias.com\/index.php?rest_route=%2Fwp%2Fv2%2Fcategories&post=31486"},{"taxonomy":"post_tag","embeddable":true,"href":"https:\/\/www.salgadonoticias.com\/index.php?rest_route=%2Fwp%2Fv2%2Ftags&post=31486"}],"curies":[{"name":"wp","href":"https:\/\/api.w.org\/{rel}","templated":true}]}}