{"id":31793,"date":"2025-04-21T00:16:00","date_gmt":"2025-04-21T06:16:00","guid":{"rendered":"https:\/\/www.salgadonoticias.com\/?p=31793"},"modified":"2025-04-21T16:35:46","modified_gmt":"2025-04-21T22:35:46","slug":"31793","status":"publish","type":"post","link":"https:\/\/www.salgadonoticias.com\/?p=31793","title":{"rendered":"La INDEMNIZACI\u00d3N por DA\u00d1O F\u00edsico ser\u00e1 en UMAS\u2026!!!"},"content":{"rendered":"<p>Views: 6<\/p>\n<p>.<\/p>\n\n\n\n<figure class=\"wp-block-embed is-type-video is-provider-youtube wp-block-embed-youtube wp-embed-aspect-16-9 wp-has-aspect-ratio\"><div class=\"wp-block-embed__wrapper\">\n<iframe loading=\"lazy\" title=\"Inicio  de semana 21 de abril 2025\" width=\"640\" height=\"360\" src=\"https:\/\/www.youtube.com\/embed\/Y4knsZrPy6E?feature=oembed\" frameborder=\"0\" allow=\"accelerometer; autoplay; clipboard-write; encrypted-media; gyroscope; picture-in-picture; web-share\" referrerpolicy=\"strict-origin-when-cross-origin\" allowfullscreen><\/iframe>\n<\/div><\/figure>\n\n\n\n<p>.<\/p>\n\n\n\n<p>Este <strong>ANTEDECENTE<\/strong><\/p>\n\n\n\n<p><mark style=\"background-color:rgba(0, 0, 0, 0);color:#080e8f\" class=\"has-inline-color\"><strong>Surge <\/strong><\/mark><mark style=\"background-color:rgba(0, 0, 0, 0)\" class=\"has-inline-color has-black-color\">luego de que, Tribunales Colegiados de Circuito sostuvieron <strong>criterios <\/strong><\/mark><strong><mark style=\"background-color:#f78da7;color:#2308ae\" class=\"has-inline-color\">contradictorios<\/mark><\/strong><mark style=\"background-color:rgba(0, 0, 0, 0)\" class=\"has-inline-color has-black-color\"> al analizar si el <\/mark><mark style=\"background-color:rgba(0, 0, 0, 0);color:#080e8f\" class=\"has-inline-color\"><strong>pago<\/strong> <\/mark><mark style=\"background-color:rgba(0, 0, 0, 0)\" class=\"has-inline-color has-black-color\">de la<\/mark><mark style=\"background-color:rgba(0, 0, 0, 0);color:#080e8f\" class=\"has-inline-color\"> <strong>indemnizaci\u00f3n<\/strong> <\/mark><mark style=\"background-color:rgba(0, 0, 0, 0)\" class=\"has-inline-color has-black-color\">por<\/mark><mark style=\"background-color:rgba(0, 0, 0, 0);color:#080e8f\" class=\"has-inline-color\"> <strong>da\u00f1o f\u00edsico<\/strong><\/mark><mark style=\"background-color:rgba(0, 0, 0, 0)\" class=\"has-inline-color has-black-color\">, <em><u>fundamentado en el art\u00edculo 1915<\/u><\/em> del C\u00f3digo Civil para el D.F, aplicable en la CdMx, debe<\/mark><mark style=\"background-color:rgba(0, 0, 0, 0);color:#080e8f\" class=\"has-inline-color\"> <strong>calcularse<\/strong><\/mark><mark style=\"background-color:rgba(0, 0, 0, 0)\" class=\"has-inline-color has-black-color\"> con base en <em><u>salarios m\u00ednimos<\/u><\/em> o en<\/mark><mark style=\"background-color:rgba(0, 0, 0, 0);color:#080e8f\" class=\"has-inline-color\"> <strong>UMAS<\/strong>.<\/mark><\/p>\n\n\n\n<p>.<\/p>\n\n\n\n<p>La <strong>Suprema Corte de Justicia<\/strong> a trav\u00e9s del <strong>Pleno Regional<\/strong> en Materias Administrativa y Civil de la Regi\u00f3n Centro-Sur, con sede en la CdMx.,<strong> <mark style=\"background-color:rgba(0, 0, 0, 0);color:#a40707\" class=\"has-inline-color\">DETERMIN\u00d3<\/mark><\/strong> que, el <mark style=\"background-color:#befb6e\" class=\"has-inline-color\"><strong>c\u00e1lculo<\/strong> de <strong>pago <\/strong>de la <em><u>IMDEMNIZACI\u00d3N<\/u><\/em> por<strong> Da\u00f1o F\u00edsico<\/strong> <em><u>debe ser con base en la<\/u><\/em> <strong>UMA<\/strong>.<\/mark><\/p>\n\n\n\n<p>.<\/p>\n\n\n\n<p>La justificaci\u00f3n de la <strong><mark style=\"background-color:rgba(0, 0, 0, 0);color:#02088c\" class=\"has-inline-color\">SCJN<\/mark><\/strong> es que, el&nbsp;<mark style=\"background-color:rgba(0, 0, 0, 0);color:#c65606\" class=\"has-inline-color\"><strong>art\u00edculo 1915<\/strong>&nbsp;<\/mark><mark style=\"background-color:rgba(0, 0, 0, 0)\" class=\"has-inline-color has-black-color\">del&nbsp;<\/mark><mark style=\"background-color:rgba(0, 0, 0, 0);color:#c65606\" class=\"has-inline-color\"><strong>C\u00f3digo Civil<\/strong>&nbsp;<\/mark><mark style=\"background-color:rgba(0, 0, 0, 0)\" class=\"has-inline-color has-black-color\">aplicable en la&nbsp;CdMx, establece que la <em><u>indemnizaci\u00f3n se calcula<\/u><\/em> con el&nbsp;<\/mark><mark style=\"background-color:rgba(0, 0, 0, 0);color:#c65606\" class=\"has-inline-color\"><strong>salario m\u00ednimo<\/strong>. <\/mark><\/p>\n\n\n\n<p><mark style=\"background-color:rgba(0, 0, 0, 0)\" class=\"has-inline-color has-black-color\">Sin embargo, los<\/mark><mark style=\"background-color:rgba(0, 0, 0, 0);color:#c65606\" class=\"has-inline-color\">&nbsp;<strong>art\u00edculos 26<\/strong>&nbsp;y&nbsp;<strong>123<\/strong>&nbsp;<\/mark><mark style=\"background-color:rgba(0, 0, 0, 0)\" class=\"has-inline-color has-black-color\">de la<\/mark><mark style=\"background-color:rgba(0, 0, 0, 0);color:#c65606\" class=\"has-inline-color\">&nbsp;<strong>Constituci\u00f3n<\/strong>&nbsp;y <\/mark><mark style=\"background-color:rgba(0, 0, 0, 0)\" class=\"has-inline-color has-black-color\">el decreto de reformas del&nbsp;27 de enero de 2016<\/mark><mark style=\"background-color:rgba(0, 0, 0, 0);color:#c65606\" class=\"has-inline-color\">&nbsp;<strong>sustituyen<\/strong><\/mark><mark style=\"background-color:rgba(0, 0, 0, 0)\" class=\"has-inline-color has-black-color\"> el <em><u>salario m\u00ednimo<\/u><\/em> por la<\/mark><mark style=\"background-color:rgba(0, 0, 0, 0);color:#c65606\" class=\"has-inline-color\"><strong> UMA<\/strong><\/mark><mark style=\"background-color:rgba(0, 0, 0, 0)\" class=\"has-inline-color has-black-color\">&nbsp;para <em><u>conceptos ajenos al salario<\/u><\/em>. <\/mark><\/p>\n\n\n\n<p><mark style=\"background-color:rgba(0, 0, 0, 0)\" class=\"has-inline-color has-black-color\">Por lo tanto, la <em><u>indemnizaci\u00f3n<\/u><\/em> por<\/mark><mark style=\"background-color:rgba(0, 0, 0, 0);color:#c65606\" class=\"has-inline-color\">&nbsp;<strong>da\u00f1o f\u00edsico<\/strong><\/mark><mark style=\"background-color:rgba(0, 0, 0, 0)\" class=\"has-inline-color has-black-color\">&nbsp;<em><u>debe calcularse con base<\/u><\/em> en la<\/mark><mark style=\"background-color:rgba(0, 0, 0, 0);color:#c65606\" class=\"has-inline-color\">&nbsp;<strong>UMA<\/strong>, <\/mark><mark style=\"background-color:rgba(0, 0, 0, 0)\" class=\"has-inline-color has-black-color\">ya que el da\u00f1o f\u00edsico <\/mark><mark style=\"background-color:rgba(0, 0, 0, 0);color:#c65606\" class=\"has-inline-color\"><strong>no est\u00e1 relacionado con el salario<\/strong>. <\/mark><\/p>\n\n\n\n<p><mark style=\"background-color:rgba(0, 0, 0, 0)\" class=\"has-inline-color has-black-color\">En casos espec\u00edficos de indemnizaci\u00f3n por da\u00f1o f\u00edsico, no aplica la jurisprudencia de la<\/mark><mark style=\"background-color:rgba(0, 0, 0, 0);color:#c65606\" class=\"has-inline-color\">&nbsp;<strong>Suprema Corte<\/strong><\/mark>&nbsp;que utiliza el salario m\u00ednimo para el&nbsp;<strong><mark style=\"background-color:rgba(0, 0, 0, 0);color:#bc5004\" class=\"has-inline-color\">lucro cesante<\/mark><\/strong>.<\/p>\n\n\n\n<p>.<\/p>\n\n\n\n<p>Esta <strong><mark style=\"background-color:#c597f1\" class=\"has-inline-color\">RESOLUCI\u00d3N <\/mark><\/strong>es de <strong>aplicaci\u00f3n <mark style=\"background-color:rgba(0, 0, 0, 0);color:#960606\" class=\"has-inline-color\">OBLIGATORIA<\/mark> <\/strong>en todo el pa\u00eds a partir de esta semana en todo el pa\u00eds.<\/p>\n\n\n\n<p><strong><mark style=\"background-color:rgba(0, 0, 0, 0);color:#450681\" class=\"has-inline-color\">Jurisprudencia CIVIL<\/mark><\/strong><\/p>\n\n\n\n<p class=\"has-small-font-size\"><strong>Registro digital<\/strong>: 2030255<\/p>\n\n\n\n<p>.<\/p>\n\n\n\n<p class=\"wp-embed-aspect-16-9 wp-has-aspect-ratio\">Si estas en el <strong><mark style=\"background-color:rgba(0, 0, 0, 0)\" class=\"has-inline-color has-vivid-red-color\">Extranjero <\/mark><\/strong>nosotros somos tu <strong><mark style=\"background-color:rgba(0, 0, 0, 0)\" class=\"has-inline-color has-vivid-green-cyan-color\">mejor<\/mark><\/strong> alternativa para <strong><mark style=\"background-color:rgba(0, 0, 0, 0)\" class=\"has-inline-color has-luminous-vivid-orange-color\">velar<\/mark><\/strong> por tus <strong><mark style=\"background-color:rgba(0, 0, 0, 0)\" class=\"has-inline-color has-vivid-cyan-blue-color\">intereses<\/mark><\/strong>, escr\u00edbenos o ll\u00e1manos al Tel <strong>55581-11311<\/strong>.<\/p>\n\n\n\n<p class=\"wp-embed-aspect-16-9 wp-has-aspect-ratio\">.<\/p>\n\n\n\n<p class=\"wp-embed-aspect-16-9 wp-has-aspect-ratio\">Cuando<strong> necesites<\/strong> ayuda, <strong>asistencia<\/strong> o <strong>planeaci\u00f3n<\/strong> legal, <strong>solicita<\/strong> <strong>Cita Privada<\/strong> <a rel=\"noreferrer noopener\" href=\"mailto:bi@sm99.mx\" target=\"_blank\"><strong>Aqu\u00ed<\/strong><\/a><\/p>\n\n\n\n<p class=\"wp-embed-aspect-16-9 wp-has-aspect-ratio\">La informaci\u00f3n que AQU\u00cd te presentamos <strong>deriva<\/strong> de los <strong>Peri\u00f3dicos Oficiales <\/strong>de la<strong> CdMx<\/strong>, <strong>Estado<\/strong> de Mex., Diario <strong>Oficial<\/strong> de la Federaci\u00f3n, Suprema Corte de<strong> Justicia<\/strong> de la Naci\u00f3n, por lo tanto es de <strong>aplicaci\u00f3n OBLIGATORIA<\/strong><\/p>\n\n\n\n<p class=\"wp-embed-aspect-16-9 wp-has-aspect-ratio\">La <strong>informaci\u00f3n<\/strong> de hoy procede de la Suprema Corte de Justicia<\/p>\n\n\n\n<p class=\"wp-embed-aspect-16-9 wp-has-aspect-ratio\"><strong><mark style=\"background-color:rgba(0, 0, 0, 0)\" class=\"has-inline-color has-luminous-vivid-orange-color\">AY\u00daDANOS<\/mark><\/strong> para que m\u00e1s personas conozcan esta informaci\u00f3n, <strong>Comp\u00e1rtelo<\/strong> en tus redes sociales<\/p>\n","protected":false},"excerpt":{"rendered":"<p>Views: 6 . . Este ANTEDECENTE Surge luego de que, Tribunales Colegiados de Circuito sostuvieron criterios contradictorios al analizar si el pago de la indemnizaci\u00f3n por da\u00f1o f\u00edsico, fundamentado en el art\u00edculo 1915 del C\u00f3digo Civil para el D.F, aplicable en la CdMx, debe calcularse con base en salarios m\u00ednimos o en UMAS. . La [&hellip;]<\/p>\n","protected":false},"author":3,"featured_media":31797,"comment_status":"closed","ping_status":"open","sticky":false,"template":"","format":"standard","meta":{"_jetpack_memberships_contains_paid_content":false,"footnotes":""},"categories":[4],"tags":[],"jetpack_sharing_enabled":true,"jetpack_featured_media_url":"https:\/\/www.salgadonoticias.com\/wp-content\/uploads\/2025\/04\/CALCULO.jpeg","_links":{"self":[{"href":"https:\/\/www.salgadonoticias.com\/index.php?rest_route=\/wp\/v2\/posts\/31793"}],"collection":[{"href":"https:\/\/www.salgadonoticias.com\/index.php?rest_route=\/wp\/v2\/posts"}],"about":[{"href":"https:\/\/www.salgadonoticias.com\/index.php?rest_route=\/wp\/v2\/types\/post"}],"author":[{"embeddable":true,"href":"https:\/\/www.salgadonoticias.com\/index.php?rest_route=\/wp\/v2\/users\/3"}],"replies":[{"embeddable":true,"href":"https:\/\/www.salgadonoticias.com\/index.php?rest_route=%2Fwp%2Fv2%2Fcomments&post=31793"}],"version-history":[{"count":5,"href":"https:\/\/www.salgadonoticias.com\/index.php?rest_route=\/wp\/v2\/posts\/31793\/revisions"}],"predecessor-version":[{"id":31801,"href":"https:\/\/www.salgadonoticias.com\/index.php?rest_route=\/wp\/v2\/posts\/31793\/revisions\/31801"}],"wp:featuredmedia":[{"embeddable":true,"href":"https:\/\/www.salgadonoticias.com\/index.php?rest_route=\/wp\/v2\/media\/31797"}],"wp:attachment":[{"href":"https:\/\/www.salgadonoticias.com\/index.php?rest_route=%2Fwp%2Fv2%2Fmedia&parent=31793"}],"wp:term":[{"taxonomy":"category","embeddable":true,"href":"https:\/\/www.salgadonoticias.com\/index.php?rest_route=%2Fwp%2Fv2%2Fcategories&post=31793"},{"taxonomy":"post_tag","embeddable":true,"href":"https:\/\/www.salgadonoticias.com\/index.php?rest_route=%2Fwp%2Fv2%2Ftags&post=31793"}],"curies":[{"name":"wp","href":"https:\/\/api.w.org\/{rel}","templated":true}]}}