{"id":31802,"date":"2025-04-22T00:35:00","date_gmt":"2025-04-22T06:35:00","guid":{"rendered":"https:\/\/www.salgadonoticias.com\/?p=31802"},"modified":"2025-04-22T17:13:40","modified_gmt":"2025-04-22T23:13:40","slug":"31802","status":"publish","type":"post","link":"https:\/\/www.salgadonoticias.com\/?p=31802","title":{"rendered":"Multa por representante SIN facultades en audiencia preliminar mercantil\u2026!!!"},"content":{"rendered":"<p>Views: 8<\/p>\n<p>.<\/p>\n\n\n\n<figure class=\"wp-block-embed is-type-video is-provider-youtube wp-block-embed-youtube wp-embed-aspect-16-9 wp-has-aspect-ratio\"><div class=\"wp-block-embed__wrapper\">\n<iframe loading=\"lazy\" title=\"Lo relevante del martes 22 de Abril de 2025\" width=\"640\" height=\"360\" src=\"https:\/\/www.youtube.com\/embed\/-ufzCen6SIo?feature=oembed\" frameborder=\"0\" allow=\"accelerometer; autoplay; clipboard-write; encrypted-media; gyroscope; picture-in-picture; web-share\" referrerpolicy=\"strict-origin-when-cross-origin\" allowfullscreen><\/iframe>\n<\/div><\/figure>\n\n\n\n<p>.<\/p>\n\n\n\n<p>Este <strong>ANTEDECENTE<\/strong><\/p>\n\n\n\n<p><strong>Surge <\/strong>luego de que, en un&nbsp;juicio de<strong> <\/strong><mark style=\"background-color:rgba(0, 0, 0, 0);color:#cc5907\" class=\"has-inline-color\"><strong>amparo indirecto<\/strong>, <\/mark><mark style=\"background-color:rgba(0, 0, 0, 0)\" class=\"has-inline-color has-black-color\">la<\/mark><mark style=\"background-color:rgba(0, 0, 0, 0);color:#cc5907\" class=\"has-inline-color\">&nbsp;<strong>quejosa<\/strong><\/mark><mark style=\"background-color:rgba(0, 0, 0, 0)\" class=\"has-inline-color has-black-color\">&nbsp;<em><u>reclam\u00f3<\/u><\/em> la<\/mark><mark style=\"background-color:rgba(0, 0, 0, 0);color:#cc5907\" class=\"has-inline-color\">&nbsp;<strong>sanci\u00f3n econ\u00f3mica<\/strong>&nbsp;<\/mark><mark style=\"background-color:rgba(0, 0, 0, 0)\" class=\"has-inline-color has-black-color\"><em><u>impuesta<\/u><\/em> en la<\/mark><mark style=\"background-color:rgba(0, 0, 0, 0);color:#cc5907\" class=\"has-inline-color\">&nbsp;<strong>audiencia preliminar<\/strong>&nbsp;<\/mark><mark style=\"background-color:rgba(0, 0, 0, 0)\" class=\"has-inline-color has-black-color\">de un&nbsp;<\/mark><mark style=\"background-color:rgba(0, 0, 0, 0);color:#cc5907\" class=\"has-inline-color\"><strong>juicio <\/strong>oral<strong> mercantil<\/strong>, <\/mark><mark style=\"background-color:rgba(0, 0, 0, 0)\" class=\"has-inline-color has-black-color\">porque <em><u>asisti\u00f3 a trav\u00e9s de su&nbsp;<\/u><\/em><\/mark><mark style=\"background-color:rgba(0, 0, 0, 0);color:#cc5907\" class=\"has-inline-color\"><em><u><strong>autorizado<\/strong><\/u><\/em>&nbsp;<\/mark><mark style=\"background-color:rgba(0, 0, 0, 0)\" class=\"has-inline-color has-black-color\">seg\u00fan el&nbsp;<\/mark><mark style=\"background-color:rgba(0, 0, 0, 0);color:#cc5907\" class=\"has-inline-color\"><strong>art\u00edculo 1069 del C\u00f3digo de Comercio<\/strong>, <\/mark><mark style=\"background-color:rgba(0, 0, 0, 0)\" class=\"has-inline-color has-black-color\">pero<\/mark><mark style=\"background-color:rgba(0, 0, 0, 0);color:#cc5907\" class=\"has-inline-color\"> <strong>SIN<\/strong> <strong>facultades<\/strong> <\/mark><mark style=\"background-color:rgba(0, 0, 0, 0)\" class=\"has-inline-color has-black-color\">expresas para<\/mark><mark style=\"background-color:rgba(0, 0, 0, 0);color:#cc5907\" class=\"has-inline-color\">&nbsp;<strong>conciliar<\/strong>. <\/mark><\/p>\n\n\n\n<p><mark style=\"background-color:rgba(0, 0, 0, 0)\" class=\"has-inline-color has-black-color\">El<\/mark><mark style=\"background-color:rgba(0, 0, 0, 0);color:#cc5907\" class=\"has-inline-color\">&nbsp;<strong>Juez de Distrito<\/strong>&nbsp;<\/mark><mark style=\"background-color:rgba(0, 0, 0, 0)\" class=\"has-inline-color has-black-color\">neg\u00f3 el&nbsp;<\/mark><mark style=\"background-color:rgba(0, 0, 0, 0);color:#cc5907\" class=\"has-inline-color\"><strong>amparo<\/strong>&nbsp;<\/mark><mark style=\"background-color:rgba(0, 0, 0, 0)\" class=\"has-inline-color has-black-color\">al considerar correcta la<\/mark><mark style=\"background-color:rgba(0, 0, 0, 0);color:#cc5907\" class=\"has-inline-color\">&nbsp;<strong>multa<\/strong>. <\/mark><mark style=\"background-color:rgba(0, 0, 0, 0)\" class=\"has-inline-color has-black-color\">La<\/mark><mark style=\"background-color:rgba(0, 0, 0, 0);color:#cc5907\" class=\"has-inline-color\">&nbsp;<strong>quejosa<\/strong>&nbsp;<\/mark><mark style=\"background-color:rgba(0, 0, 0, 0)\" class=\"has-inline-color has-black-color\">impugn\u00f3 esta decisi\u00f3n mediante e<\/mark><mark style=\"background-color:rgba(0, 0, 0, 0);color:#cc5907\" class=\"has-inline-color\">l&nbsp;<strong>recurso de revisi\u00f3n<\/strong>.<\/mark><\/p>\n\n\n\n<p>.<\/p>\n\n\n\n<p>La <strong><mark style=\"background-color:rgba(0, 0, 0, 0);color:#150296\" class=\"has-inline-color\">Suprema Corte de Justicia<\/mark><\/strong> a trav\u00e9s del Tribunal Colegiado de Circuito<strong> <mark style=\"background-color:rgba(0, 0, 0, 0);color:#840303\" class=\"has-inline-color\">DETERMIN\u00d3<\/mark><\/strong> que, <mark style=\"background-color:#d6f09a\" class=\"has-inline-color\"><em><u>se puede imponer<\/u><\/em> una&nbsp;<strong>multa<\/strong><\/mark>&nbsp;a quien <mark style=\"background-color:#c1f3e7\" class=\"has-inline-color\">asista a la&nbsp;<strong>audiencia preliminar<\/strong>&nbsp;de un&nbsp;<strong>juicio mercantil<\/strong>&nbsp;mediante un&nbsp;<strong>representante<\/strong>&nbsp;<em><u>sin facultades expresas para<\/u><\/em>&nbsp;<strong>conciliar<\/strong>.<\/mark><\/p>\n\n\n\n<p>Las <strong>multas <\/strong>actuales son m\u00ednimo de $2,999.64, y m\u00e1ximo $9,683.10 (art. 1390 Bis33)<\/p>\n\n\n\n<p>.<\/p>\n\n\n\n<p>La justificaci\u00f3n de la <strong><mark style=\"background-color:rgba(0, 0, 0, 0);color:#0d0185\" class=\"has-inline-color\">SCJN<\/mark><\/strong> es que, el&nbsp;<mark style=\"background-color:rgba(0, 0, 0, 0);color:#96033a\" class=\"has-inline-color\"><strong>art\u00edculo 1390 Bis 21<\/strong>&nbsp;del&nbsp;<strong>C\u00f3digo de Comercio<\/strong>&nbsp;<\/mark><mark style=\"background-color:rgba(0, 0, 0, 0)\" class=\"has-inline-color has-black-color\"><em><u>establece<\/u><\/em> que las <em><u>partes deben asistir a las&nbsp;audiencias<\/u><\/em><\/mark><mark style=\"background-color:rgba(0, 0, 0, 0);color:#96033a\" class=\"has-inline-color\">&nbsp;<strong>personalmente<\/strong> <\/mark><mark style=\"background-color:rgba(0, 0, 0, 0)\" class=\"has-inline-color has-black-color\">o mediante&nbsp;<\/mark><mark style=\"background-color:rgba(0, 0, 0, 0);color:#96033a\" class=\"has-inline-color\"><strong>representantes<\/strong>&nbsp;<\/mark><mark style=\"background-color:rgba(0, 0, 0, 0)\" class=\"has-inline-color has-black-color\">con <em><u>facultades expresas<\/u><\/em> para&nbsp;<\/mark><mark style=\"background-color:rgba(0, 0, 0, 0);color:#96033a\" class=\"has-inline-color\"><strong>conciliar<\/strong>&nbsp;y&nbsp;<strong>suscribir<\/strong>&nbsp;<\/mark><mark style=\"background-color:rgba(0, 0, 0, 0)\" class=\"has-inline-color has-black-color\">convenios. El&nbsp;<\/mark><mark style=\"background-color:rgba(0, 0, 0, 0);color:#96033a\" class=\"has-inline-color\"><strong>art\u00edculo 1390 Bis 33<\/strong><\/mark><mark style=\"background-color:rgba(0, 0, 0, 0)\" class=\"has-inline-color has-black-color\">&nbsp;prev\u00e9 una<\/mark><mark style=\"background-color:rgba(0, 0, 0, 0);color:#96033a\" class=\"has-inline-color\">&nbsp;<strong>sanci\u00f3n pecuniaria<\/strong><\/mark><mark style=\"background-color:rgba(0, 0, 0, 0)\" class=\"has-inline-color has-black-color\">&nbsp;para <em><u>quien no asista sin justa causa<\/u><\/em>. En el&nbsp;<\/mark><mark style=\"background-color:rgba(0, 0, 0, 0);color:#96033a\" class=\"has-inline-color\"><strong>amparo en revisi\u00f3n 969\/2014<\/strong>, <\/mark><mark style=\"background-color:rgba(0, 0, 0, 0)\" class=\"has-inline-color has-black-color\">se&nbsp;determin\u00f3 que la<\/mark><mark style=\"background-color:rgba(0, 0, 0, 0);color:#96033a\" class=\"has-inline-color\">&nbsp;<strong>multa<\/strong>&nbsp;<\/mark><mark style=\"background-color:rgba(0, 0, 0, 0)\" class=\"has-inline-color has-black-color\">se relaciona con la&nbsp;<\/mark><mark style=\"background-color:rgba(0, 0, 0, 0);color:#96033a\" class=\"has-inline-color\"><strong>conciliaci\u00f3n<\/strong>&nbsp;<\/mark><mark style=\"background-color:rgba(0, 0, 0, 0)\" class=\"has-inline-color has-black-color\">para lograr acuerdos r\u00e1pidos. Por lo tanto, la asistencia mediante&nbsp;<\/mark><mark style=\"background-color:rgba(0, 0, 0, 0);color:#96033a\" class=\"has-inline-color\"><strong>representante<\/strong>&nbsp;<em><u>sin facultades<\/u><\/em> para&nbsp;<strong>conciliar<\/strong>&nbsp;justifica la&nbsp;<strong>imposici\u00f3n de la multa<\/strong>.<\/mark><\/p>\n\n\n\n<p>.<\/p>\n\n\n\n<p>Esta <strong><mark style=\"background-color:#12fba6\" class=\"has-inline-color has-black-color\">RESOLUCI\u00d3N<\/mark> <\/strong>esta <strong>disponible <\/strong>para quien la <strong><mark style=\"background-color:rgba(0, 0, 0, 0);color:#9c0101\" class=\"has-inline-color\">conozca y la haga valer<\/mark> <\/strong>en todo el pa\u00eds a partir de esta semana.<\/p>\n\n\n\n<p><strong><mark style=\"background-color:rgba(0, 0, 0, 0);color:#068c5b\" class=\"has-inline-color\">Tesis CIVIL<\/mark><\/strong><\/p>\n\n\n\n<p class=\"has-small-font-size\"><strong>Registro digital<\/strong>: 2030260<\/p>\n\n\n\n<p>Esta <strong><mark style=\"background-color:#c597f1\" class=\"has-inline-color\">RESOLUCI\u00d3N <\/mark><\/strong>es de <strong>aplicaci\u00f3n <mark style=\"background-color:rgba(0, 0, 0, 0);color:#960606\" class=\"has-inline-color\">OBLIGATORIA<\/mark> <\/strong>en todo el pa\u00eds a partir de esta semana en todo el pa\u00eds.<\/p>\n\n\n\n<p><strong><mark style=\"background-color:rgba(0, 0, 0, 0);color:#450681\" class=\"has-inline-color\">Jurisprudencia CIVIL<\/mark><\/strong><\/p>\n\n\n\n<p class=\"has-small-font-size\"><strong>Registro digital<\/strong>: 2030255<\/p>\n\n\n\n<p>.<\/p>\n\n\n\n<p class=\"wp-embed-aspect-16-9 wp-has-aspect-ratio\">Si estas en el <strong><mark style=\"background-color:rgba(0, 0, 0, 0)\" class=\"has-inline-color has-vivid-red-color\">Extranjero <\/mark><\/strong>nosotros somos tu <strong><mark style=\"background-color:rgba(0, 0, 0, 0)\" class=\"has-inline-color has-vivid-green-cyan-color\">mejor<\/mark><\/strong> alternativa para <strong><mark style=\"background-color:rgba(0, 0, 0, 0)\" class=\"has-inline-color has-luminous-vivid-orange-color\">velar<\/mark><\/strong> por tus <strong><mark style=\"background-color:rgba(0, 0, 0, 0)\" class=\"has-inline-color has-vivid-cyan-blue-color\">intereses<\/mark><\/strong>, escr\u00edbenos o ll\u00e1manos al Tel <strong>55581-11311<\/strong>.<\/p>\n\n\n\n<p class=\"wp-embed-aspect-16-9 wp-has-aspect-ratio\">.<\/p>\n\n\n\n<p class=\"wp-embed-aspect-16-9 wp-has-aspect-ratio\">Cuando<strong> necesites<\/strong> ayuda, <strong>asistencia<\/strong> o <strong>planeaci\u00f3n<\/strong> legal, <strong>solicita<\/strong> <strong>Cita Privada<\/strong> <a rel=\"noreferrer noopener\" href=\"mailto:bi@sm99.mx\" target=\"_blank\"><strong>Aqu\u00ed<\/strong><\/a><\/p>\n\n\n\n<p class=\"wp-embed-aspect-16-9 wp-has-aspect-ratio\">La informaci\u00f3n que AQU\u00cd te presentamos <strong>deriva<\/strong> de los <strong>Peri\u00f3dicos Oficiales <\/strong>de la<strong> CdMx<\/strong>, <strong>Estado<\/strong> de Mex., Diario <strong>Oficial<\/strong> de la Federaci\u00f3n, Suprema Corte de<strong> Justicia<\/strong> de la Naci\u00f3n, por lo tanto es de <strong>aplicaci\u00f3n OBLIGATORIA<\/strong><\/p>\n\n\n\n<p class=\"wp-embed-aspect-16-9 wp-has-aspect-ratio\">La <strong>informaci\u00f3n<\/strong> de hoy procede de la Suprema Corte de Justicia<\/p>\n\n\n\n<p class=\"wp-embed-aspect-16-9 wp-has-aspect-ratio\"><strong><mark style=\"background-color:rgba(0, 0, 0, 0)\" class=\"has-inline-color has-luminous-vivid-orange-color\">AY\u00daDANOS<\/mark><\/strong> para que m\u00e1s personas conozcan esta informaci\u00f3n, <strong>Comp\u00e1rtelo<\/strong> en tus redes sociales<\/p>\n","protected":false},"excerpt":{"rendered":"<p>Views: 8 . . Este ANTEDECENTE Surge luego de que, en un&nbsp;juicio de amparo indirecto, la&nbsp;quejosa&nbsp;reclam\u00f3 la&nbsp;sanci\u00f3n econ\u00f3mica&nbsp;impuesta en la&nbsp;audiencia preliminar&nbsp;de un&nbsp;juicio oral mercantil, porque asisti\u00f3 a trav\u00e9s de su&nbsp;autorizado&nbsp;seg\u00fan el&nbsp;art\u00edculo 1069 del C\u00f3digo de Comercio, pero SIN facultades expresas para&nbsp;conciliar. El&nbsp;Juez de Distrito&nbsp;neg\u00f3 el&nbsp;amparo&nbsp;al considerar correcta la&nbsp;multa. La&nbsp;quejosa&nbsp;impugn\u00f3 esta decisi\u00f3n mediante el&nbsp;recurso de revisi\u00f3n. [&hellip;]<\/p>\n","protected":false},"author":3,"featured_media":31805,"comment_status":"closed","ping_status":"open","sticky":false,"template":"","format":"standard","meta":{"_jetpack_memberships_contains_paid_content":false,"footnotes":""},"categories":[4],"tags":[],"jetpack_sharing_enabled":true,"jetpack_featured_media_url":"https:\/\/www.salgadonoticias.com\/wp-content\/uploads\/2025\/04\/MULTA.jpg","_links":{"self":[{"href":"https:\/\/www.salgadonoticias.com\/index.php?rest_route=\/wp\/v2\/posts\/31802"}],"collection":[{"href":"https:\/\/www.salgadonoticias.com\/index.php?rest_route=\/wp\/v2\/posts"}],"about":[{"href":"https:\/\/www.salgadonoticias.com\/index.php?rest_route=\/wp\/v2\/types\/post"}],"author":[{"embeddable":true,"href":"https:\/\/www.salgadonoticias.com\/index.php?rest_route=\/wp\/v2\/users\/3"}],"replies":[{"embeddable":true,"href":"https:\/\/www.salgadonoticias.com\/index.php?rest_route=%2Fwp%2Fv2%2Fcomments&post=31802"}],"version-history":[{"count":4,"href":"https:\/\/www.salgadonoticias.com\/index.php?rest_route=\/wp\/v2\/posts\/31802\/revisions"}],"predecessor-version":[{"id":31811,"href":"https:\/\/www.salgadonoticias.com\/index.php?rest_route=\/wp\/v2\/posts\/31802\/revisions\/31811"}],"wp:featuredmedia":[{"embeddable":true,"href":"https:\/\/www.salgadonoticias.com\/index.php?rest_route=\/wp\/v2\/media\/31805"}],"wp:attachment":[{"href":"https:\/\/www.salgadonoticias.com\/index.php?rest_route=%2Fwp%2Fv2%2Fmedia&parent=31802"}],"wp:term":[{"taxonomy":"category","embeddable":true,"href":"https:\/\/www.salgadonoticias.com\/index.php?rest_route=%2Fwp%2Fv2%2Fcategories&post=31802"},{"taxonomy":"post_tag","embeddable":true,"href":"https:\/\/www.salgadonoticias.com\/index.php?rest_route=%2Fwp%2Fv2%2Ftags&post=31802"}],"curies":[{"name":"wp","href":"https:\/\/api.w.org\/{rel}","templated":true}]}}