{"id":31842,"date":"2025-04-25T01:19:00","date_gmt":"2025-04-25T07:19:00","guid":{"rendered":"https:\/\/www.salgadonoticias.com\/?p=31842"},"modified":"2025-04-24T15:18:52","modified_gmt":"2025-04-24T21:18:52","slug":"31842","status":"publish","type":"post","link":"https:\/\/www.salgadonoticias.com\/?p=31842","title":{"rendered":"Pase Directo a Universidades P\u00fablicas en EdoMex\u2026!!!"},"content":{"rendered":"<p>Views: 49<\/p>\n<p>.<\/p>\n\n\n\n<p>A partir de este ciclo escolar los <strong>ESTUDIANTES<\/strong> de escuelas p\u00fablicas de Educaci\u00f3n<strong> Media Superior <\/strong>(bachillerato), CONTAR\u00c1N con el <strong><mark style=\"background-color:rgba(0, 0, 0, 0)\" class=\"has-inline-color has-vivid-red-color\">PASE por Promedio<\/mark><\/strong>, el cual les permitir\u00e1 <mark style=\"background-color:#c0f1dd\" class=\"has-inline-color\"><strong>ingresar<\/strong> a las <em><u>instituciones de educaci\u00f3n SUPERIOR<\/u><\/em> <strong>sin pagar ni presentar examen de admisi\u00f3n<\/strong><\/mark>, siempre y cuando cumplan con ciertas exigencias.<\/p>\n\n\n\n<p>.<\/p>\n\n\n\n<p><mark style=\"background-color:#f4dc9a\" class=\"has-inline-color has-black-color\"><strong>Requisitos principales<\/strong>:<\/mark><\/p>\n\n\n\n<ul>\n<li><mark style=\"background-color:rgba(0, 0, 0, 0);color:#b60303\" class=\"has-inline-color\"><strong>Promedio general de 9.0 o m\u00e1s<\/strong>.<\/mark><\/li>\n\n\n\n<li><mark style=\"background-color:rgba(0, 0, 0, 0);color:#02971d\" class=\"has-inline-color\"><strong>Egresados<\/strong> de <strong>m\u00e1ximo 3 ciclos escolares<\/strong> anteriores a la fecha de preregistro.<\/mark><\/li>\n<\/ul>\n\n\n\n<p>.<\/p>\n\n\n\n<p><mark style=\"background-color:#f9e3a6\" class=\"has-inline-color has-black-color\"><strong>Instituciones<\/strong> <strong>participantes<\/strong> en este acuerdo son:<\/mark><\/p>\n\n\n\n<ul>\n<li><mark style=\"background-color:rgba(0, 0, 0, 0);color:#04b071\" class=\"has-inline-color\"><strong>Tecnol\u00f3gicos<\/strong> de Estudios Superiores,<\/mark><\/li>\n\n\n\n<li><mark style=\"background-color:rgba(0, 0, 0, 0);color:#d75b02\" class=\"has-inline-color\">Universidades <strong>Estatales<\/strong>,<\/mark><\/li>\n\n\n\n<li><mark style=\"background-color:rgba(0, 0, 0, 0);color:#03649c\" class=\"has-inline-color\">Universidad <strong>Intercultural,<\/strong><\/mark><\/li>\n\n\n\n<li><mark style=\"background-color:rgba(0, 0, 0, 0);color:#cc035c\" class=\"has-inline-color\">Universidad <strong>Mexiquense del Bicentenario<\/strong>,<\/mark><\/li>\n\n\n\n<li><mark style=\"background-color:rgba(0, 0, 0, 0);color:#5d03b1\" class=\"has-inline-color\">Universidades <strong>Polit\u00e9cnicas<\/strong>,<\/mark><\/li>\n\n\n\n<li><mark style=\"background-color:rgba(0, 0, 0, 0);color:#0cb602\" class=\"has-inline-color\">Universidades <strong>Tecnol\u00f3gicas <\/strong>y<\/mark><\/li>\n\n\n\n<li><mark style=\"background-color:rgba(0, 0, 0, 0);color:#c08e03\" class=\"has-inline-color\">Universidad <strong>Digital\u00a0<\/strong><\/mark><\/li>\n<\/ul>\n\n\n\n<p>.<\/p>\n\n\n\n<p>Es <strong><mark style=\"background-color:rgba(0, 0, 0, 0);color:#9f0505\" class=\"has-inline-color\">Importante<\/mark><\/strong> se\u00f1alar que:<\/p>\n\n\n\n<ul>\n<li><mark style=\"background-color:#c9f78d\" class=\"has-inline-color has-black-color\"><em><u>Este pase<\/u><\/em> <strong>NO garantiza un lugar en la carrera seleccionada<\/strong>, ya que est\u00e1 sujeto a la disponibilidad de cada instituci\u00f3n.<\/mark><\/li>\n\n\n\n<li><mark style=\"background-color:#f4b78b\" class=\"has-inline-color\"><strong>No participan<\/strong> las <strong>carreras<\/strong> <em><u>relacionadas al \u00e1rea<\/u><\/em> de <strong>Salud<\/strong> <em><u>ni<\/u><\/em> <strong>Escuelas Normales<\/strong>\u00a0<\/mark><\/li>\n<\/ul>\n\n\n\n<p>.<\/p>\n\n\n\n<p>Da click aqu\u00ed para ver acuerdo <strong>oficial <\/strong>completo&#8230;<\/p>\n\n\n\n<p><a href=\"https:\/\/legislacion.edomex.gob.mx\/sites\/legislacion.edomex.gob.mx\/files\/files\/pdf\/gct\/2025\/abril\/abr241\/abr241c.pdf\">https:\/\/legislacion.edomex.gob.mx\/sites\/legislacion.edomex.gob.mx\/files\/files\/pdf\/gct\/2025\/abril\/abr241\/abr241c.pdf<\/a><\/p>\n\n\n\n<p>.<\/p>\n\n\n\n<p class=\"wp-embed-aspect-16-9 wp-has-aspect-ratio\">Si estas en el <strong><mark style=\"background-color:rgba(0, 0, 0, 0)\" class=\"has-inline-color has-vivid-red-color\">Extranjero <\/mark><\/strong>nosotros somos tu <strong><mark style=\"background-color:rgba(0, 0, 0, 0)\" class=\"has-inline-color has-vivid-green-cyan-color\">mejor<\/mark><\/strong> alternativa para <strong><mark style=\"background-color:rgba(0, 0, 0, 0)\" class=\"has-inline-color has-luminous-vivid-orange-color\">velar<\/mark><\/strong> por tus <strong><mark style=\"background-color:rgba(0, 0, 0, 0)\" class=\"has-inline-color has-vivid-cyan-blue-color\">intereses<\/mark><\/strong>, escr\u00edbenos o ll\u00e1manos al Tel <strong>55581-11311<\/strong>.<\/p>\n\n\n\n<p class=\"wp-embed-aspect-16-9 wp-has-aspect-ratio\">.<\/p>\n\n\n\n<p class=\"wp-embed-aspect-16-9 wp-has-aspect-ratio\">Cuando<strong> necesites<\/strong> ayuda, <strong>asistencia<\/strong> o <strong>planeaci\u00f3n<\/strong> legal, <strong>solicita<\/strong> <strong>Cita Privada<\/strong> <a rel=\"noreferrer noopener\" href=\"mailto:bi@sm99.mx\" target=\"_blank\"><strong>Aqu\u00ed<\/strong><\/a><\/p>\n\n\n\n<p class=\"wp-embed-aspect-16-9 wp-has-aspect-ratio\">La informaci\u00f3n que AQU\u00cd te presentamos <strong>deriva<\/strong> de los <strong>Peri\u00f3dicos Oficiales <\/strong>de la<strong> CdMx<\/strong>, <strong>Estado<\/strong> de Mex., Diario <strong>Oficial<\/strong> de la Federaci\u00f3n, Suprema Corte de<strong> Justicia<\/strong> de la Naci\u00f3n, por lo tanto es de <strong>aplicaci\u00f3n OBLIGATORIA<\/strong><\/p>\n\n\n\n<p class=\"wp-embed-aspect-16-9 wp-has-aspect-ratio\">La <strong>informaci\u00f3n<\/strong> de hoy procede de la Gaceta del EdoMex.<\/p>\n\n\n\n<p class=\"wp-embed-aspect-16-9 wp-has-aspect-ratio\"><strong><mark style=\"background-color:rgba(0, 0, 0, 0)\" class=\"has-inline-color has-luminous-vivid-orange-color\">AY\u00daDANOS<\/mark><\/strong> para que m\u00e1s personas conozcan esta informaci\u00f3n, <strong>Comp\u00e1rtelo<\/strong> en tus redes sociales<\/p>\n","protected":false},"excerpt":{"rendered":"<p>Views: 49 . A partir de este ciclo escolar los ESTUDIANTES de escuelas p\u00fablicas de Educaci\u00f3n Media Superior (bachillerato), CONTAR\u00c1N con el PASE por Promedio, el cual les permitir\u00e1 ingresar a las instituciones de educaci\u00f3n SUPERIOR sin pagar ni presentar examen de admisi\u00f3n, siempre y cuando cumplan con ciertas exigencias. . Requisitos principales: . Instituciones [&hellip;]<\/p>\n","protected":false},"author":3,"featured_media":31846,"comment_status":"closed","ping_status":"open","sticky":false,"template":"","format":"standard","meta":{"_jetpack_memberships_contains_paid_content":false,"footnotes":""},"categories":[8],"tags":[],"jetpack_sharing_enabled":true,"jetpack_featured_media_url":"https:\/\/www.salgadonoticias.com\/wp-content\/uploads\/2025\/04\/pase.webp","_links":{"self":[{"href":"https:\/\/www.salgadonoticias.com\/index.php?rest_route=\/wp\/v2\/posts\/31842"}],"collection":[{"href":"https:\/\/www.salgadonoticias.com\/index.php?rest_route=\/wp\/v2\/posts"}],"about":[{"href":"https:\/\/www.salgadonoticias.com\/index.php?rest_route=\/wp\/v2\/types\/post"}],"author":[{"embeddable":true,"href":"https:\/\/www.salgadonoticias.com\/index.php?rest_route=\/wp\/v2\/users\/3"}],"replies":[{"embeddable":true,"href":"https:\/\/www.salgadonoticias.com\/index.php?rest_route=%2Fwp%2Fv2%2Fcomments&post=31842"}],"version-history":[{"count":3,"href":"https:\/\/www.salgadonoticias.com\/index.php?rest_route=\/wp\/v2\/posts\/31842\/revisions"}],"predecessor-version":[{"id":31848,"href":"https:\/\/www.salgadonoticias.com\/index.php?rest_route=\/wp\/v2\/posts\/31842\/revisions\/31848"}],"wp:featuredmedia":[{"embeddable":true,"href":"https:\/\/www.salgadonoticias.com\/index.php?rest_route=\/wp\/v2\/media\/31846"}],"wp:attachment":[{"href":"https:\/\/www.salgadonoticias.com\/index.php?rest_route=%2Fwp%2Fv2%2Fmedia&parent=31842"}],"wp:term":[{"taxonomy":"category","embeddable":true,"href":"https:\/\/www.salgadonoticias.com\/index.php?rest_route=%2Fwp%2Fv2%2Fcategories&post=31842"},{"taxonomy":"post_tag","embeddable":true,"href":"https:\/\/www.salgadonoticias.com\/index.php?rest_route=%2Fwp%2Fv2%2Ftags&post=31842"}],"curies":[{"name":"wp","href":"https:\/\/api.w.org\/{rel}","templated":true}]}}