{"id":32089,"date":"2025-05-23T00:43:00","date_gmt":"2025-05-23T06:43:00","guid":{"rendered":"https:\/\/www.salgadonoticias.com\/?p=32089"},"modified":"2025-05-23T18:11:04","modified_gmt":"2025-05-24T00:11:04","slug":"32089","status":"publish","type":"post","link":"https:\/\/www.salgadonoticias.com\/?p=32089","title":{"rendered":"Ante EVIDENCIA de una RELACI\u00d3N afectiva entre quien DEMANDA y Quien DESPIDI\u00d3, se DEBE juzgar con\u00a0PERSPECTIVA de g\u00e9nero\u2026!!!"},"content":{"rendered":"<p>Views: 4<\/p>\n<p>.<\/p>\n\n\n\n<figure class=\"wp-block-embed is-type-video is-provider-youtube wp-block-embed-youtube wp-embed-aspect-16-9 wp-has-aspect-ratio\"><div class=\"wp-block-embed__wrapper\">\n<iframe loading=\"lazy\" title=\"Viernes 23 mayo 2025, esto lo m\u00e1s destacado\" width=\"640\" height=\"360\" src=\"https:\/\/www.youtube.com\/embed\/0CCYwwqt90g?feature=oembed\" frameborder=\"0\" allow=\"accelerometer; autoplay; clipboard-write; encrypted-media; gyroscope; picture-in-picture; web-share\" referrerpolicy=\"strict-origin-when-cross-origin\" allowfullscreen><\/iframe>\n<\/div><\/figure>\n\n\n\n<p>.<\/p>\n\n\n\n<p>Este <strong><mark style=\"background-color:rgba(0, 0, 0, 0);color:#4b048e\" class=\"has-inline-color\">ANTECEDENTE<\/mark><\/strong><\/p>\n\n\n\n<p>Surge luego de que, en un <mark style=\"background-color:rgba(0, 0, 0, 0);color:#510499\" class=\"has-inline-color\"><strong>juicio laboral<\/strong>, <\/mark><mark style=\"background-color:rgba(0, 0, 0, 0)\" class=\"has-inline-color has-black-color\">la parte ACTORA<\/mark><mark style=\"background-color:rgba(0, 0, 0, 0);color:#510499\" class=\"has-inline-color\"> <strong>afirm\u00f3 haber tenido una relaci\u00f3n afectiva<\/strong> <\/mark><em><u><mark style=\"background-color:rgba(0, 0, 0, 0)\" class=\"has-inline-color has-black-color\">con una persona de la empresa que la despidi\u00f3 tras una discusi\u00f3n<\/mark><\/u><\/em><mark style=\"background-color:rgba(0, 0, 0, 0);color:#510499\" class=\"has-inline-color\">. <\/mark><\/p>\n\n\n\n<p><mark style=\"background-color:rgba(0, 0, 0, 0)\" class=\"has-inline-color has-black-color\">Pero la parte DEMANDADA<\/mark><mark style=\"background-color:rgba(0, 0, 0, 0);color:#510499\" class=\"has-inline-color\"> <strong>neg\u00f3<\/strong> <\/mark><mark style=\"background-color:rgba(0, 0, 0, 0)\" class=\"has-inline-color has-black-color\">la<\/mark><mark style=\"background-color:rgba(0, 0, 0, 0);color:#510499\" class=\"has-inline-color\"> <strong>relaci\u00f3n laboral<\/strong>, INDICANDO que la <strong>actora era concubina del director<\/strong> general, <\/mark><mark style=\"background-color:rgba(0, 0, 0, 0)\" class=\"has-inline-color has-black-color\"><em><u>quien supuestamente la despidi\u00f3<\/u><\/em>. <\/mark><\/p>\n\n\n\n<p><mark style=\"background-color:rgba(0, 0, 0, 0)\" class=\"has-inline-color has-black-color\">La <em><u>Junta concluy\u00f3<\/u><\/em> que la <\/mark><mark style=\"background-color:rgba(0, 0, 0, 0);color:#510499\" class=\"has-inline-color\"><strong>presunci\u00f3n<\/strong> <\/mark><mark style=\"background-color:rgba(0, 0, 0, 0)\" class=\"has-inline-color has-black-color\">de una<\/mark><mark style=\"background-color:rgba(0, 0, 0, 0);color:#510499\" class=\"has-inline-color\"> <em><u>relaci\u00f3n labora<\/u><\/em>l <\/mark><mark style=\"background-color:rgba(0, 0, 0, 0)\" class=\"has-inline-color has-black-color\">se<\/mark><mark style=\"background-color:rgba(0, 0, 0, 0);color:#510499\" class=\"has-inline-color\"> <em><u>desvirtu\u00f3 con las copias certificadas de una investigaci\u00f3n<\/u><\/em>, <\/mark><mark style=\"background-color:rgba(0, 0, 0, 0)\" class=\"has-inline-color has-black-color\">que<\/mark><mark style=\"background-color:rgba(0, 0, 0, 0);color:#510499\" class=\"has-inline-color\"> <strong>confirmaban<\/strong> <\/mark><mark style=\"background-color:rgba(0, 0, 0, 0)\" class=\"has-inline-color has-black-color\">que la demandante era<\/mark><mark style=\"background-color:rgba(0, 0, 0, 0);color:#510499\" class=\"has-inline-color\"> <strong>concubina <\/strong><\/mark><mark style=\"background-color:rgba(0, 0, 0, 0)\" class=\"has-inline-color has-black-color\">del director general y que<\/mark><mark style=\"background-color:rgba(0, 0, 0, 0);color:#510499\" class=\"has-inline-color\"> <strong>viv\u00edan juntos<\/strong>.<\/mark><\/p>\n\n\n\n<p>.<\/p>\n\n\n\n<p>La <strong><mark style=\"background-color:rgba(0, 0, 0, 0);color:#1d04a1\" class=\"has-inline-color\">Suprema Corte de Justicia<\/mark> <\/strong>a trav\u00e9s del Tribunal Colegiado de Circuito <strong><mark style=\"background-color:rgba(0, 0, 0, 0);color:#980404\" class=\"has-inline-color\">DETERMIN\u00d3<\/mark> <\/strong>que, cuando hay <mark style=\"background-color:#78f1c0\" class=\"has-inline-color\">EVIDENCIA de una <strong>relaci\u00f3n afectiva<\/strong> entre la actora y la persona a quien atribuy\u00f3 el despido, la <strong>autoridad<\/strong> DEBE <strong>juzgar<\/strong> el caso con&nbsp;<strong>perspectiva de g\u00e9nero<\/strong><\/mark>.<\/p>\n\n\n\n<p>.<\/p>\n\n\n\n<p>La justificaci\u00f3n de la <strong><mark style=\"background-color:rgba(0, 0, 0, 0);color:#0e05a3\" class=\"has-inline-color\">SCJN<\/mark><\/strong> es que, el <em><u>Estado Mexicano<\/u><\/em> est\u00e1 <strong><mark style=\"background-color:rgba(0, 0, 0, 0);color:#f62a2a\" class=\"has-inline-color\">obligado<\/mark><\/strong> a <mark style=\"background-color:rgba(0, 0, 0, 0)\" class=\"has-inline-color has-black-color\"><em><u>proteger<\/u><\/em> el<\/mark><mark style=\"background-color:rgba(0, 0, 0, 0);color:#aa035e\" class=\"has-inline-color\"> <strong>derecho<\/strong> <\/mark><mark style=\"background-color:rgba(0, 0, 0, 0)\" class=\"has-inline-color has-black-color\">a la&nbsp;<\/mark><mark style=\"background-color:rgba(0, 0, 0, 0);color:#aa035e\" class=\"has-inline-color\"><strong>igualdad<\/strong>&nbsp;<\/mark><mark style=\"background-color:rgba(0, 0, 0, 0)\" class=\"has-inline-color has-black-color\">y el principio de&nbsp;<\/mark><mark style=\"background-color:rgba(0, 0, 0, 0);color:#aa035e\" class=\"has-inline-color\"><strong>no discriminaci\u00f3n<\/strong>, <\/mark><mark style=\"background-color:rgba(0, 0, 0, 0)\" class=\"has-inline-color has-black-color\">y a juzgar con&nbsp;<\/mark><mark style=\"background-color:rgba(0, 0, 0, 0);color:#aa035e\" class=\"has-inline-color\"><strong>perspectiva de g\u00e9nero<\/strong>. <\/mark><mark style=\"background-color:rgba(0, 0, 0, 0)\" class=\"has-inline-color has-black-color\">Esto implica<\/mark><mark style=\"background-color:rgba(0, 0, 0, 0);color:#aa035e\" class=\"has-inline-color\"> <\/mark><mark style=\"background-color:rgba(0, 0, 0, 0)\" class=\"has-inline-color has-black-color\"><em><u>eliminar cualquier diferenciaci\u00f3n basada en origen \u00e9tnico, nacional, social, g\u00e9nero, edad o estereotipos<\/u><\/em> que<\/mark><mark style=\"background-color:rgba(0, 0, 0, 0);color:#aa035e\" class=\"has-inline-color\"> <strong>priven a una persona de sus derechos<\/strong>. <\/mark><mark style=\"background-color:rgba(0, 0, 0, 0)\" class=\"has-inline-color has-black-color\">En <em><u>casos donde una trabajadora es despedida por un compa\u00f1ero<\/u><\/em> con<\/mark><mark style=\"background-color:rgba(0, 0, 0, 0);color:#aa035e\" class=\"has-inline-color\"> <strong>quien ten\u00eda una relaci\u00f3n afectiva<\/strong>, <\/mark><mark style=\"background-color:#f4d7de\" class=\"has-inline-color has-black-color\">la Autoridad DEBE<\/mark><mark style=\"background-color:rgba(0, 0, 0, 0);color:#aa035e\" class=\"has-inline-color\"> <strong>analizar<\/strong> <\/mark><mark style=\"background-color:rgba(0, 0, 0, 0)\" class=\"has-inline-color has-black-color\">el asunto con<\/mark><mark style=\"background-color:rgba(0, 0, 0, 0);color:#aa035e\" class=\"has-inline-color\"> <strong>perspectiva de g\u00e9nero<\/strong> para <strong>evitar prejuicios que afecten sus derechos laborales<\/strong>.<\/mark><\/p>\n\n\n\n<p>.<\/p>\n\n\n\n<p class=\"wp-embed-aspect-16-9 wp-has-aspect-ratio\">Esta <strong><mark style=\"background-color:#eadbf8\" class=\"has-inline-color has-black-color\">RESOLUCI\u00d3N<\/mark> <\/strong>esta <strong>disponible<\/strong> para quien la <strong><mark style=\"background-color:rgba(0, 0, 0, 0);color:#990707\" class=\"has-inline-color\">CONOZCA y la HAGA VALER <\/mark> <\/strong>en todo el pa\u00eds a partir de esta semana.<\/p>\n\n\n\n<p class=\"wp-embed-aspect-16-9 wp-has-aspect-ratio\"><strong><mark style=\"background-color:rgba(0, 0, 0, 0);color:#6707c2\" class=\"has-inline-color\">Tesis LABORAL-CONSTITUCIONAL<\/mark><\/strong><\/p>\n\n\n\n<p class=\"wp-embed-aspect-16-9 wp-has-aspect-ratio has-small-font-size\"><strong>Registro digital<\/strong>: 2030405 Y 2030413<\/p>\n\n\n\n<p class=\"wp-embed-aspect-16-9 wp-has-aspect-ratio\">.<\/p>\n\n\n\n<p class=\"wp-embed-aspect-16-9 wp-has-aspect-ratio\">Si estas en el <strong><mark style=\"background-color:rgba(0, 0, 0, 0)\" class=\"has-inline-color has-vivid-red-color\">Extranjero <\/mark><\/strong>nosotros somos tu <strong><mark style=\"background-color:rgba(0, 0, 0, 0)\" class=\"has-inline-color has-vivid-green-cyan-color\">mejor<\/mark><\/strong> alternativa para <strong><mark style=\"background-color:rgba(0, 0, 0, 0)\" class=\"has-inline-color has-luminous-vivid-orange-color\">velar<\/mark><\/strong> por tus <strong><mark style=\"background-color:rgba(0, 0, 0, 0)\" class=\"has-inline-color has-vivid-cyan-blue-color\">intereses<\/mark><\/strong>, escr\u00edbenos o ll\u00e1manos al Tel <strong>55581-11311<\/strong>.<\/p>\n\n\n\n<p class=\"wp-embed-aspect-16-9 wp-has-aspect-ratio\">.<\/p>\n\n\n\n<p class=\"wp-embed-aspect-16-9 wp-has-aspect-ratio\">Cuando<strong> necesites<\/strong> ayuda, <strong>asistencia<\/strong> o <strong>planeaci\u00f3n<\/strong> legal, <strong>solicita<\/strong> <strong>Cita Privada<\/strong> <a rel=\"noreferrer noopener\" href=\"mailto:bi@sm99.mx\" target=\"_blank\"><strong>Aqu\u00ed<\/strong><\/a><\/p>\n\n\n\n<p class=\"wp-embed-aspect-16-9 wp-has-aspect-ratio\">La informaci\u00f3n que AQU\u00cd te presentamos <strong>deriva<\/strong> de los <strong>Peri\u00f3dicos Oficiales <\/strong>de la<strong> CdMx<\/strong>, <strong>Estado<\/strong> de Mex., Diario <strong>Oficial<\/strong> de la Federaci\u00f3n, Suprema Corte de<strong> Justicia<\/strong> de la Naci\u00f3n, por lo tanto es de <strong>aplicaci\u00f3n OBLIGATORIA<\/strong><\/p>\n\n\n\n<p class=\"wp-embed-aspect-16-9 wp-has-aspect-ratio\">La <strong>informaci\u00f3n<\/strong> de hoy procede de la Suprema Corte<\/p>\n\n\n\n<p class=\"wp-embed-aspect-16-9 wp-has-aspect-ratio\">.<\/p>\n\n\n\n<p class=\"wp-embed-aspect-16-9 wp-has-aspect-ratio\"><strong><mark style=\"background-color:rgba(0, 0, 0, 0)\" class=\"has-inline-color has-luminous-vivid-orange-color\">AY\u00daDANOS<\/mark><\/strong> para que m\u00e1s personas conozcan esta informaci\u00f3n, <strong>Comp\u00e1rtelo<\/strong> en tus redes sociales.<\/p>\n","protected":false},"excerpt":{"rendered":"<p>Views: 4 . . Este ANTECEDENTE Surge luego de que, en un juicio laboral, la parte ACTORA afirm\u00f3 haber tenido una relaci\u00f3n afectiva con una persona de la empresa que la despidi\u00f3 tras una discusi\u00f3n. Pero la parte DEMANDADA neg\u00f3 la relaci\u00f3n laboral, INDICANDO que la actora era concubina del director general, quien supuestamente la [&hellip;]<\/p>\n","protected":false},"author":3,"featured_media":32094,"comment_status":"closed","ping_status":"open","sticky":false,"template":"","format":"standard","meta":{"_jetpack_memberships_contains_paid_content":false,"footnotes":""},"categories":[4],"tags":[],"jetpack_sharing_enabled":true,"jetpack_featured_media_url":"https:\/\/www.salgadonoticias.com\/wp-content\/uploads\/2025\/05\/justicia-perspectiva-genero.png","_links":{"self":[{"href":"https:\/\/www.salgadonoticias.com\/index.php?rest_route=\/wp\/v2\/posts\/32089"}],"collection":[{"href":"https:\/\/www.salgadonoticias.com\/index.php?rest_route=\/wp\/v2\/posts"}],"about":[{"href":"https:\/\/www.salgadonoticias.com\/index.php?rest_route=\/wp\/v2\/types\/post"}],"author":[{"embeddable":true,"href":"https:\/\/www.salgadonoticias.com\/index.php?rest_route=\/wp\/v2\/users\/3"}],"replies":[{"embeddable":true,"href":"https:\/\/www.salgadonoticias.com\/index.php?rest_route=%2Fwp%2Fv2%2Fcomments&post=32089"}],"version-history":[{"count":6,"href":"https:\/\/www.salgadonoticias.com\/index.php?rest_route=\/wp\/v2\/posts\/32089\/revisions"}],"predecessor-version":[{"id":32100,"href":"https:\/\/www.salgadonoticias.com\/index.php?rest_route=\/wp\/v2\/posts\/32089\/revisions\/32100"}],"wp:featuredmedia":[{"embeddable":true,"href":"https:\/\/www.salgadonoticias.com\/index.php?rest_route=\/wp\/v2\/media\/32094"}],"wp:attachment":[{"href":"https:\/\/www.salgadonoticias.com\/index.php?rest_route=%2Fwp%2Fv2%2Fmedia&parent=32089"}],"wp:term":[{"taxonomy":"category","embeddable":true,"href":"https:\/\/www.salgadonoticias.com\/index.php?rest_route=%2Fwp%2Fv2%2Fcategories&post=32089"},{"taxonomy":"post_tag","embeddable":true,"href":"https:\/\/www.salgadonoticias.com\/index.php?rest_route=%2Fwp%2Fv2%2Ftags&post=32089"}],"curies":[{"name":"wp","href":"https:\/\/api.w.org\/{rel}","templated":true}]}}