{"id":32101,"date":"2025-05-26T00:33:00","date_gmt":"2025-05-26T06:33:00","guid":{"rendered":"https:\/\/www.salgadonoticias.com\/?p=32101"},"modified":"2025-05-26T17:53:40","modified_gmt":"2025-05-26T23:53:40","slug":"32101","status":"publish","type":"post","link":"https:\/\/www.salgadonoticias.com\/?p=32101","title":{"rendered":"Aun No estando a TU nombre el CONTRATO de Luz, Puedes IMPUGNAR ajustes de Facturaci\u00f3n &#8230;!!!"},"content":{"rendered":"<p>Views: 6<\/p>\n<p>.<\/p>\n\n\n\n<figure class=\"wp-block-embed is-type-video is-provider-youtube wp-block-embed-youtube wp-embed-aspect-16-9 wp-has-aspect-ratio\"><div class=\"wp-block-embed__wrapper\">\n<iframe loading=\"lazy\" title=\"Lunes 26 mayo 2025, lo relevante de esta \u00faltima semana del mes\" width=\"640\" height=\"360\" src=\"https:\/\/www.youtube.com\/embed\/mAVboNRbhnM?feature=oembed\" frameborder=\"0\" allow=\"accelerometer; autoplay; clipboard-write; encrypted-media; gyroscope; picture-in-picture; web-share\" referrerpolicy=\"strict-origin-when-cross-origin\" allowfullscreen><\/iframe>\n<\/div><\/figure>\n\n\n\n<p>.<\/p>\n\n\n\n<p>Este ANTECEDENTE<\/p>\n\n\n\n<p>Surge luego de que, Tribunales tuvieron <mark style=\"background-color:rgba(0, 0, 0, 0);color:#b55109\" class=\"has-inline-color\"><strong>opiniones diferentes<\/strong> <\/mark><mark style=\"background-color:rgba(0, 0, 0, 0)\" class=\"has-inline-color has-black-color\">sobre si un<\/mark><mark style=\"background-color:rgba(0, 0, 0, 0);color:#b55109\" class=\"has-inline-color\"> <em><u>usuario final de energ\u00eda el\u00e9ctrica<\/u><\/em> <\/mark><mark style=\"background-color:rgba(0, 0, 0, 0)\" class=\"has-inline-color has-black-color\">PUEDE <\/mark><mark style=\"background-color:rgba(0, 0, 0, 0);color:#b55109\" class=\"has-inline-color\"><strong>impugnar<\/strong> <em><u>un ajuste de facturaci\u00f3n si no firm\u00f3 el contrato<\/u><\/em>. <\/mark><\/p>\n\n\n\n<p><mark style=\"background-color:rgba(0, 0, 0, 0)\" class=\"has-inline-color has-black-color\">Uno dijo que SOLO <\/mark><mark style=\"background-color:rgba(0, 0, 0, 0);color:#b55109\" class=\"has-inline-color\"><strong>quien firm\u00f3<\/strong> <\/mark><mark style=\"background-color:rgba(0, 0, 0, 0)\" class=\"has-inline-color has-black-color\">el contrato<\/mark><mark style=\"background-color:rgba(0, 0, 0, 0);color:#b55109\" class=\"has-inline-color\"> <em><u>puede impugnar<\/u><\/em>, <\/mark><mark style=\"background-color:rgba(0, 0, 0, 0)\" class=\"has-inline-color has-black-color\">mientras que el otro dijo que e<\/mark><mark style=\"background-color:rgba(0, 0, 0, 0);color:#b55109\" class=\"has-inline-color\">l <em><u>propietario del inmueble<\/u><\/em>, <\/mark><mark style=\"background-color:rgba(0, 0, 0, 0)\" class=\"has-inline-color has-black-color\">como<\/mark><mark style=\"background-color:rgba(0, 0, 0, 0);color:#b55109\" class=\"has-inline-color\"> <em><u>usuario final y responsable del pago<\/u><\/em>, <strong>S\u00cd puede impugnar<\/strong><\/mark><mark style=\"background-color:rgba(0, 0, 0, 0)\" class=\"has-inline-color has-black-color\"> los ajustes de facturaci\u00f3n, ya que sus <\/mark><mark style=\"background-color:rgba(0, 0, 0, 0);color:#b55109\" class=\"has-inline-color\"><em><u>derechos podr\u00edan verse afectados<\/u><\/em>.<\/mark><\/p>\n\n\n\n<p>.<\/p>\n\n\n\n<p>La <strong><mark style=\"background-color:rgba(0, 0, 0, 0);color:#1b07e3\" class=\"has-inline-color\">Suprema Corte de Justicia<\/mark><\/strong>, ante lo anterior <strong><mark style=\"background-color:rgba(0, 0, 0, 0);color:#830707\" class=\"has-inline-color\">DETERMIN\u00d3<\/mark><\/strong> que el&nbsp;<mark style=\"background-color:#b9f36d\" class=\"has-inline-color\"><strong>usuario final<\/strong>&nbsp;de&nbsp;<em><u>energ\u00eda el\u00e9ctrica<\/u><\/em>&nbsp;PUEDE <strong>impugnar<\/strong> los&nbsp;<strong>ajustes de facturaci\u00f3n<\/strong>, aunque <em><u>NO haya firmado<\/u><\/em> el&nbsp;<strong>contrato<\/strong><\/mark>.<\/p>\n\n\n\n<p>.<\/p>\n\n\n\n<p>La justificaci\u00f3n de la <strong><mark style=\"background-color:rgba(0, 0, 0, 0);color:#2006a6\" class=\"has-inline-color\">SCJN<\/mark> <\/strong>es que la <mark style=\"background-color:rgba(0, 0, 0, 0);color:#ac044e\" class=\"has-inline-color\"><em><u>Legislaci\u00f3n de energ\u00eda el\u00e9ctrica<\/u><\/em> <strong>protege el derecho<\/strong> <\/mark><mark style=\"background-color:rgba(0, 0, 0, 0)\" class=\"has-inline-color has-black-color\">de los<\/mark><mark style=\"background-color:rgba(0, 0, 0, 0);color:#ac044e\" class=\"has-inline-color\"> USUARIOS <\/mark><mark style=\"background-color:rgba(0, 0, 0, 0)\" class=\"has-inline-color has-black-color\">finales a<\/mark><mark style=\"background-color:rgba(0, 0, 0, 0);color:#ac044e\" class=\"has-inline-color\"> <strong>defenderse<\/strong> <\/mark><mark style=\"background-color:rgba(0, 0, 0, 0)\" class=\"has-inline-color has-black-color\">de<\/mark><mark style=\"background-color:rgba(0, 0, 0, 0);color:#ac044e\" class=\"has-inline-color\"> <em><u>actos contrarios a sus intereses<\/u><\/em>, <\/mark><mark style=\"background-color:rgba(0, 0, 0, 0)\" class=\"has-inline-color has-black-color\">aunque no contemple casos en que el<\/mark><mark style=\"background-color:rgba(0, 0, 0, 0);color:#ac044e\" class=\"has-inline-color\"> <strong>firmante del contrato deja de ser el consumidor<\/strong>.<\/mark><\/p>\n\n\n\n<p>Por consiguiente, el&nbsp;<mark style=\"background-color:rgba(0, 0, 0, 0);color:#9f076e\" class=\"has-inline-color\"><em><u>usuario final<\/u><\/em>&nbsp;<\/mark><mark style=\"background-color:rgba(0, 0, 0, 0)\" class=\"has-inline-color has-black-color\">que<\/mark><mark style=\"background-color:rgba(0, 0, 0, 0);color:#9f076e\" class=\"has-inline-color\"> <strong>consume y paga<\/strong> <\/mark><mark style=\"background-color:rgba(0, 0, 0, 0)\" class=\"has-inline-color has-black-color\">el servicio de&nbsp;<\/mark><mark style=\"background-color:rgba(0, 0, 0, 0);color:#9f076e\" class=\"has-inline-color\"><strong>LUZ<\/strong>&nbsp;<\/mark><mark style=\"background-color:rgba(0, 0, 0, 0)\" class=\"has-inline-color has-black-color\">puede <\/mark><mark style=\"background-color:rgba(0, 0, 0, 0);color:#9f076e\" class=\"has-inline-color\"><em><u>defender sus derechos ante los \u00f3rganos jurisdiccionales<\/u><\/em>,<\/mark><mark style=\"background-color:rgba(0, 0, 0, 0)\" class=\"has-inline-color has-black-color\"> aunque no haya<\/mark><mark style=\"background-color:rgba(0, 0, 0, 0);color:#9f076e\" class=\"has-inline-color\"> <strong>firmado<\/strong> <\/mark><mark style=\"background-color:rgba(0, 0, 0, 0)\" class=\"has-inline-color has-black-color\">el&nbsp;<\/mark><mark style=\"background-color:rgba(0, 0, 0, 0);color:#9f076e\" class=\"has-inline-color\"><strong>contrato<\/strong>&nbsp;<\/mark><mark style=\"background-color:rgba(0, 0, 0, 0)\" class=\"has-inline-color has-black-color\">ni sea PROPIETARIO del<\/mark><mark style=\"background-color:rgba(0, 0, 0, 0);color:#9f076e\" class=\"has-inline-color\">&nbsp;<strong>inmueble<\/strong><\/mark>.<\/p>\n\n\n\n<p>El&nbsp;<mark style=\"background-color:rgba(0, 0, 0, 0);color:#99074d\" class=\"has-inline-color\"><em><u>usuario final&nbsp;de&nbsp;energ\u00eda el\u00e9ctrica<\/u><\/em>&nbsp;<\/mark><mark style=\"background-color:rgba(0, 0, 0, 0)\" class=\"has-inline-color has-black-color\">DEBE poder <\/mark><mark style=\"background-color:rgba(0, 0, 0, 0);color:#99074d\" class=\"has-inline-color\"><strong>impugnar<\/strong> <em><u>ajustes de facturaci\u00f3n<\/u><\/em> <\/mark><mark style=\"background-color:rgba(0, 0, 0, 0)\" class=\"has-inline-color has-black-color\">para as\u00ed<\/mark><mark style=\"background-color:rgba(0, 0, 0, 0);color:#99074d\" class=\"has-inline-color\"> <em><u>evitar<\/u><\/em> <\/mark><mark style=\"background-color:rgba(0, 0, 0, 0)\" class=\"has-inline-color has-black-color\">quedar indefenso ante <\/mark><mark style=\"background-color:rgba(0, 0, 0, 0);color:#99074d\" class=\"has-inline-color\"><em><u>incrementos de tarifas o suspensi\u00f3n del servicio<\/u><\/em>.<\/mark><\/p>\n\n\n\n<p>.<\/p>\n\n\n\n<p class=\"wp-embed-aspect-16-9 wp-has-aspect-ratio\">Esta <strong><mark style=\"background-color:#81cdb1\" class=\"has-inline-color has-black-color\">RESOLUCI\u00d3N<\/mark> <\/strong>es de <strong>aplicaci\u00f3n<\/strong> <strong><mark style=\"background-color:rgba(0, 0, 0, 0);color:#990707\" class=\"has-inline-color\">OBLIGATORIA <\/mark> <\/strong>en todo el pa\u00eds a partir de esta semana.<\/p>\n\n\n\n<p class=\"wp-embed-aspect-16-9 wp-has-aspect-ratio\"><strong><mark style=\"background-color:rgba(0, 0, 0, 0);color:#038f5c\" class=\"has-inline-color\">Jurisprudencia ADMINISTRATIVA<\/mark><\/strong><\/p>\n\n\n\n<p class=\"wp-embed-aspect-16-9 wp-has-aspect-ratio has-small-font-size\"><strong>Registro digital<\/strong>: 2030433<\/p>\n\n\n\n<p class=\"wp-embed-aspect-16-9 wp-has-aspect-ratio\">.<\/p>\n\n\n\n<p class=\"wp-embed-aspect-16-9 wp-has-aspect-ratio\">Si estas en el <strong><mark style=\"background-color:rgba(0, 0, 0, 0)\" class=\"has-inline-color has-vivid-red-color\">Extranjero <\/mark><\/strong>nosotros somos tu <strong><mark style=\"background-color:rgba(0, 0, 0, 0)\" class=\"has-inline-color has-vivid-green-cyan-color\">mejor<\/mark><\/strong> alternativa para <strong><mark style=\"background-color:rgba(0, 0, 0, 0)\" class=\"has-inline-color has-luminous-vivid-orange-color\">velar<\/mark><\/strong> por tus <strong><mark style=\"background-color:rgba(0, 0, 0, 0)\" class=\"has-inline-color has-vivid-cyan-blue-color\">intereses<\/mark><\/strong>, escr\u00edbenos o ll\u00e1manos al Tel <strong>55581-11311<\/strong>.<\/p>\n\n\n\n<p class=\"wp-embed-aspect-16-9 wp-has-aspect-ratio\">.<\/p>\n\n\n\n<p class=\"wp-embed-aspect-16-9 wp-has-aspect-ratio\">Cuando<strong> necesites<\/strong> ayuda, <strong>asistencia<\/strong> o <strong>planeaci\u00f3n<\/strong> legal, <strong>solicita<\/strong> <strong>Cita Privada<\/strong> <a rel=\"noreferrer noopener\" href=\"mailto:bi@sm99.mx\" target=\"_blank\"><strong>Aqu\u00ed<\/strong><\/a><\/p>\n\n\n\n<p class=\"wp-embed-aspect-16-9 wp-has-aspect-ratio\">La informaci\u00f3n que AQU\u00cd te presentamos <strong>deriva<\/strong> de los <strong>Peri\u00f3dicos Oficiales <\/strong>de la<strong> CdMx<\/strong>, <strong>Estado<\/strong> de Mex., Diario <strong>Oficial<\/strong> de la Federaci\u00f3n, Suprema Corte de<strong> Justicia<\/strong> de la Naci\u00f3n, por lo tanto es de <strong>aplicaci\u00f3n OBLIGATORIA<\/strong><\/p>\n\n\n\n<p class=\"wp-embed-aspect-16-9 wp-has-aspect-ratio\">La <strong>informaci\u00f3n<\/strong> de hoy procede de la Suprema Corte<\/p>\n\n\n\n<p class=\"wp-embed-aspect-16-9 wp-has-aspect-ratio\">.<\/p>\n\n\n\n<p class=\"wp-embed-aspect-16-9 wp-has-aspect-ratio\"><strong><mark style=\"background-color:rgba(0, 0, 0, 0)\" class=\"has-inline-color has-luminous-vivid-orange-color\">AY\u00daDANOS<\/mark><\/strong> para que m\u00e1s personas conozcan esta informaci\u00f3n, <strong>Comp\u00e1rtelo<\/strong> en tus redes sociales<\/p>\n","protected":false},"excerpt":{"rendered":"<p>Views: 6 . . Este ANTECEDENTE Surge luego de que, Tribunales tuvieron opiniones diferentes sobre si un usuario final de energ\u00eda el\u00e9ctrica PUEDE impugnar un ajuste de facturaci\u00f3n si no firm\u00f3 el contrato. Uno dijo que SOLO quien firm\u00f3 el contrato puede impugnar, mientras que el otro dijo que el propietario del inmueble, como usuario [&hellip;]<\/p>\n","protected":false},"author":3,"featured_media":32106,"comment_status":"closed","ping_status":"open","sticky":false,"template":"","format":"standard","meta":{"_jetpack_memberships_contains_paid_content":false,"footnotes":""},"categories":[4],"tags":[],"jetpack_sharing_enabled":true,"jetpack_featured_media_url":"https:\/\/www.salgadonoticias.com\/wp-content\/uploads\/2025\/05\/f960x540-279543_353618_5050.webp","_links":{"self":[{"href":"https:\/\/www.salgadonoticias.com\/index.php?rest_route=\/wp\/v2\/posts\/32101"}],"collection":[{"href":"https:\/\/www.salgadonoticias.com\/index.php?rest_route=\/wp\/v2\/posts"}],"about":[{"href":"https:\/\/www.salgadonoticias.com\/index.php?rest_route=\/wp\/v2\/types\/post"}],"author":[{"embeddable":true,"href":"https:\/\/www.salgadonoticias.com\/index.php?rest_route=\/wp\/v2\/users\/3"}],"replies":[{"embeddable":true,"href":"https:\/\/www.salgadonoticias.com\/index.php?rest_route=%2Fwp%2Fv2%2Fcomments&post=32101"}],"version-history":[{"count":5,"href":"https:\/\/www.salgadonoticias.com\/index.php?rest_route=\/wp\/v2\/posts\/32101\/revisions"}],"predecessor-version":[{"id":32117,"href":"https:\/\/www.salgadonoticias.com\/index.php?rest_route=\/wp\/v2\/posts\/32101\/revisions\/32117"}],"wp:featuredmedia":[{"embeddable":true,"href":"https:\/\/www.salgadonoticias.com\/index.php?rest_route=\/wp\/v2\/media\/32106"}],"wp:attachment":[{"href":"https:\/\/www.salgadonoticias.com\/index.php?rest_route=%2Fwp%2Fv2%2Fmedia&parent=32101"}],"wp:term":[{"taxonomy":"category","embeddable":true,"href":"https:\/\/www.salgadonoticias.com\/index.php?rest_route=%2Fwp%2Fv2%2Fcategories&post=32101"},{"taxonomy":"post_tag","embeddable":true,"href":"https:\/\/www.salgadonoticias.com\/index.php?rest_route=%2Fwp%2Fv2%2Ftags&post=32101"}],"curies":[{"name":"wp","href":"https:\/\/api.w.org\/{rel}","templated":true}]}}