{"id":32115,"date":"2025-06-09T01:15:00","date_gmt":"2025-06-09T07:15:00","guid":{"rendered":"https:\/\/www.salgadonoticias.com\/?p=32115"},"modified":"2025-06-09T19:18:47","modified_gmt":"2025-06-10T01:18:47","slug":"32115","status":"publish","type":"post","link":"https:\/\/www.salgadonoticias.com\/?p=32115","title":{"rendered":"Si una Persona tiene\u00a0DOS actas de NACIMIENTO, la SEGUNDA debe ser considerada\u00a0NULA&#8230;!!!"},"content":{"rendered":"<p>Views: 40<\/p>\n<p>.<\/p>\n\n\n\n<figure class=\"wp-block-embed is-type-video is-provider-youtube wp-block-embed-youtube wp-embed-aspect-16-9 wp-has-aspect-ratio\"><div class=\"wp-block-embed__wrapper\">\n<iframe loading=\"lazy\" title=\"Lunes 9 de junio 2025, inicia la semana bien informado\" width=\"640\" height=\"360\" src=\"https:\/\/www.youtube.com\/embed\/SJzEcv50oDw?feature=oembed\" frameborder=\"0\" allow=\"accelerometer; autoplay; clipboard-write; encrypted-media; gyroscope; picture-in-picture; web-share\" referrerpolicy=\"strict-origin-when-cross-origin\" allowfullscreen><\/iframe>\n<\/div><\/figure>\n\n\n\n<p>.<\/p>\n\n\n\n<p>Este <strong>ANTEDECENTE<\/strong><\/p>\n\n\n\n<p><mark style=\"background-color:rgba(0, 0, 0, 0);color:#b08204\" class=\"has-inline-color\"><strong>Surge<\/strong><\/mark><mark style=\"background-color:rgba(0, 0, 0, 0)\" class=\"has-inline-color has-black-color\"><strong> <\/strong>luego de que, una <em><u>mujer registr\u00f3 a una ni\u00f1a abandonada con sus apellidos<\/u><\/em>, aunque ya<\/mark><mark style=\"background-color:rgba(0, 0, 0, 0);color:#b08204\" class=\"has-inline-color\"> <strong>exist\u00eda una acta de nacimiento previa<\/strong>.<\/mark><\/p>\n\n\n\n<p>Pero, tras la muerte de la mujer, su <em><u><mark style=\"background-color:#c6def3\" class=\"has-inline-color\">hija biol\u00f3gica<\/mark><\/u><\/em> <mark style=\"background-color:rgba(0, 0, 0, 0);color:#a97d03\" class=\"has-inline-color\"><strong>demand\u00f3 la nulidad de la segunda acta<\/strong> <\/mark><mark style=\"background-color:rgba(0, 0, 0, 0)\" class=\"has-inline-color has-black-color\">de<\/mark><mark style=\"background-color:rgba(0, 0, 0, 0);color:#a97d03\" class=\"has-inline-color\"> <strong>nacimiento<\/strong> <\/mark><mark style=\"background-color:rgba(0, 0, 0, 0)\" class=\"has-inline-color has-black-color\">de la <em><u>hija no biol\u00f3gica para privarla de derechos hereditarios<\/u><\/em>. <\/mark><\/p>\n\n\n\n<p><mark style=\"background-color:rgba(0, 0, 0, 0)\" class=\"has-inline-color has-black-color\">En<\/mark><mark style=\"background-color:rgba(0, 0, 0, 0);color:#a97d03\" class=\"has-inline-color\"> <strong>apelaci\u00f3n<\/strong>, <\/mark><mark style=\"background-color:rgba(0, 0, 0, 0)\" class=\"has-inline-color has-black-color\">la Sala civil <em><u>ANUL\u00d3 la segunda acta<\/u><\/em><\/mark><mark style=\"background-color:rgba(0, 0, 0, 0);color:#a97d03\" class=\"has-inline-color\">. La <em><u>hija no biol\u00f3gica<\/u><\/em> <strong>promovi\u00f3<\/strong> <\/mark><mark style=\"background-color:rgba(0, 0, 0, 0)\" class=\"has-inline-color has-black-color\">un juicio de<\/mark><mark style=\"background-color:rgba(0, 0, 0, 0);color:#a97d03\" class=\"has-inline-color\"> <strong>amparo<\/strong>, <\/mark><mark style=\"background-color:rgba(0, 0, 0, 0)\" class=\"has-inline-color has-black-color\"><em><u>argumentando<\/u><\/em> que el registro reflejaba la<\/mark><mark style=\"background-color:rgba(0, 0, 0, 0);color:#a97d03\" class=\"has-inline-color\"> <strong>voluntad de su madre y su identidad personal y familiar<\/strong>.<\/mark><\/p>\n\n\n\n<p>.<\/p>\n\n\n\n<p>La <strong><mark style=\"background-color:rgba(0, 0, 0, 0);color:#011194\" class=\"has-inline-color\">Suprema Corte de Justicia<\/mark> <\/strong>ante lo anterior <strong><mark style=\"background-color:rgba(0, 0, 0, 0);color:#9f0404\" class=\"has-inline-color\">DETERMIN\u00d3<\/mark> <\/strong>que, por&nbsp;<mark style=\"background-color:rgba(0, 0, 0, 0);color:#029f19\" class=\"has-inline-color\"><strong>regla general<\/strong>, <\/mark><mark style=\"background-color:rgba(0, 0, 0, 0)\" class=\"has-inline-color has-black-color\">si <em><u>una persona tiene<\/u><\/em><\/mark><mark style=\"background-color:rgba(0, 0, 0, 0);color:#029f19\" class=\"has-inline-color\">&nbsp;<strong>DOS actas de nacimiento<\/strong>,<\/mark><mark style=\"background-color:rgba(0, 0, 0, 0)\" class=\"has-inline-color has-black-color\"> la<\/mark><mark style=\"background-color:rgba(0, 0, 0, 0);color:#029f19\" class=\"has-inline-color\"> <strong>segunda<\/strong> <\/mark><em><u><mark style=\"background-color:rgba(0, 0, 0, 0)\" class=\"has-inline-color has-black-color\">debe ser considerada<\/mark><\/u><\/em><mark style=\"background-color:rgba(0, 0, 0, 0);color:#029f19\" class=\"has-inline-color\">&nbsp;<strong>nula<\/strong>.<\/mark><\/p>\n\n\n\n<p>Sin embargo, las <mark style=\"background-color:rgba(0, 0, 0, 0)\" class=\"has-inline-color has-black-color\"><em><u>autoridades judiciales pueden declarar<\/u><\/em> la<\/mark><mark style=\"background-color:rgba(0, 0, 0, 0);color:#038e5b\" class=\"has-inline-color\">&nbsp;<strong>VALIDEZ<\/strong>&nbsp;<\/mark><mark style=\"background-color:rgba(0, 0, 0, 0)\" class=\"has-inline-color has-black-color\">de <em><u>ambas actas<\/u><\/em> si advierten que la<\/mark><mark style=\"background-color:rgba(0, 0, 0, 0);color:#038e5b\" class=\"has-inline-color\"> <strong>segunda acta es consecuencia<\/strong><\/mark> de:<\/p>\n\n\n\n<ul>\n<li>Un<mark style=\"background-color:rgba(0, 0, 0, 0);color:#5902aa\" class=\"has-inline-color\">&nbsp;<strong>error<\/strong>&nbsp;u&nbsp;<strong>omisi\u00f3n<\/strong><\/mark>&nbsp;de las autoridades,<\/li>\n\n\n\n<li>Que la intenci\u00f3n del registro fue&nbsp;<mark style=\"background-color:rgba(0, 0, 0, 0)\" class=\"has-inline-color has-luminous-vivid-orange-color\"><strong>reconocer<\/strong>&nbsp;<\/mark><mark style=\"background-color:rgba(0, 0, 0, 0)\" class=\"has-inline-color has-black-color\">a una persona en situaci\u00f3n de<\/mark><mark style=\"background-color:rgba(0, 0, 0, 0)\" class=\"has-inline-color has-luminous-vivid-orange-color\">&nbsp;<strong>abandono<\/strong><\/mark>, y<\/li>\n\n\n\n<li>Que la <em><u>persona registrada<\/u><\/em> ha <mark style=\"background-color:rgba(0, 0, 0, 0);color:#2d0cb5\" class=\"has-inline-color\"><strong>forjado<\/strong><\/mark><mark style=\"background-color:rgba(0, 0, 0, 0)\" class=\"has-inline-color has-black-color\"> su<\/mark><mark style=\"background-color:rgba(0, 0, 0, 0);color:#2d0cb5\" class=\"has-inline-color\">&nbsp;<strong>identidad<\/strong><\/mark><mark style=\"background-color:rgba(0, 0, 0, 0)\" class=\"has-inline-color has-black-color\">&nbsp;con el <em><u>nombre y apellidos<\/u><\/em> de la <\/mark><mark style=\"background-color:rgba(0, 0, 0, 0);color:#2d0cb5\" class=\"has-inline-color\"><strong>segunda acta<\/strong>.<\/mark><\/li>\n<\/ul>\n\n\n\n<p>.<\/p>\n\n\n\n<p>La justificaci\u00f3n de la <strong><mark style=\"background-color:rgba(0, 0, 0, 0);color:#170690\" class=\"has-inline-color\">SCJN<\/mark><\/strong> es que, el <em><u>acta de nacimiento<\/u><\/em> <mark style=\"background-color:rgba(0, 0, 0, 0);color:#a50658\" class=\"has-inline-color\"><strong>identifica<\/strong> <\/mark><mark style=\"background-color:rgba(0, 0, 0, 0)\" class=\"has-inline-color has-black-color\">a una persona mediante su<\/mark><mark style=\"background-color:rgba(0, 0, 0, 0);color:#a50658\" class=\"has-inline-color\"> <em><u>nombre, apellidos, nacionalidad, edad y g\u00e9nero<\/u><\/em>, y <strong>establece<\/strong> <\/mark><mark style=\"background-color:rgba(0, 0, 0, 0)\" class=\"has-inline-color has-black-color\">el <\/mark><mark style=\"background-color:rgba(0, 0, 0, 0);color:#a50658\" class=\"has-inline-color\"><em><u>v\u00ednculo con sus progenitores<\/u><\/em>. <\/mark><mark style=\"background-color:rgba(0, 0, 0, 0)\" class=\"has-inline-color has-black-color\">As\u00ed, el Registro Civil <\/mark><mark style=\"background-color:rgba(0, 0, 0, 0);color:#a50658\" class=\"has-inline-color\"><strong>emite<\/strong> <\/mark><mark style=\"background-color:rgba(0, 0, 0, 0)\" class=\"has-inline-color has-black-color\">el acta de nacimiento, <\/mark><mark style=\"background-color:rgba(0, 0, 0, 0);color:#a50658\" class=\"has-inline-color\"><strong>garantizando la seguridad jur\u00eddica<\/strong> <\/mark><mark style=\"background-color:rgba(0, 0, 0, 0)\" class=\"has-inline-color has-black-color\">y solo puede <em><u>emitir<\/u><\/em> <\/mark><mark style=\"background-color:rgba(0, 0, 0, 0);color:#a50658\" class=\"has-inline-color\"><strong>UNA<\/strong> <strong>acta por persona<\/strong>; <\/mark><mark style=\"background-color:rgba(0, 0, 0, 0)\" class=\"has-inline-color has-black-color\">cualquier<\/mark><mark style=\"background-color:rgba(0, 0, 0, 0);color:#a50658\" class=\"has-inline-color\"> <em><u>segundo registro es NULO<\/u><\/em><\/mark><em><u>.<\/u><\/em><\/p>\n\n\n\n<p>Sin embargo, <mark style=\"background-color:rgba(0, 0, 0, 0);color:#a80553\" class=\"has-inline-color\"><em><u>se puede hacer<\/u><\/em> <\/mark><mark style=\"background-color:rgba(0, 0, 0, 0)\" class=\"has-inline-color has-black-color\">una<\/mark><mark style=\"background-color:rgba(0, 0, 0, 0);color:#a80553\" class=\"has-inline-color\"> <strong>excepci\u00f3n<\/strong> <\/mark><mark style=\"background-color:rgba(0, 0, 0, 0)\" class=\"has-inline-color has-black-color\">cuando la<\/mark><mark style=\"background-color:rgba(0, 0, 0, 0);color:#a80553\" class=\"has-inline-color\"> <em><u>segunda acta de nacimiento<\/u><\/em><\/mark><mark style=\"background-color:rgba(0, 0, 0, 0)\" class=\"has-inline-color has-black-color\"> es resultado de un&nbsp;<\/mark><mark style=\"background-color:rgba(0, 0, 0, 0);color:#a80553\" class=\"has-inline-color\"><strong>error<\/strong>&nbsp;<\/mark><mark style=\"background-color:rgba(0, 0, 0, 0)\" class=\"has-inline-color has-black-color\">del Registro Civil, cuando la intenci\u00f3n fue<\/mark><mark style=\"background-color:rgba(0, 0, 0, 0);color:#a80553\" class=\"has-inline-color\">&nbsp;<strong>reconocer<\/strong>&nbsp;<\/mark><mark style=\"background-color:rgba(0, 0, 0, 0)\" class=\"has-inline-color has-black-color\">al ni\u00f1o o ni\u00f1a como descendiente, y cuando la persona ha construido su<\/mark><mark style=\"background-color:rgba(0, 0, 0, 0);color:#a80553\" class=\"has-inline-color\">&nbsp;<strong>identidad<\/strong>&nbsp;<\/mark><mark style=\"background-color:rgba(0, 0, 0, 0)\" class=\"has-inline-color has-black-color\">con el nombre y apellidos de la segunda acta. En este caso, el<\/mark><mark style=\"background-color:rgba(0, 0, 0, 0);color:#a80553\" class=\"has-inline-color\"> <strong>JUEZ<\/strong> <strong>puede validar ambas actas para no desconocer la filiaci\u00f3n biol\u00f3gica ni vulnerar el derecho a la identidad.<\/strong><\/mark><\/p>\n\n\n\n<p>.<\/p>\n\n\n\n<p>Esta <strong><mark style=\"background-color:#c3e2f6\" class=\"has-inline-color has-black-color\">RESOLUCI\u00d3N<\/mark> <\/strong>es de <strong>aplicaci\u00f3n<\/strong> <strong><mark style=\"background-color:rgba(0, 0, 0, 0);color:#a40303\" class=\"has-inline-color\">OBLIGATORIA<\/mark> <\/strong>en todo el pa\u00eds a partir de esta semana.<\/p>\n\n\n\n<p><strong><mark style=\"background-color:rgba(0, 0, 0, 0);color:#047dc4\" class=\"has-inline-color\">Jurisprudencia CIVIL-CONSTITUCIONAL<\/mark><\/strong><\/p>\n\n\n\n<p class=\"has-small-font-size\"><strong>Registro digital<\/strong>: 2030460\u00a0\u00a0\u00a0\u00a0\u00a0\u00a0\u00a0\u00a0<\/p>\n\n\n\n<p><\/p>\n\n\n\n<p><\/p>\n\n\n\n<p class=\"wp-embed-aspect-16-9 wp-has-aspect-ratio\">Si estas en el <strong><mark style=\"background-color:rgba(0, 0, 0, 0)\" class=\"has-inline-color has-vivid-red-color\">Extranjero <\/mark><\/strong>nosotros somos tu <strong><mark style=\"background-color:rgba(0, 0, 0, 0)\" class=\"has-inline-color has-vivid-green-cyan-color\">mejor<\/mark><\/strong> alternativa para <strong><mark style=\"background-color:rgba(0, 0, 0, 0)\" class=\"has-inline-color has-luminous-vivid-orange-color\">velar<\/mark><\/strong> por tus <strong><mark style=\"background-color:rgba(0, 0, 0, 0)\" class=\"has-inline-color has-vivid-cyan-blue-color\">intereses<\/mark><\/strong>, escr\u00edbenos o ll\u00e1manos al Tel <strong>55581-11311<\/strong>.<\/p>\n\n\n\n<p class=\"wp-embed-aspect-16-9 wp-has-aspect-ratio\">.<\/p>\n\n\n\n<p class=\"wp-embed-aspect-16-9 wp-has-aspect-ratio\">Cuando<strong> necesites<\/strong> ayuda, <strong>asistencia<\/strong> o <strong>planeaci\u00f3n<\/strong> legal, <strong>solicita<\/strong> <strong>Cita Privada<\/strong> <a rel=\"noreferrer noopener\" href=\"mailto:bi@sm99.mx\" target=\"_blank\"><strong>Aqu\u00ed<\/strong><\/a><\/p>\n\n\n\n<p class=\"wp-embed-aspect-16-9 wp-has-aspect-ratio\">La informaci\u00f3n que AQU\u00cd te presentamos <strong>deriva<\/strong> de los <strong>Peri\u00f3dicos Oficiales <\/strong>de la<strong> CdMx<\/strong>, <strong>Estado<\/strong> de Mex., Diario <strong>Oficial<\/strong> de la Federaci\u00f3n, Suprema Corte de<strong> Justicia<\/strong> de la Naci\u00f3n, por lo tanto es de <strong>aplicaci\u00f3n OBLIGATORIA<\/strong><\/p>\n\n\n\n<p class=\"wp-embed-aspect-16-9 wp-has-aspect-ratio\">La <strong>informaci\u00f3n<\/strong> de hoy procede de la Suprema Corte de Justicia<\/p>\n\n\n\n<p class=\"wp-embed-aspect-16-9 wp-has-aspect-ratio\">.<\/p>\n\n\n\n<p class=\"wp-embed-aspect-16-9 wp-has-aspect-ratio\"><strong><mark style=\"background-color:rgba(0, 0, 0, 0)\" class=\"has-inline-color has-luminous-vivid-orange-color\">AY\u00daDANOS<\/mark><\/strong> para que m\u00e1s personas conozcan esta informaci\u00f3n, <strong>Comp\u00e1rtelo<\/strong> en tus redes sociales<\/p>\n","protected":false},"excerpt":{"rendered":"<p>Views: 40 . . Este ANTEDECENTE Surge luego de que, una mujer registr\u00f3 a una ni\u00f1a abandonada con sus apellidos, aunque ya exist\u00eda una acta de nacimiento previa. Pero, tras la muerte de la mujer, su hija biol\u00f3gica demand\u00f3 la nulidad de la segunda acta de nacimiento de la hija no biol\u00f3gica para privarla de [&hellip;]<\/p>\n","protected":false},"author":3,"featured_media":32237,"comment_status":"closed","ping_status":"open","sticky":false,"template":"","format":"standard","meta":{"_jetpack_memberships_contains_paid_content":false,"footnotes":""},"categories":[4],"tags":[],"jetpack_sharing_enabled":true,"jetpack_featured_media_url":"https:\/\/www.salgadonoticias.com\/wp-content\/uploads\/2025\/06\/acta-nacimiento-mex.jpg_423682103.webp","_links":{"self":[{"href":"https:\/\/www.salgadonoticias.com\/index.php?rest_route=\/wp\/v2\/posts\/32115"}],"collection":[{"href":"https:\/\/www.salgadonoticias.com\/index.php?rest_route=\/wp\/v2\/posts"}],"about":[{"href":"https:\/\/www.salgadonoticias.com\/index.php?rest_route=\/wp\/v2\/types\/post"}],"author":[{"embeddable":true,"href":"https:\/\/www.salgadonoticias.com\/index.php?rest_route=\/wp\/v2\/users\/3"}],"replies":[{"embeddable":true,"href":"https:\/\/www.salgadonoticias.com\/index.php?rest_route=%2Fwp%2Fv2%2Fcomments&post=32115"}],"version-history":[{"count":8,"href":"https:\/\/www.salgadonoticias.com\/index.php?rest_route=\/wp\/v2\/posts\/32115\/revisions"}],"predecessor-version":[{"id":32246,"href":"https:\/\/www.salgadonoticias.com\/index.php?rest_route=\/wp\/v2\/posts\/32115\/revisions\/32246"}],"wp:featuredmedia":[{"embeddable":true,"href":"https:\/\/www.salgadonoticias.com\/index.php?rest_route=\/wp\/v2\/media\/32237"}],"wp:attachment":[{"href":"https:\/\/www.salgadonoticias.com\/index.php?rest_route=%2Fwp%2Fv2%2Fmedia&parent=32115"}],"wp:term":[{"taxonomy":"category","embeddable":true,"href":"https:\/\/www.salgadonoticias.com\/index.php?rest_route=%2Fwp%2Fv2%2Fcategories&post=32115"},{"taxonomy":"post_tag","embeddable":true,"href":"https:\/\/www.salgadonoticias.com\/index.php?rest_route=%2Fwp%2Fv2%2Ftags&post=32115"}],"curies":[{"name":"wp","href":"https:\/\/api.w.org\/{rel}","templated":true}]}}