{"id":32147,"date":"2025-05-29T00:26:00","date_gmt":"2025-05-29T06:26:00","guid":{"rendered":"https:\/\/www.salgadonoticias.com\/?p=32147"},"modified":"2025-05-29T16:08:49","modified_gmt":"2025-05-29T22:08:49","slug":"32147","status":"publish","type":"post","link":"https:\/\/www.salgadonoticias.com\/?p=32147","title":{"rendered":"Tribunal Colegiado del PRIMER JUICIO, es quien RESOLER\u00c1 Amparo en Casos de Sustituci\u00f3n de Junta Laboral&#8230;!!!"},"content":{"rendered":"<p>Views: 3<\/p>\n<p>.<\/p>\n\n\n\n<figure class=\"wp-block-embed is-type-video is-provider-youtube wp-block-embed-youtube wp-embed-aspect-16-9 wp-has-aspect-ratio\"><div class=\"wp-block-embed__wrapper\">\n<iframe loading=\"lazy\" title=\"Jueves 29 de mayo 2025  lo relevante\" width=\"640\" height=\"360\" src=\"https:\/\/www.youtube.com\/embed\/PdA0S69NJKw?feature=oembed\" frameborder=\"0\" allow=\"accelerometer; autoplay; clipboard-write; encrypted-media; gyroscope; picture-in-picture; web-share\" referrerpolicy=\"strict-origin-when-cross-origin\" allowfullscreen><\/iframe>\n<\/div><\/figure>\n\n\n\n<p>.<\/p>\n\n\n\n<p>Este <strong>ANTEDECENTE<\/strong><\/p>\n\n\n\n<p><mark style=\"background-color:#a0fbdc\" class=\"has-inline-color\"><strong>Surge<\/strong><\/mark><mark style=\"background-color:#ffffff\" class=\"has-inline-color\"><strong> <\/strong>despu\u00e9s de que, los Plenos Regionales llegaron a <strong>opiniones <\/strong><\/mark><strong><mark style=\"background-color:#ffffff\" class=\"has-inline-color has-vivid-red-color\">diferentes<\/mark><\/strong><mark style=\"background-color:#ffffff\" class=\"has-inline-color\"><strong> <\/strong>sobre <\/mark><mark style=\"background-color:#a0fbdc\" class=\"has-inline-color\"><em><u>qui\u00e9n tiene la competencia para conocer un juicio de amparo<\/u><\/em><\/mark><mark style=\"background-color:#ffffff\" class=\"has-inline-color\"> directo cuando una <\/mark><mark style=\"background-color:#a0fbdc\" class=\"has-inline-color\"><strong>Junta<\/strong> que <strong>emiti\u00f3 un primer laudo<\/strong><\/mark><mark style=\"background-color:#ffffff\" class=\"has-inline-color\"> es <\/mark><mark style=\"background-color:#a0fbdc\" class=\"has-inline-color\"><strong>reemplazada por otra en un Circuito Judicial diferente<\/strong><\/mark><mark style=\"background-color:#ffffff\" class=\"has-inline-color\">. <\/mark><\/p>\n\n\n\n<p><mark style=\"background-color:#ffffff\" class=\"has-inline-color\">Este cambio se <\/mark><mark style=\"background-color:#a0fbdc\" class=\"has-inline-color\"><em><u>debi\u00f3 a un acuerdo de la Secretar\u00eda del Trabajo<\/u><\/em><\/mark><mark style=\"background-color:#ffffff\" class=\"has-inline-color\"> que <\/mark><mark style=\"background-color:#a0fbdc\" class=\"has-inline-color\"><strong>modific\u00f3 las competencias territoriales de las Juntas<\/strong><\/mark><mark style=\"background-color:#ffffff\" class=\"has-inline-color\"> Especiales. <\/mark><\/p>\n\n\n\n<p><mark style=\"background-color:#ffffff\" class=\"has-inline-color\">La <\/mark><mark style=\"background-color:#a0fbdc\" class=\"has-inline-color\"><em><u>NUEVA Junta emiti\u00f3 un segundo laudo en cumplimiento de una sentencia de amparo<\/u><\/em><\/mark> dictada por un Tribunal Colegiado del Circuito original.<\/p>\n\n\n\n<p>.<\/p>\n\n\n\n<p>La <strong><mark style=\"background-color:rgba(0, 0, 0, 0);color:#045889\" class=\"has-inline-color\">Suprema Corte de Justicia<\/mark> <\/strong>a trav\u00e9s del Tribunal Colegiado<strong> <mark style=\"background-color:rgba(0, 0, 0, 0);color:#9b0404\" class=\"has-inline-color\">DETERMIN\u00d3<\/mark> <\/strong>que, la <mark style=\"background-color:#f083d8\" class=\"has-inline-color\"><strong>competencia<\/strong><\/mark><mark style=\"background-color:#ffffff\" class=\"has-inline-color\">&nbsp;para el&nbsp;<\/mark><mark style=\"background-color:#f083d8\" class=\"has-inline-color\"><strong>juicio de amparo<\/strong><\/mark><strong><mark style=\"background-color:#ffffff\" class=\"has-inline-color\"> <\/mark><\/strong><mark style=\"background-color:#ffffff\" class=\"has-inline-color\">directo&nbsp;CORRESPONDE al&nbsp;<em><u>Tribunal Colegiado de Circuito<\/u><\/em>&nbsp;del <\/mark><mark style=\"background-color:#f083d8\" class=\"has-inline-color\"><strong>primer juicio<\/strong>,<\/mark><mark style=\"background-color:#ffffff\" class=\"has-inline-color\"> <em><u>SIN importar<\/u><\/em> el&nbsp;<\/mark><mark style=\"background-color:#f083d8\" class=\"has-inline-color\"><strong>Circuito Judicial<\/strong><\/mark><mark style=\"background-color:#ffffff\" class=\"has-inline-color\">&nbsp;de la&nbsp;<\/mark><mark style=\"background-color:#f083d8\" class=\"has-inline-color\"><strong>Junta<\/strong><\/mark><mark style=\"background-color:#ffffff\" class=\"has-inline-color\">&nbsp;que dict\u00f3 el segundo&nbsp;<\/mark><mark style=\"background-color:#f083d8\" class=\"has-inline-color\"><strong>laudo<\/strong>.<\/mark><\/p>\n\n\n\n<p>.<\/p>\n\n\n\n<p>La justificaci\u00f3n de la <strong><mark style=\"background-color:rgba(0, 0, 0, 0);color:#2608a4\" class=\"has-inline-color\">SCJN<\/mark><\/strong> es que, el&nbsp;<mark style=\"background-color:#e7d4a0\" class=\"has-inline-color\"><strong>art\u00edculo 34<\/strong><\/mark><mark style=\"background-color:#ffffff\" class=\"has-inline-color\"><strong> <\/strong>de la <em><u>Ley de Amparo<\/u><\/em>&nbsp;<\/mark><mark style=\"background-color:#e7d4a0\" class=\"has-inline-color\"><strong>ESTABLECE<\/strong><\/mark><mark style=\"background-color:#ffffff\" class=\"has-inline-color\"> que la&nbsp;<\/mark><mark style=\"background-color:#e7d4a0\" class=\"has-inline-color\"><strong>competencia<\/strong><\/mark><mark style=\"background-color:#ffffff\" class=\"has-inline-color\">&nbsp;en <\/mark><mark style=\"background-color:#e7d4a0\" class=\"has-inline-color\"><strong>amparo<\/strong><\/mark><mark style=\"background-color:#ffffff\" class=\"has-inline-color\"> directo se basa en la&nbsp;<\/mark><mark style=\"background-color:#e7d4a0\" class=\"has-inline-color\"><strong>residencia<\/strong><\/mark><mark style=\"background-color:#ffffff\" class=\"has-inline-color\">&nbsp;de la <em><u>autoridad que dict\u00f3 el <\/u><\/em><\/mark><em><u><strong><mark style=\"background-color:#ff6900\" class=\"has-inline-color\">acto reclamado<\/mark><\/strong><\/u><\/em><mark style=\"background-color:#ffffff\" class=\"has-inline-color\">. <\/mark><\/p>\n\n\n\n<p><mark style=\"background-color:#ffffff\" class=\"has-inline-color\">Sin embargo, si hay un&nbsp;<\/mark><mark style=\"background-color:#e7d4a0\" class=\"has-inline-color\"><strong>conocimiento previo<\/strong><\/mark><mark style=\"background-color:#ffffff\" class=\"has-inline-color\">&nbsp;por un&nbsp;<\/mark><mark style=\"background-color:#e7d4a0\" class=\"has-inline-color\"><strong>Tribunal Colegiado de Circuito<\/strong>,<\/mark><mark style=\"background-color:#ffffff\" class=\"has-inline-color\"> este <\/mark><mark style=\"background-color:#e7d4a0\" class=\"has-inline-color\"><strong>mantiene la competencia<\/strong>,<\/mark><mark style=\"background-color:#ffffff\" class=\"has-inline-color\"> incluso si una <em><u>nueva<\/u><\/em>&nbsp;<\/mark><mark style=\"background-color:#e7d4a0\" class=\"has-inline-color\"><strong>Junta<\/strong><\/mark><mark style=\"background-color:#ffffff\" class=\"has-inline-color\">&nbsp;en otro&nbsp;<\/mark><mark style=\"background-color:#e7d4a0\" class=\"has-inline-color\"><strong>Circuito<\/strong><\/mark><mark style=\"background-color:#ffffff\" class=\"has-inline-color\">&nbsp;emite un nuevo laudo. <\/mark><\/p>\n\n\n\n<p><mark style=\"background-color:#ffffff\" class=\"has-inline-color\">Esto asegura la&nbsp;<\/mark><mark style=\"background-color:#e7d4a0\" class=\"has-inline-color\"><strong>legalidad<\/strong>,&nbsp;<strong>seguridad jur\u00eddica<\/strong>&nbsp;y&nbsp;<strong>acceso a la justicia<\/strong><\/mark>, evitando criterios contradictorios en el mismo juicio laboral.<\/p>\n\n\n\n<p>.<\/p>\n\n\n\n<p>Esta <strong><mark style=\"background-color:#acd7f2\" class=\"has-inline-color has-black-color\">RESOLUCI\u00d3N<\/mark> <\/strong>es de <strong>aplicaci\u00f3n <mark style=\"background-color:rgba(0, 0, 0, 0);color:#a50202\" class=\"has-inline-color\">OBLIGATORIA<\/mark> <\/strong>en todo el pa\u00eds a partir de esta semana.<\/p>\n\n\n\n<p><strong><mark style=\"background-color:rgba(0, 0, 0, 0);color:#0574b5\" class=\"has-inline-color\">Jurisprudencia LABORAL-COM\u00daN<\/mark><\/strong><\/p>\n\n\n\n<p class=\"has-small-font-size\"><strong>Registro digital<\/strong>: 2030424<\/p>\n\n\n\n<p><\/p>\n\n\n\n<p>.<\/p>\n\n\n\n<p class=\"wp-embed-aspect-16-9 wp-has-aspect-ratio\">Si estas en el <strong><mark style=\"background-color:rgba(0, 0, 0, 0)\" class=\"has-inline-color has-vivid-red-color\">Extranjero <\/mark><\/strong>nosotros somos tu <strong><mark style=\"background-color:rgba(0, 0, 0, 0)\" class=\"has-inline-color has-vivid-green-cyan-color\">mejor<\/mark><\/strong> alternativa para <strong><mark style=\"background-color:rgba(0, 0, 0, 0)\" class=\"has-inline-color has-luminous-vivid-orange-color\">velar<\/mark><\/strong> por tus <strong><mark style=\"background-color:rgba(0, 0, 0, 0)\" class=\"has-inline-color has-vivid-cyan-blue-color\">intereses<\/mark><\/strong>, escr\u00edbenos o ll\u00e1manos al Tel <strong>55581-11311<\/strong>.<\/p>\n\n\n\n<p class=\"wp-embed-aspect-16-9 wp-has-aspect-ratio\">.<\/p>\n\n\n\n<p class=\"wp-embed-aspect-16-9 wp-has-aspect-ratio\">Cuando<strong> necesites<\/strong> ayuda, <strong>asistencia<\/strong> o <strong>planeaci\u00f3n<\/strong> legal, <strong>solicita<\/strong> <strong>Cita Privada<\/strong> <a rel=\"noreferrer noopener\" href=\"mailto:bi@sm99.mx\" target=\"_blank\"><strong>Aqu\u00ed<\/strong><\/a><\/p>\n\n\n\n<p class=\"wp-embed-aspect-16-9 wp-has-aspect-ratio\">La informaci\u00f3n que AQU\u00cd te presentamos <strong>deriva<\/strong> de los <strong>Peri\u00f3dicos Oficiales <\/strong>de la<strong> CdMx<\/strong>, <strong>Estado<\/strong> de Mex., Diario <strong>Oficial<\/strong> de la Federaci\u00f3n, Suprema Corte de<strong> Justicia<\/strong> de la Naci\u00f3n, por lo tanto es de <strong>aplicaci\u00f3n OBLIGATORIA<\/strong><\/p>\n\n\n\n<p class=\"wp-embed-aspect-16-9 wp-has-aspect-ratio\">La <strong>informaci\u00f3n<\/strong> de hoy procede de la Suprema Corte<\/p>\n\n\n\n<p class=\"wp-embed-aspect-16-9 wp-has-aspect-ratio\">.<\/p>\n\n\n\n<p class=\"wp-embed-aspect-16-9 wp-has-aspect-ratio\"><strong><mark style=\"background-color:rgba(0, 0, 0, 0)\" class=\"has-inline-color has-luminous-vivid-orange-color\">AY\u00daDANOS<\/mark><\/strong> para que m\u00e1s personas conozcan esta informaci\u00f3n, <strong>Comp\u00e1rtelo<\/strong> en tus redes sociales<\/p>\n","protected":false},"excerpt":{"rendered":"<p>Views: 3 . . Este ANTEDECENTE Surge despu\u00e9s de que, los Plenos Regionales llegaron a opiniones diferentes sobre qui\u00e9n tiene la competencia para conocer un juicio de amparo directo cuando una Junta que emiti\u00f3 un primer laudo es reemplazada por otra en un Circuito Judicial diferente. Este cambio se debi\u00f3 a un acuerdo de la [&hellip;]<\/p>\n","protected":false},"author":3,"featured_media":32150,"comment_status":"closed","ping_status":"open","sticky":false,"template":"","format":"standard","meta":{"_jetpack_memberships_contains_paid_content":false,"footnotes":""},"categories":[4],"tags":[],"jetpack_sharing_enabled":true,"jetpack_featured_media_url":"https:\/\/www.salgadonoticias.com\/wp-content\/uploads\/2025\/05\/AbogadosJesusTrigo050325-compressed-1132x576-1.jpg","_links":{"self":[{"href":"https:\/\/www.salgadonoticias.com\/index.php?rest_route=\/wp\/v2\/posts\/32147"}],"collection":[{"href":"https:\/\/www.salgadonoticias.com\/index.php?rest_route=\/wp\/v2\/posts"}],"about":[{"href":"https:\/\/www.salgadonoticias.com\/index.php?rest_route=\/wp\/v2\/types\/post"}],"author":[{"embeddable":true,"href":"https:\/\/www.salgadonoticias.com\/index.php?rest_route=\/wp\/v2\/users\/3"}],"replies":[{"embeddable":true,"href":"https:\/\/www.salgadonoticias.com\/index.php?rest_route=%2Fwp%2Fv2%2Fcomments&post=32147"}],"version-history":[{"count":5,"href":"https:\/\/www.salgadonoticias.com\/index.php?rest_route=\/wp\/v2\/posts\/32147\/revisions"}],"predecessor-version":[{"id":32157,"href":"https:\/\/www.salgadonoticias.com\/index.php?rest_route=\/wp\/v2\/posts\/32147\/revisions\/32157"}],"wp:featuredmedia":[{"embeddable":true,"href":"https:\/\/www.salgadonoticias.com\/index.php?rest_route=\/wp\/v2\/media\/32150"}],"wp:attachment":[{"href":"https:\/\/www.salgadonoticias.com\/index.php?rest_route=%2Fwp%2Fv2%2Fmedia&parent=32147"}],"wp:term":[{"taxonomy":"category","embeddable":true,"href":"https:\/\/www.salgadonoticias.com\/index.php?rest_route=%2Fwp%2Fv2%2Fcategories&post=32147"},{"taxonomy":"post_tag","embeddable":true,"href":"https:\/\/www.salgadonoticias.com\/index.php?rest_route=%2Fwp%2Fv2%2Ftags&post=32147"}],"curies":[{"name":"wp","href":"https:\/\/api.w.org\/{rel}","templated":true}]}}