{"id":32249,"date":"2025-06-11T00:30:00","date_gmt":"2025-06-11T06:30:00","guid":{"rendered":"https:\/\/www.salgadonoticias.com\/?p=32249"},"modified":"2025-06-11T23:38:34","modified_gmt":"2025-06-12T05:38:34","slug":"32249","status":"publish","type":"post","link":"https:\/\/www.salgadonoticias.com\/?p=32249","title":{"rendered":"OBLIGATORIO Publicar CONVOCATORIAS a Asambleas en el SISTEMA de la Secretaria de Econom\u00eda&#8230;!!!"},"content":{"rendered":"<p>Views: 36<\/p>\n<p>.<\/p>\n\n\n\n<figure class=\"wp-block-embed is-type-video is-provider-youtube wp-block-embed-youtube wp-embed-aspect-16-9 wp-has-aspect-ratio\"><div class=\"wp-block-embed__wrapper\">\n<iframe loading=\"lazy\" title=\"Mi\u00e9rcoles 11 de junio 2025\" width=\"640\" height=\"360\" src=\"https:\/\/www.youtube.com\/embed\/fLZbuXQAL8s?feature=oembed\" frameborder=\"0\" allow=\"accelerometer; autoplay; clipboard-write; encrypted-media; gyroscope; picture-in-picture; web-share\" referrerpolicy=\"strict-origin-when-cross-origin\" allowfullscreen><\/iframe>\n<\/div><\/figure>\n\n\n\n<p>.<\/p>\n\n\n\n<p>Este <strong>ANTEDECENTE<\/strong><\/p>\n\n\n\n<p><mark style=\"background-color:rgba(0, 0, 0, 0);color:#53029f\" class=\"has-inline-color\"><strong>Surge <\/strong><\/mark><mark style=\"background-color:rgba(0, 0, 0, 0)\" class=\"has-inline-color has-black-color\">despu\u00e9s de que, un<\/mark><mark style=\"background-color:rgba(0, 0, 0, 0);color:#53029f\" class=\"has-inline-color\"> <strong>accionista<\/strong><\/mark><mark style=\"background-color:rgba(0, 0, 0, 0)\" class=\"has-inline-color has-black-color\"> de una<\/mark><mark style=\"background-color:rgba(0, 0, 0, 0);color:#53029f\" class=\"has-inline-color\"> <em><u>sociedad an\u00f3nima<\/u><\/em> PRESENT\u00d3 <\/mark><mark style=\"background-color:rgba(0, 0, 0, 0)\" class=\"has-inline-color has-black-color\">una<\/mark><mark style=\"background-color:rgba(0, 0, 0, 0);color:#53029f\" class=\"has-inline-color\"> <em><u>demanda mercantil<\/u><\/em> <\/mark><mark style=\"background-color:rgba(0, 0, 0, 0)\" class=\"has-inline-color has-black-color\">para <\/mark><mark style=\"background-color:rgba(0, 0, 0, 0);color:#53029f\" class=\"has-inline-color\"><strong>anular<\/strong> <\/mark><mark style=\"background-color:rgba(0, 0, 0, 0)\" class=\"has-inline-color has-black-color\">una<\/mark><mark style=\"background-color:rgba(0, 0, 0, 0);color:#53029f\" class=\"has-inline-color\"> <strong>asamblea de accionistas y sus acuerdos<\/strong>. <\/mark><\/p>\n\n\n\n<p><mark style=\"background-color:rgba(0, 0, 0, 0)\" class=\"has-inline-color has-black-color\">Aleg\u00f3 que<\/mark><mark style=\"background-color:rgba(0, 0, 0, 0);color:#53029f\" class=\"has-inline-color\"> <em><u>no fue informado<\/u><\/em> <em><u>oportunamente sobre la convocatoria<\/u><\/em> <\/mark><mark style=\"background-color:rgba(0, 0, 0, 0)\" class=\"has-inline-color has-black-color\">y que la<\/mark><mark style=\"background-color:rgba(0, 0, 0, 0);color:#53029f\" class=\"has-inline-color\"> <em><u>asamblea fue ilegal<\/u><\/em><\/mark><mark style=\"background-color:rgba(0, 0, 0, 0)\" class=\"has-inline-color has-black-color\">, aunque la<\/mark><mark style=\"background-color:rgba(0, 0, 0, 0);color:#53029f\" class=\"has-inline-color\"> <strong>convocatoria<\/strong> <\/mark><mark style=\"background-color:rgba(0, 0, 0, 0)\" class=\"has-inline-color has-black-color\">se <\/mark><mark style=\"background-color:rgba(0, 0, 0, 0);color:#53029f\" class=\"has-inline-color\"><em><u>public\u00f3<\/u><\/em> <\/mark><mark style=\"background-color:rgba(0, 0, 0, 0)\" class=\"has-inline-color has-black-color\">en un peri\u00f3dico de gran circulaci\u00f3n,<\/mark><mark style=\"background-color:rgba(0, 0, 0, 0);color:#53029f\" class=\"has-inline-color\"> <em><u>conforme a los estatutos<\/u><\/em> de la sociedad.<\/mark><\/p>\n\n\n\n<p><mark style=\"background-color:rgba(0, 0, 0, 0)\" class=\"has-inline-color has-black-color\">El accionista tambi\u00e9n argument\u00f3 que las<\/mark><mark style=\"background-color:rgba(0, 0, 0, 0);color:#5b03ae\" class=\"has-inline-color\"> <em><u>convocatorias<\/u><\/em> <\/mark><mark style=\"background-color:rgba(0, 0, 0, 0)\" class=\"has-inline-color has-black-color\">de la asamblea se<\/mark><mark style=\"background-color:rgba(0, 0, 0, 0);color:#5b03ae\" class=\"has-inline-color\"> <em><u>hicieron incorrectamente en una sola publicaci\u00f3n<\/u><\/em> <\/mark><mark style=\"background-color:rgba(0, 0, 0, 0)\" class=\"has-inline-color has-black-color\">y <\/mark><mark style=\"background-color:rgba(0, 0, 0, 0);color:#5b03ae\" class=\"has-inline-color\"><strong>no en el sistema de la Secretar\u00eda de Econom\u00eda<\/strong>. <\/mark><\/p>\n\n\n\n<p><mark style=\"background-color:rgba(0, 0, 0, 0)\" class=\"has-inline-color has-black-color\">El JUEZ <\/mark><mark style=\"background-color:rgba(0, 0, 0, 0);color:#5b03ae\" class=\"has-inline-color\"><strong>anul\u00f3<\/strong> la <em><u>asamblea por estas razones, y la decisi\u00f3n fue confirmada en segunda instancia<\/u><\/em>. <\/mark><\/p>\n\n\n\n<p><mark style=\"background-color:rgba(0, 0, 0, 0)\" class=\"has-inline-color has-black-color\">Ante esto, la <\/mark><mark style=\"background-color:rgba(0, 0, 0, 0);color:#5b03ae\" class=\"has-inline-color\"><em><u>sociedad y algunos accionistas<\/u><\/em> <strong>promovieron<\/strong><\/mark><mark style=\"background-color:rgba(0, 0, 0, 0)\" class=\"has-inline-color has-black-color\"> un<\/mark><mark style=\"background-color:rgba(0, 0, 0, 0);color:#5b03ae\" class=\"has-inline-color\"> <strong>amparo<\/strong> <\/mark><mark style=\"background-color:rgba(0, 0, 0, 0)\" class=\"has-inline-color has-black-color\">directo <em><u>contra la resoluci\u00f3n<\/u><\/em>, pero fue<\/mark><mark style=\"background-color:rgba(0, 0, 0, 0);color:#5b03ae\" class=\"has-inline-color\"> <strong>negado<\/strong>. <\/mark><mark style=\"background-color:rgba(0, 0, 0, 0)\" class=\"has-inline-color has-black-color\">Luego<\/mark><mark style=\"background-color:rgba(0, 0, 0, 0);color:#5b03ae\" class=\"has-inline-color\"><em><u>, interpusieron un recurso de revisi\u00f3n<\/u><\/em>, <\/mark><mark style=\"background-color:rgba(0, 0, 0, 0)\" class=\"has-inline-color has-black-color\">alegando que <\/mark><mark style=\"background-color:rgba(0, 0, 0, 0);color:#5b03ae\" class=\"has-inline-color\"><strong>NO <\/strong><\/mark><mark style=\"background-color:rgba(0, 0, 0, 0)\" class=\"has-inline-color has-black-color\">estaban<\/mark><mark style=\"background-color:rgba(0, 0, 0, 0);color:#5b03ae\" class=\"has-inline-color\"> <strong>obligados<\/strong> <\/mark><mark style=\"background-color:rgba(0, 0, 0, 0)\" class=\"has-inline-color has-black-color\">a<\/mark><mark style=\"background-color:rgba(0, 0, 0, 0);color:#5b03ae\" class=\"has-inline-color\"> <strong><em><u>publicar la convocatoria<\/u><\/em><\/strong> <\/mark><mark style=\"background-color:rgba(0, 0, 0, 0)\" class=\"has-inline-color has-black-color\">en el <\/mark><mark style=\"background-color:rgba(0, 0, 0, 0);color:#5b03ae\" class=\"has-inline-color\"><strong><em><u>sistema<\/u><\/em> <\/strong><\/mark><mark style=\"background-color:rgba(0, 0, 0, 0)\" class=\"has-inline-color has-black-color\">de la<\/mark><mark style=\"background-color:rgba(0, 0, 0, 0);color:#5b03ae\" class=\"has-inline-color\"> <strong><em><u>Secretar\u00eda de Econom\u00eda<\/u><\/em><\/strong>.<\/mark><\/p>\n\n\n\n<p>.<\/p>\n\n\n\n<p>La <strong><mark style=\"background-color:rgba(0, 0, 0, 0);color:#2d36ee\" class=\"has-inline-color\">Suprema Corte de Justicia<\/mark> <\/strong>ante lo anterior <strong><mark style=\"background-color:rgba(0, 0, 0, 0);color:#b00606\" class=\"has-inline-color\">DETERMIN\u00d3<\/mark> <\/strong>que, <mark style=\"background-color:#caf4bb\" class=\"has-inline-color has-black-color\"><em><u>desde la reforma de 2014<\/u><\/em>, las <strong>convocatorias<\/strong> para <em><u>asambleas de accionistas<\/u><\/em> DEBEN <strong>publicarse en el sistema electr\u00f3nico de la Secretar\u00eda de Econom\u00eda<\/strong>, <em><u>sin importar los estatutos de la sociedad<\/u><\/em>.<\/mark><\/p>\n\n\n\n<p>.<\/p>\n\n\n\n<p>La justificaci\u00f3n de la <strong><mark style=\"background-color:rgba(0, 0, 0, 0);color:#392fe7\" class=\"has-inline-color\">SCJN<\/mark><\/strong> es que, para que las <mark style=\"background-color:rgba(0, 0, 0, 0);color:#eb6506\" class=\"has-inline-color\"><strong>Asambleas<\/strong> <\/mark><mark style=\"background-color:rgba(0, 0, 0, 0)\" class=\"has-inline-color has-black-color\">generales de accionistas de sociedades an\u00f3nimas<em> sean v\u00e1lidas<\/em>, es <\/mark><mark style=\"background-color:rgba(0, 0, 0, 0);color:#eb6506\" class=\"has-inline-color\"><strong>necesario convocar a los accionistas FORMALMENTE<\/strong>, l<\/mark><mark style=\"background-color:rgba(0, 0, 0, 0)\" class=\"has-inline-color has-black-color\">o cual se fundamenta en el car\u00e1cter democr\u00e1tico del gobierno corporativo de la sociedad. <\/mark><\/p>\n\n\n\n<p><mark style=\"background-color:rgba(0, 0, 0, 0)\" class=\"has-inline-color has-black-color\">La<\/mark><mark style=\"background-color:rgba(0, 0, 0, 0);color:#eb6506\" class=\"has-inline-color\"> <strong>convocatoria<\/strong> <em><u>informa a los accionistas sobre el d\u00eda, la hora y el lugar de la reuni\u00f3n, as\u00ed como los asuntos a tratar.<\/u><\/em> <\/mark><\/p>\n\n\n\n<p><mark style=\"background-color:rgba(0, 0, 0, 0)\" class=\"has-inline-color has-black-color\">Y La Ley Gral. de Sociedades Mercantiles<\/mark><mark style=\"background-color:rgba(0, 0, 0, 0);color:#eb6506\" class=\"has-inline-color\"> <strong>establece<\/strong> <\/mark><mark style=\"background-color:rgba(0, 0, 0, 0)\" class=\"has-inline-color has-black-color\">formalidades espec\u00edficas para las convocatorias. <\/mark><\/p>\n\n\n\n<p><mark style=\"background-color:rgba(0, 0, 0, 0)\" class=\"has-inline-color has-black-color\">Desde la reforma de 2014, el <em><u>art\u00edculo 186<\/u><\/em><\/mark><mark style=\"background-color:rgba(0, 0, 0, 0);color:#eb6506\" class=\"has-inline-color\"> <strong>exige<\/strong> <\/mark><mark style=\"background-color:rgba(0, 0, 0, 0)\" class=\"has-inline-color has-black-color\">que las convocatorias se<\/mark><mark style=\"background-color:rgba(0, 0, 0, 0);color:#eb6506\" class=\"has-inline-color\"> <strong>publiquen en el sistema electr\u00f3nico de la Secretar\u00eda de Econom\u00eda<\/strong>, <\/mark><mark style=\"background-color:rgba(0, 0, 0, 0)\" class=\"has-inline-color has-black-color\">INDEPENDIENTEMENTE de lo que<\/mark><mark style=\"background-color:rgba(0, 0, 0, 0);color:#eb6506\" class=\"has-inline-color\"> <em><u>indiquen los estatutos de la sociedad<\/u><\/em>.<\/mark><mark style=\"background-color:rgba(0, 0, 0, 0)\" class=\"has-inline-color has-black-color\"> <\/mark><\/p>\n\n\n\n<p><mark style=\"background-color:rgba(0, 0, 0, 0)\" class=\"has-inline-color has-black-color\">Por lo que <\/mark><mark style=\"background-color:rgba(0, 0, 0, 0);color:#eb6506\" class=\"has-inline-color\"><strong>esta publicaci\u00f3n no es opcional<\/strong> <\/mark><mark style=\"background-color:rgba(0, 0, 0, 0)\" class=\"has-inline-color has-black-color\">y <em><u>no puede ser sustituida por otros medios establecidos en los estatutos<\/u><\/em>. <\/mark><\/p>\n\n\n\n<p><mark style=\"background-color:rgba(0, 0, 0, 0)\" class=\"has-inline-color has-black-color\">Sin embargo, las <em><u>sociedades<\/u><\/em> pueden utilizar medios<\/mark><mark style=\"background-color:rgba(0, 0, 0, 0);color:#eb6506\" class=\"has-inline-color\"> <strong>ADICIONALES de publicaci\u00f3n<\/strong>, <\/mark><mark style=\"background-color:rgba(0, 0, 0, 0)\" class=\"has-inline-color has-black-color\">pero estos <\/mark><mark style=\"background-color:rgba(0, 0, 0, 0);color:#eb6506\" class=\"has-inline-color\"><strong>no reemplazan la obligaci\u00f3n de publicar en el sistema electr\u00f3nico<\/strong><\/mark>.<\/p>\n\n\n\n<p>.<\/p>\n\n\n\n<p>Esta <strong><mark style=\"background-color:#f5d2f6\" class=\"has-inline-color\">RESOLUCI\u00d3N<\/mark> <\/strong>es de <strong>aplicaci\u00f3n<\/strong> <strong><mark style=\"background-color:rgba(0, 0, 0, 0);color:#a41212\" class=\"has-inline-color\">OBLIGATORIA<\/mark> <\/strong>en todo el pa\u00eds a partir de esta semana.<\/p>\n\n\n\n<p><strong><mark style=\"background-color:rgba(0, 0, 0, 0);color:#c6019c\" class=\"has-inline-color\">Jurisprudencia CIVIL<\/mark><\/strong><\/p>\n\n\n\n<p class=\"has-small-font-size\"><strong>Registro digital<\/strong>: 2030475<\/p>\n\n\n\n<p>.<\/p>\n\n\n\n<p class=\"wp-embed-aspect-16-9 wp-has-aspect-ratio\">Si estas en el <strong><mark style=\"background-color:rgba(0, 0, 0, 0)\" class=\"has-inline-color has-vivid-red-color\">Extranjero <\/mark><\/strong>nosotros somos tu <strong><mark style=\"background-color:rgba(0, 0, 0, 0)\" class=\"has-inline-color has-vivid-green-cyan-color\">mejor<\/mark><\/strong> alternativa para <strong><mark style=\"background-color:rgba(0, 0, 0, 0)\" class=\"has-inline-color has-luminous-vivid-orange-color\">velar<\/mark><\/strong> por tus <strong><mark style=\"background-color:rgba(0, 0, 0, 0)\" class=\"has-inline-color has-vivid-cyan-blue-color\">intereses<\/mark><\/strong>, escr\u00edbenos o ll\u00e1manos al Tel <strong>55581-11311<\/strong>.<\/p>\n\n\n\n<p class=\"wp-embed-aspect-16-9 wp-has-aspect-ratio\">.<\/p>\n\n\n\n<p class=\"wp-embed-aspect-16-9 wp-has-aspect-ratio\">Cuando<strong> necesites<\/strong> ayuda, <strong>asistencia<\/strong> o <strong>planeaci\u00f3n<\/strong> legal, <strong>solicita<\/strong> <strong>Cita Privada<\/strong> <a rel=\"noreferrer noopener\" href=\"mailto:bi@sm99.mx\" target=\"_blank\"><strong>Aqu\u00ed<\/strong><\/a><\/p>\n\n\n\n<p class=\"wp-embed-aspect-16-9 wp-has-aspect-ratio\">La informaci\u00f3n que AQU\u00cd te presentamos <strong>deriva<\/strong> de los <strong>Peri\u00f3dicos Oficiales <\/strong>de la<strong> CdMx<\/strong>, <strong>Estado<\/strong> de Mex., Diario <strong>Oficial<\/strong> de la Federaci\u00f3n, Suprema Corte de<strong> Justicia<\/strong> de la Naci\u00f3n, por lo tanto es de <strong>aplicaci\u00f3n OBLIGATORIA<\/strong><\/p>\n\n\n\n<p class=\"wp-embed-aspect-16-9 wp-has-aspect-ratio\">La <strong>informaci\u00f3n<\/strong> de hoy procede de la Suprema Corte de Justicia<\/p>\n\n\n\n<p class=\"wp-embed-aspect-16-9 wp-has-aspect-ratio\">.<\/p>\n\n\n\n<p class=\"wp-embed-aspect-16-9 wp-has-aspect-ratio\"><strong><mark style=\"background-color:rgba(0, 0, 0, 0)\" class=\"has-inline-color has-luminous-vivid-orange-color\">AY\u00daDANOS<\/mark><\/strong> para que m\u00e1s personas conozcan esta informaci\u00f3n, <strong>Comp\u00e1rtelo<\/strong> en tus redes sociales<\/p>\n","protected":false},"excerpt":{"rendered":"<p>Views: 36 . . Este ANTEDECENTE Surge despu\u00e9s de que, un accionista de una sociedad an\u00f3nima PRESENT\u00d3 una demanda mercantil para anular una asamblea de accionistas y sus acuerdos. Aleg\u00f3 que no fue informado oportunamente sobre la convocatoria y que la asamblea fue ilegal, aunque la convocatoria se public\u00f3 en un peri\u00f3dico de gran circulaci\u00f3n, [&hellip;]<\/p>\n","protected":false},"author":3,"featured_media":32251,"comment_status":"closed","ping_status":"open","sticky":false,"template":"","format":"standard","meta":{"_jetpack_memberships_contains_paid_content":false,"footnotes":""},"categories":[4],"tags":[],"jetpack_sharing_enabled":true,"jetpack_featured_media_url":"https:\/\/www.salgadonoticias.com\/wp-content\/uploads\/2025\/06\/Convocatoria_CD2018-960w.webp","_links":{"self":[{"href":"https:\/\/www.salgadonoticias.com\/index.php?rest_route=\/wp\/v2\/posts\/32249"}],"collection":[{"href":"https:\/\/www.salgadonoticias.com\/index.php?rest_route=\/wp\/v2\/posts"}],"about":[{"href":"https:\/\/www.salgadonoticias.com\/index.php?rest_route=\/wp\/v2\/types\/post"}],"author":[{"embeddable":true,"href":"https:\/\/www.salgadonoticias.com\/index.php?rest_route=\/wp\/v2\/users\/3"}],"replies":[{"embeddable":true,"href":"https:\/\/www.salgadonoticias.com\/index.php?rest_route=%2Fwp%2Fv2%2Fcomments&post=32249"}],"version-history":[{"count":5,"href":"https:\/\/www.salgadonoticias.com\/index.php?rest_route=\/wp\/v2\/posts\/32249\/revisions"}],"predecessor-version":[{"id":32260,"href":"https:\/\/www.salgadonoticias.com\/index.php?rest_route=\/wp\/v2\/posts\/32249\/revisions\/32260"}],"wp:featuredmedia":[{"embeddable":true,"href":"https:\/\/www.salgadonoticias.com\/index.php?rest_route=\/wp\/v2\/media\/32251"}],"wp:attachment":[{"href":"https:\/\/www.salgadonoticias.com\/index.php?rest_route=%2Fwp%2Fv2%2Fmedia&parent=32249"}],"wp:term":[{"taxonomy":"category","embeddable":true,"href":"https:\/\/www.salgadonoticias.com\/index.php?rest_route=%2Fwp%2Fv2%2Fcategories&post=32249"},{"taxonomy":"post_tag","embeddable":true,"href":"https:\/\/www.salgadonoticias.com\/index.php?rest_route=%2Fwp%2Fv2%2Ftags&post=32249"}],"curies":[{"name":"wp","href":"https:\/\/api.w.org\/{rel}","templated":true}]}}