{"id":32261,"date":"2025-06-12T00:38:00","date_gmt":"2025-06-12T06:38:00","guid":{"rendered":"https:\/\/www.salgadonoticias.com\/?p=32261"},"modified":"2025-06-12T20:39:52","modified_gmt":"2025-06-13T02:39:52","slug":"32261","status":"publish","type":"post","link":"https:\/\/www.salgadonoticias.com\/?p=32261","title":{"rendered":"C\u00f3mo saber si VIOL\u00d3 el Derecho a una DEFENSA ADECUADA (3)&#8230;!!!"},"content":{"rendered":"<p>Views: 11<\/p>\n<p>.<\/p>\n\n\n\n<figure class=\"wp-block-embed is-type-video is-provider-youtube wp-block-embed-youtube wp-embed-aspect-16-9 wp-has-aspect-ratio\"><div class=\"wp-block-embed__wrapper\">\n<iframe loading=\"lazy\" title=\"Lo importante del Jueves 12 de junio 2025.\" width=\"640\" height=\"360\" src=\"https:\/\/www.youtube.com\/embed\/ck8A9PRNHfg?feature=oembed\" frameborder=\"0\" allow=\"accelerometer; autoplay; clipboard-write; encrypted-media; gyroscope; picture-in-picture; web-share\" referrerpolicy=\"strict-origin-when-cross-origin\" allowfullscreen><\/iframe>\n<\/div><\/figure>\n\n\n\n<p>.<\/p>\n\n\n\n<p>Este <strong>ANTEDECENTE<\/strong><\/p>\n\n\n\n<p><mark style=\"background-color:rgba(0, 0, 0, 0);color:#720cd1\" class=\"has-inline-color\"><strong>Surge <\/strong><\/mark><mark style=\"background-color:rgba(0, 0, 0, 0)\" class=\"has-inline-color has-black-color\">despu\u00e9s de que, un <em><u>hombre que fue sentenciado a 11 a\u00f1os y 8 meses<\/u><\/em> de<\/mark><mark style=\"background-color:rgba(0, 0, 0, 0);color:#720cd1\" class=\"has-inline-color\"> <strong>prisi\u00f3n por tentativa de feminicidio<\/strong>. <\/mark><\/p>\n\n\n\n<p><mark style=\"background-color:rgba(0, 0, 0, 0)\" class=\"has-inline-color has-black-color\"><em><u>Apel\u00f3 la sentencia<\/u><\/em> ALEGANDO una<\/mark><mark style=\"background-color:rgba(0, 0, 0, 0);color:#720cd1\" class=\"has-inline-color\"> <strong>defensa inadecuada<\/strong>, <\/mark><mark style=\"background-color:rgba(0, 0, 0, 0)\" class=\"has-inline-color has-black-color\">pero la <em><u>Sala Penal confirm\u00f3 la condena<\/u><\/em>. <\/mark><\/p>\n\n\n\n<p><mark style=\"background-color:rgba(0, 0, 0, 0)\" class=\"has-inline-color has-black-color\">Luego, PROMOVI\u00d3 un juicio de <\/mark><mark style=\"background-color:rgba(0, 0, 0, 0);color:#720cd1\" class=\"has-inline-color\"><strong>amparo<\/strong> <\/mark><mark style=\"background-color:rgba(0, 0, 0, 0)\" class=\"has-inline-color has-black-color\">directo, el cual le fue<\/mark><mark style=\"background-color:rgba(0, 0, 0, 0);color:#720cd1\" class=\"has-inline-color\"> <strong>negado<\/strong> por el Tribunal Colegiado al <em><u>NO encontrar irregularidades en su defensa<\/u><\/em><\/mark>. <\/p>\n\n\n\n<p>Y Finalmente interpuso un recurso de revisi\u00f3n.<\/p>\n\n\n\n<p>.<\/p>\n\n\n\n<p>La <strong><mark style=\"background-color:rgba(0, 0, 0, 0);color:#2603bb\" class=\"has-inline-color\">Suprema Corte de Justicia<\/mark> <\/strong>ante lo anterior <strong><mark style=\"background-color:rgba(0, 0, 0, 0);color:#bb0505\" class=\"has-inline-color\">RESOLVI\u00d3<\/mark> <\/strong>que, p<em>ara <mark style=\"background-color:rgba(0, 0, 0, 0);color:#af0679\" class=\"has-inline-color\"><u>determinar<\/u> si se ha <strong>violado el derecho a una defensa adecuada<\/strong><\/mark><strong>,<\/strong> el tribunal debe revisar:<\/em><\/p>\n\n\n\n<ol start=\"1\">\n<li><em><mark style=\"background-color:#f78da7\" class=\"has-inline-color has-black-color\">Si las<strong> deficiencias <\/strong>se DEBEN a la<strong> defensa y no al acusado<\/strong>.<\/mark><\/em><\/li>\n\n\n\n<li><em><mark style=\"background-color:#f9cb4e\" class=\"has-inline-color\">Que las<strong> fallas no sean parte <\/strong>de la estrategia <strong>del abogado<\/strong><\/mark>.<\/em><\/li>\n\n\n\n<li><em><mark style=\"background-color:#7cf3c7\" class=\"has-inline-color\">Si la <strong>falta de defensa afect\u00f3 el fallo<\/strong> en detrimento del acusado.<\/mark><\/em><\/li>\n<\/ol>\n\n\n\n<p>.<\/p>\n\n\n\n<p>La justificaci\u00f3n de la <strong><mark style=\"background-color:rgba(0, 0, 0, 0);color:#3404a5\" class=\"has-inline-color\">SCJN<\/mark><\/strong> es que, la Primera Sala <mark style=\"background-color:rgba(0, 0, 0, 0);color:#049560\" class=\"has-inline-color\"><strong>estableci\u00f3<\/strong> <\/mark><mark style=\"background-color:rgba(0, 0, 0, 0)\" class=\"has-inline-color has-black-color\">que el <\/mark><mark style=\"background-color:rgba(0, 0, 0, 0);color:#049560\" class=\"has-inline-color\"><strong>derecho a una defensa adecuada<\/strong> <\/mark><mark style=\"background-color:rgba(0, 0, 0, 0)\" class=\"has-inline-color has-black-color\">incluye un est\u00e1ndar m\u00ednimo de diligencia del defensor. <\/mark><\/p>\n\n\n\n<p><mark style=\"background-color:rgba(0, 0, 0, 0)\" class=\"has-inline-color has-black-color\">El<\/mark><mark style=\"background-color:rgba(0, 0, 0, 0);color:#049560\" class=\"has-inline-color\"> <strong>tribunal<\/strong> <em><u>debe evaluar caso por caso si se viol\u00f3 este derecho<\/u><\/em>, <strong>considerando<\/strong><\/mark> <em><u>factores como:<\/u><\/em><\/p>\n\n\n\n<ul>\n<li><mark style=\"background-color:#e4eef7\" class=\"has-inline-color\">La <strong>ausencia de pruebas<\/strong>,<\/mark><\/li>\n\n\n\n<li><strong><mark style=\"background-color:#fed0b0\" class=\"has-inline-color\">Silencio de la defensa<\/mark><\/strong><\/li>\n\n\n\n<li><mark style=\"background-color:#d5b4f4\" class=\"has-inline-color\"><strong>Falta de recursos<\/strong>,<\/mark><\/li>\n\n\n\n<li><mark style=\"background-color:#7ef2c7\" class=\"has-inline-color\"><strong>Omisi\u00f3n de asesor\u00eda<\/strong>,<\/mark><\/li>\n\n\n\n<li><mark style=\"background-color:#fadf95\" class=\"has-inline-color\"><strong>Desconocimiento t\u00e9cnico del procedimiento penal<\/strong>, o<\/mark><\/li>\n\n\n\n<li><strong><mark style=\"background-color:#fbc096\" class=\"has-inline-color\">Abandono total de la defensa, siempre que afecten el fallo.<\/mark><\/strong><\/li>\n<\/ul>\n\n\n\n<p>Por tanto, si el JUEZ <mark style=\"background-color:rgba(0, 0, 0, 0);color:#038c5a\" class=\"has-inline-color\"><strong>detecta fallas<\/strong><\/mark><mark style=\"background-color:rgba(0, 0, 0, 0)\" class=\"has-inline-color has-black-color\"> en la <em><u>defensa<\/u><\/em>, DEBE<\/mark><mark style=\"background-color:rgba(0, 0, 0, 0);color:#038c5a\" class=\"has-inline-color\"> <strong>informar<\/strong><\/mark><mark style=\"background-color:rgba(0, 0, 0, 0)\" class=\"has-inline-color has-black-color\"> al <em><u>acusado<\/u><\/em> y <\/mark><mark style=\"background-color:rgba(0, 0, 0, 0);color:#038c5a\" class=\"has-inline-color\"><strong>ofrecerle cambiar de defensor.<\/strong> <\/mark><\/p>\n\n\n\n<p><mark style=\"background-color:rgba(0, 0, 0, 0)\" class=\"has-inline-color has-black-color\">Si se cambia, el <em><u>nuevo abogado necesita tiempo para preparar la defensa.<\/u><\/em> <\/mark><\/p>\n\n\n\n<p><mark style=\"background-color:rgba(0, 0, 0, 0)\" class=\"has-inline-color has-black-color\">Si el acusado sigue con el mismo defensor, se le<\/mark><mark style=\"background-color:rgba(0, 0, 0, 0);color:#038c5a\" class=\"has-inline-color\"> <strong>asignar\u00e1 un defensor p\u00fablico adicional<\/strong>. Y TODO esto <strong>debe registrarse<\/strong>.<\/mark><\/p>\n\n\n\n<p>.<\/p>\n\n\n\n<p>Esta <strong><mark style=\"background-color:#fdd15a\" class=\"has-inline-color\">RESOLUCI\u00d3N<\/mark> <\/strong>es de <strong>aplicaci\u00f3n<\/strong> <strong><mark style=\"background-color:rgba(0, 0, 0, 0);color:#b90606\" class=\"has-inline-color\">OBLIGATORIA<\/mark> <\/strong>en todo el pa\u00eds a partir de esta semana.<\/p>\n\n\n\n<p><strong><mark style=\"background-color:rgba(0, 0, 0, 0);color:#e3a702\" class=\"has-inline-color\">Jurisprudencia PENAL-CONSTITUCIONAL<\/mark><\/strong><\/p>\n\n\n\n<p><strong>Registro digital<\/strong>: 2030478<\/p>\n\n\n\n<p>.<\/p>\n\n\n\n<p class=\"wp-embed-aspect-16-9 wp-has-aspect-ratio\">Si estas en el <strong><mark style=\"background-color:rgba(0, 0, 0, 0)\" class=\"has-inline-color has-vivid-red-color\">Extranjero <\/mark><\/strong>nosotros somos tu <strong><mark style=\"background-color:rgba(0, 0, 0, 0)\" class=\"has-inline-color has-vivid-green-cyan-color\">mejor<\/mark><\/strong> alternativa para <strong><mark style=\"background-color:rgba(0, 0, 0, 0)\" class=\"has-inline-color has-luminous-vivid-orange-color\">velar<\/mark><\/strong> por tus <strong><mark style=\"background-color:rgba(0, 0, 0, 0)\" class=\"has-inline-color has-vivid-cyan-blue-color\">intereses<\/mark><\/strong>, escr\u00edbenos o ll\u00e1manos al Tel <strong>55581-11311<\/strong>.<\/p>\n\n\n\n<p class=\"wp-embed-aspect-16-9 wp-has-aspect-ratio\">.<\/p>\n\n\n\n<p class=\"wp-embed-aspect-16-9 wp-has-aspect-ratio\">Cuando<strong> necesites<\/strong> ayuda, <strong>asistencia<\/strong> o <strong>planeaci\u00f3n<\/strong> legal, <strong>solicita<\/strong> <strong>Cita Privada<\/strong> <a rel=\"noreferrer noopener\" href=\"mailto:bi@sm99.mx\" target=\"_blank\"><strong>Aqu\u00ed<\/strong><\/a><\/p>\n\n\n\n<p class=\"wp-embed-aspect-16-9 wp-has-aspect-ratio\">La informaci\u00f3n que AQU\u00cd te presentamos <strong>deriva<\/strong> de los <strong>Peri\u00f3dicos Oficiales <\/strong>de la<strong> CdMx<\/strong>, <strong>Estado<\/strong> de Mex., Diario <strong>Oficial<\/strong> de la Federaci\u00f3n, Suprema Corte de<strong> Justicia<\/strong> de la Naci\u00f3n, por lo tanto es de <strong>aplicaci\u00f3n OBLIGATORIA<\/strong><\/p>\n\n\n\n<p class=\"wp-embed-aspect-16-9 wp-has-aspect-ratio\">La <strong>informaci\u00f3n<\/strong> de hoy procede de la Suprema Corte de Justicia<\/p>\n\n\n\n<p class=\"wp-embed-aspect-16-9 wp-has-aspect-ratio\">.<\/p>\n\n\n\n<p class=\"wp-embed-aspect-16-9 wp-has-aspect-ratio\"><strong><mark style=\"background-color:rgba(0, 0, 0, 0)\" class=\"has-inline-color has-luminous-vivid-orange-color\">AY\u00daDANOS<\/mark><\/strong> para que m\u00e1s personas conozcan esta informaci\u00f3n, <strong>Comp\u00e1rtelo<\/strong> en tus redes sociales<\/p>\n","protected":false},"excerpt":{"rendered":"<p>Views: 11 . . Este ANTEDECENTE Surge despu\u00e9s de que, un hombre que fue sentenciado a 11 a\u00f1os y 8 meses de prisi\u00f3n por tentativa de feminicidio. Apel\u00f3 la sentencia ALEGANDO una defensa inadecuada, pero la Sala Penal confirm\u00f3 la condena. Luego, PROMOVI\u00d3 un juicio de amparo directo, el cual le fue negado por el [&hellip;]<\/p>\n","protected":false},"author":3,"featured_media":32264,"comment_status":"closed","ping_status":"open","sticky":false,"template":"","format":"standard","meta":{"_jetpack_memberships_contains_paid_content":false,"footnotes":""},"categories":[4],"tags":[],"jetpack_sharing_enabled":true,"jetpack_featured_media_url":"https:\/\/www.salgadonoticias.com\/wp-content\/uploads\/2025\/06\/autodefensa-y-autotutela.png","_links":{"self":[{"href":"https:\/\/www.salgadonoticias.com\/index.php?rest_route=\/wp\/v2\/posts\/32261"}],"collection":[{"href":"https:\/\/www.salgadonoticias.com\/index.php?rest_route=\/wp\/v2\/posts"}],"about":[{"href":"https:\/\/www.salgadonoticias.com\/index.php?rest_route=\/wp\/v2\/types\/post"}],"author":[{"embeddable":true,"href":"https:\/\/www.salgadonoticias.com\/index.php?rest_route=\/wp\/v2\/users\/3"}],"replies":[{"embeddable":true,"href":"https:\/\/www.salgadonoticias.com\/index.php?rest_route=%2Fwp%2Fv2%2Fcomments&post=32261"}],"version-history":[{"count":5,"href":"https:\/\/www.salgadonoticias.com\/index.php?rest_route=\/wp\/v2\/posts\/32261\/revisions"}],"predecessor-version":[{"id":32269,"href":"https:\/\/www.salgadonoticias.com\/index.php?rest_route=\/wp\/v2\/posts\/32261\/revisions\/32269"}],"wp:featuredmedia":[{"embeddable":true,"href":"https:\/\/www.salgadonoticias.com\/index.php?rest_route=\/wp\/v2\/media\/32264"}],"wp:attachment":[{"href":"https:\/\/www.salgadonoticias.com\/index.php?rest_route=%2Fwp%2Fv2%2Fmedia&parent=32261"}],"wp:term":[{"taxonomy":"category","embeddable":true,"href":"https:\/\/www.salgadonoticias.com\/index.php?rest_route=%2Fwp%2Fv2%2Fcategories&post=32261"},{"taxonomy":"post_tag","embeddable":true,"href":"https:\/\/www.salgadonoticias.com\/index.php?rest_route=%2Fwp%2Fv2%2Ftags&post=32261"}],"curies":[{"name":"wp","href":"https:\/\/api.w.org\/{rel}","templated":true}]}}