{"id":32847,"date":"2025-08-20T00:12:00","date_gmt":"2025-08-20T06:12:00","guid":{"rendered":"https:\/\/www.salgadonoticias.com\/?p=32847"},"modified":"2025-08-20T20:33:45","modified_gmt":"2025-08-21T02:33:45","slug":"32847","status":"publish","type":"post","link":"https:\/\/www.salgadonoticias.com\/?p=32847","title":{"rendered":"Emplazamiento a V\u00edctimas en Amparo, procede v\u00eda ASESOR JURIDICO si no es posible notificar directamente&#8230;!!!"},"content":{"rendered":"<p>Views: 10<\/p>\n<p>.<\/p>\n\n\n\n<figure class=\"wp-block-embed is-type-video is-provider-youtube wp-block-embed-youtube wp-embed-aspect-16-9 wp-has-aspect-ratio\"><div class=\"wp-block-embed__wrapper\">\n<iframe loading=\"lazy\" title=\"Lo destacado del mi\u00e9rcoles 20 de agosto de 2025.\" width=\"640\" height=\"360\" src=\"https:\/\/www.youtube.com\/embed\/XWWgKiLYYMM?feature=oembed\" frameborder=\"0\" allow=\"accelerometer; autoplay; clipboard-write; encrypted-media; gyroscope; picture-in-picture; web-share\" referrerpolicy=\"strict-origin-when-cross-origin\" allowfullscreen><\/iframe>\n<\/div><\/figure>\n\n\n\n<p>.<\/p>\n\n\n\n<p>Este ANTECEDENTE:<\/p>\n\n\n\n<p>Surge despu\u00e9s de que, diversos<strong> <\/strong><mark style=\"background-color:rgba(0, 0, 0, 0);color:#92014b\" class=\"has-inline-color\"><strong>Tribunales <\/strong><\/mark><mark style=\"background-color:rgba(0, 0, 0, 0)\" class=\"has-inline-color has-black-color\">colegiados de circuito<\/mark><mark style=\"background-color:rgba(0, 0, 0, 0);color:#92014b\" class=\"has-inline-color\"> <em><u>han sostenido criterios contradictorios respecto<\/u><\/em> <em><u>a la posibilidad<\/u><\/em> <\/mark><mark style=\"background-color:rgba(0, 0, 0, 0)\" class=\"has-inline-color has-black-color\">de que la<\/mark><mark style=\"background-color:rgba(0, 0, 0, 0);color:#92014b\" class=\"has-inline-color\"> <strong>v\u00edctima del delito<\/strong>, <\/mark><mark style=\"background-color:rgba(0, 0, 0, 0)\" class=\"has-inline-color has-black-color\">en su calidad de tercero interesado dentro del juicio de amparo,<\/mark><mark style=\"background-color:rgba(0, 0, 0, 0);color:#92014b\" class=\"has-inline-color\"> <strong>sea emplazada y notificada<\/strong> <\/mark><mark style=\"background-color:rgba(0, 0, 0, 0)\" class=\"has-inline-color has-black-color\">por<\/mark><mark style=\"background-color:rgba(0, 0, 0, 0);color:#92014b\" class=\"has-inline-color\"> <em><u>conducto de la persona que act\u00fae como su asesora jur\u00eddica<\/u><\/em><\/mark>.<\/p>\n\n\n\n<p>.<\/p>\n\n\n\n<p>La <strong><mark style=\"background-color:rgba(0, 0, 0, 0);color:#2b0181\" class=\"has-inline-color\">Suprema Corte de Justicia<\/mark> <\/strong>a trav\u00e9s de la Primera Sala <strong><mark style=\"background-color:rgba(0, 0, 0, 0);color:#820404\" class=\"has-inline-color\">DETERMIN\u00d3<\/mark><\/strong> que, <mark style=\"background-color:rgba(0, 0, 0, 0);color:#03734a\" class=\"has-inline-color\"><em><u>conforme a los derechos constitucionales de las V\u00cdCTIMAS del delito<\/u><\/em>, <\/mark><mark style=\"background-color:rgba(0, 0, 0, 0)\" class=\"has-inline-color has-black-color\">las<\/mark><mark style=\"background-color:rgba(0, 0, 0, 0);color:#03734a\" class=\"has-inline-color\"> <strong>notificaciones y emplazamientos<\/strong> <\/mark><mark style=\"background-color:rgba(0, 0, 0, 0)\" class=\"has-inline-color has-black-color\">en el juicio de amparo DEBEN <\/mark><mark style=\"background-color:rgba(0, 0, 0, 0);color:#03734a\" class=\"has-inline-color\"><strong>realizarse<\/strong> de <strong>manera personal y directa con la v\u00edctima<\/strong>. <\/mark><\/p>\n\n\n\n<p><mark style=\"background-color:rgba(0, 0, 0, 0)\" class=\"has-inline-color has-black-color\">Solo cuando ello<\/mark><mark style=\"background-color:rgba(0, 0, 0, 0);color:#03734a\" class=\"has-inline-color\"> <em><u>no sea posible<\/u><\/em>, <em><u>podr\u00e1n efectuarse por conducto de su asesora jur\u00eddica<\/u><\/em>,<\/mark> siempre que haya sido formalmente designada y reconocida en el procedimiento penal<\/p>\n\n\n\n<p>.<\/p>\n\n\n\n<p>La justificaci\u00f3n de la <strong><mark style=\"background-color:rgba(0, 0, 0, 0);color:#19069e\" class=\"has-inline-color\">SCJN<\/mark> <\/strong>Conforme a la Constituci\u00f3n, el C\u00f3digo Nacional de Procedimientos Penales y la Ley General de V\u00edctimas se <mark style=\"background-color:rgba(0, 0, 0, 0);color:#ae4a03\" class=\"has-inline-color\"><strong>reconoce<\/strong> a la <strong>V\u00cdCTIMA<\/strong> como parte del proceso penal, se garantiza su <em><u>derecho a recibir asesor\u00eda legal<\/u><\/em> por un abogado con c\u00e9dula profesional y a <em><u>contar con recursos judiciales efectivos<\/u><\/em>, como el juicio de <strong>amparo<\/strong>, para defender sus intereses frente a decisiones que los afecten. En ese orden de ideas y conforme a Ley de Amparo <strong>establece<\/strong> que la <strong><em><u>v\u00edctima<\/u><\/em><\/strong> del delito, cuando <em><u>participa como tercera interesad<\/u><\/em>a en un juicio de amparo, DEBE ser notificada&nbsp;<strong>de forma directa y personal<\/strong>. Solo en caso de que <em><u>esto no sea posible<\/u><\/em>, se PERMITE que la <em><u>notificaci\u00f3n se realice<\/u><\/em>&nbsp;<strong>a trav\u00e9s de su asesora jur\u00eddica<\/strong>,<\/mark> siempre que est\u00e9 debidamente acreditada.<\/p>\n\n\n\n<p>Para lograr la notificaci\u00f3n, el <mark style=\"background-color:rgba(0, 0, 0, 0);color:#9e4302\" class=\"has-inline-color\"><em><u>tribunal puede<\/u><\/em> <strong>pedir<\/strong> a la <em><u>autoridad responsable<\/u><\/em> el <strong>domicilio se\u00f1alado por la v\u00edctima<\/strong> o <em><u>tomar medidas para investigarlo<\/u><\/em>. <\/mark>Si el acto reclamado proviene de un procedimiento judicial, se usar\u00e1 el \u00faltimo domicilio registrado en el expediente.<\/p>\n\n\n\n<p>.<\/p>\n\n\n\n<p>Esta <strong><mark style=\"background-color:#c692f6\" class=\"has-inline-color\">RESOLUCI\u00d3N<\/mark> <\/strong>es de <strong>aplicaci\u00f3n <mark style=\"background-color:rgba(0, 0, 0, 0)\" class=\"has-inline-color has-vivid-red-color\">OBLIGATORIA<\/mark> <\/strong>en todo el pa\u00eds a partir de esta semana.<\/p>\n\n\n\n<p><strong><mark style=\"background-color:rgba(0, 0, 0, 0);color:#49018c\" class=\"has-inline-color\">Jurisprudencia PENAL-COM\u00daN<\/mark><\/strong><\/p>\n\n\n\n<p class=\"has-small-font-size\"><strong>Registro digital<\/strong>: 2030925<\/p>\n\n\n\n<p>.<\/p>\n\n\n\n<p class=\"wp-embed-aspect-16-9 wp-has-aspect-ratio\">Si estas en el <strong><mark style=\"background-color:rgba(0, 0, 0, 0)\" class=\"has-inline-color has-vivid-red-color\">Extranjero <\/mark><\/strong>nosotros somos tu <strong><mark style=\"background-color:rgba(0, 0, 0, 0)\" class=\"has-inline-color has-vivid-green-cyan-color\">mejor<\/mark><\/strong> alternativa para <strong><mark style=\"background-color:rgba(0, 0, 0, 0)\" class=\"has-inline-color has-luminous-vivid-orange-color\">velar<\/mark><\/strong> por tus <strong><mark style=\"background-color:rgba(0, 0, 0, 0)\" class=\"has-inline-color has-vivid-cyan-blue-color\">intereses<\/mark><\/strong>, escr\u00edbenos o ll\u00e1manos al Tel <strong>55581-11311<\/strong>.<\/p>\n\n\n\n<p class=\"wp-embed-aspect-16-9 wp-has-aspect-ratio\">.<\/p>\n\n\n\n<p class=\"wp-embed-aspect-16-9 wp-has-aspect-ratio\">Cuando<strong> necesites<\/strong> ayuda, <strong>asistencia<\/strong> o <strong>planeaci\u00f3n<\/strong> legal, <strong>solicita<\/strong> <strong>Cita Privada<\/strong> <a href=\"mailto:bi@sm99.mx\" target=\"_blank\" rel=\"noreferrer noopener\"><strong>Aqu\u00ed<\/strong><\/a><\/p>\n\n\n\n<p class=\"wp-embed-aspect-16-9 wp-has-aspect-ratio\">La informaci\u00f3n que AQU\u00cd te presentamos <strong>deriva<\/strong> de los <strong>Peri\u00f3dicos Oficiales <\/strong>de la<strong> CdMx<\/strong>, <strong>Estado<\/strong> de Mex., Diario <strong>Oficial<\/strong> de la Federaci\u00f3n, Suprema Corte de<strong> Justicia<\/strong> de la Naci\u00f3n, por lo tanto es de <strong>aplicaci\u00f3n OBLIGATORIA<\/strong><\/p>\n\n\n\n<p class=\"wp-embed-aspect-16-9 wp-has-aspect-ratio\">.<\/p>\n\n\n\n<p class=\"wp-embed-aspect-16-9 wp-has-aspect-ratio\">La informaci\u00f3n de este d\u00eda proviene de la Suprema Corte de Justicia<\/p>\n\n\n\n<p class=\"wp-embed-aspect-16-9 wp-has-aspect-ratio\">.<\/p>\n\n\n\n<p class=\"wp-embed-aspect-16-9 wp-has-aspect-ratio\"><strong><mark style=\"background-color:rgba(0, 0, 0, 0)\" class=\"has-inline-color has-luminous-vivid-orange-color\">AY\u00daDANOS<\/mark><\/strong> para que m\u00e1s personas conozcan esta informaci\u00f3n, <strong>Comp\u00e1rtelo<\/strong> en tus redes sociales<\/p>\n","protected":false},"excerpt":{"rendered":"<p>Views: 10 . . Este ANTECEDENTE: Surge despu\u00e9s de que, diversos Tribunales colegiados de circuito han sostenido criterios contradictorios respecto a la posibilidad de que la v\u00edctima del delito, en su calidad de tercero interesado dentro del juicio de amparo, sea emplazada y notificada por conducto de la persona que act\u00fae como su asesora jur\u00eddica. [&hellip;]<\/p>\n","protected":false},"author":3,"featured_media":32851,"comment_status":"closed","ping_status":"open","sticky":false,"template":"","format":"standard","meta":{"_jetpack_memberships_contains_paid_content":false,"footnotes":""},"categories":[4],"tags":[],"jetpack_sharing_enabled":true,"jetpack_featured_media_url":"https:\/\/www.salgadonoticias.com\/wp-content\/uploads\/2025\/08\/q4R8Nr5.webp","_links":{"self":[{"href":"https:\/\/www.salgadonoticias.com\/index.php?rest_route=\/wp\/v2\/posts\/32847"}],"collection":[{"href":"https:\/\/www.salgadonoticias.com\/index.php?rest_route=\/wp\/v2\/posts"}],"about":[{"href":"https:\/\/www.salgadonoticias.com\/index.php?rest_route=\/wp\/v2\/types\/post"}],"author":[{"embeddable":true,"href":"https:\/\/www.salgadonoticias.com\/index.php?rest_route=\/wp\/v2\/users\/3"}],"replies":[{"embeddable":true,"href":"https:\/\/www.salgadonoticias.com\/index.php?rest_route=%2Fwp%2Fv2%2Fcomments&post=32847"}],"version-history":[{"count":7,"href":"https:\/\/www.salgadonoticias.com\/index.php?rest_route=\/wp\/v2\/posts\/32847\/revisions"}],"predecessor-version":[{"id":32880,"href":"https:\/\/www.salgadonoticias.com\/index.php?rest_route=\/wp\/v2\/posts\/32847\/revisions\/32880"}],"wp:featuredmedia":[{"embeddable":true,"href":"https:\/\/www.salgadonoticias.com\/index.php?rest_route=\/wp\/v2\/media\/32851"}],"wp:attachment":[{"href":"https:\/\/www.salgadonoticias.com\/index.php?rest_route=%2Fwp%2Fv2%2Fmedia&parent=32847"}],"wp:term":[{"taxonomy":"category","embeddable":true,"href":"https:\/\/www.salgadonoticias.com\/index.php?rest_route=%2Fwp%2Fv2%2Fcategories&post=32847"},{"taxonomy":"post_tag","embeddable":true,"href":"https:\/\/www.salgadonoticias.com\/index.php?rest_route=%2Fwp%2Fv2%2Ftags&post=32847"}],"curies":[{"name":"wp","href":"https:\/\/api.w.org\/{rel}","templated":true}]}}