{"id":33435,"date":"2025-11-10T00:21:00","date_gmt":"2025-11-10T06:21:00","guid":{"rendered":"https:\/\/www.salgadonoticias.com\/?p=33435"},"modified":"2025-11-10T10:17:11","modified_gmt":"2025-11-10T16:17:11","slug":"demanda-de-amparo-con-firma-en-copia-simple-via-buzon-judicial-procede-prevencion-para-exhibir-original","status":"publish","type":"post","link":"https:\/\/www.salgadonoticias.com\/?p=33435","title":{"rendered":"Te Pueden Prevenir para EXHIBIR Original, si V\u00eda BUZ\u00d3N Judicial FIRMAS Demanda de Amparo en Copia SIMPLE &#8230;..\u2026!!!"},"content":{"rendered":"<p>Views: 3<\/p>\n<p>.<\/p>\n\n\n\n<p>Este <strong><mark style=\"background-color:rgba(0, 0, 0, 0)\" class=\"has-inline-color has-luminous-vivid-orange-color\">ANTEDECENTE<\/mark><\/strong><\/p>\n\n\n\n<p><mark style=\"background-color:rgba(0, 0, 0, 0)\" class=\"has-inline-color has-luminous-vivid-orange-color\"><strong>Surge <\/strong><\/mark><mark style=\"background-color:rgba(0, 0, 0, 0)\" class=\"has-inline-color has-black-color\">despu\u00e9s de que, los <\/mark><em><u><mark style=\"background-color:rgba(0, 0, 0, 0)\" class=\"has-inline-color has-black-color\">Tribunales Colegiados de Circuito<\/mark><\/u><\/em><mark style=\"background-color:rgba(0, 0, 0, 0)\" class=\"has-inline-color has-luminous-vivid-orange-color\"> <strong>emitieron<\/strong><\/mark><mark style=\"background-color:rgba(0, 0, 0, 0)\" class=\"has-inline-color has-black-color\"> <em><u>criterios<\/u><\/em><\/mark><mark style=\"background-color:rgba(0, 0, 0, 0)\" class=\"has-inline-color has-luminous-vivid-orange-color\"><strong> contradictorios<\/strong> <\/mark><mark style=\"background-color:rgba(0, 0, 0, 0)\" class=\"has-inline-color has-black-color\">respecto a si DEBE<\/mark><mark style=\"background-color:rgba(0, 0, 0, 0)\" class=\"has-inline-color has-luminous-vivid-orange-color\"> <strong>desecharse de plano<\/strong><\/mark><mark style=\"background-color:rgba(0, 0, 0, 0)\" class=\"has-inline-color has-black-color\"> una <em><u>demanda<\/u><\/em> de<\/mark><mark style=\"background-color:rgba(0, 0, 0, 0)\" class=\"has-inline-color has-luminous-vivid-orange-color\"><strong> Amparo indirecto<\/strong> <\/mark><mark style=\"background-color:rgba(0, 0, 0, 0)\" class=\"has-inline-color has-black-color\">presentada mediante el<\/mark><mark style=\"background-color:rgba(0, 0, 0, 0)\" class=\"has-inline-color has-luminous-vivid-orange-color\"> <strong>buz\u00f3n judicial<\/strong> <\/mark><mark style=\"background-color:rgba(0, 0, 0, 0)\" class=\"has-inline-color has-black-color\">con <\/mark><mark style=\"background-color:rgba(0, 0, 0, 0)\" class=\"has-inline-color has-luminous-vivid-orange-color\"><strong>firma aut\u00f3grafa en copia simple<\/strong>, <\/mark><em><u><mark style=\"background-color:rgba(0, 0, 0, 0)\" class=\"has-inline-color has-black-color\">sin que previamente se haya<\/mark><\/u><\/em><mark style=\"background-color:rgba(0, 0, 0, 0)\" class=\"has-inline-color has-luminous-vivid-orange-color\"> <strong>requerido<\/strong> <\/mark><mark style=\"background-color:rgba(0, 0, 0, 0)\" class=\"has-inline-color has-black-color\">al <em><u>promovente<\/u><\/em><\/mark><mark style=\"background-color:rgba(0, 0, 0, 0)\" class=\"has-inline-color has-luminous-vivid-orange-color\"> <strong>subsanar<\/strong> <\/mark>dicha situaci\u00f3n.<\/p>\n\n\n\n<p>.<\/p>\n\n\n\n<p>La\u00a0<strong><mark style=\"background-color:rgba(0, 0, 0, 0);color:#310187\" class=\"has-inline-color\">Suprema Corte de Justicia<\/mark><\/strong>, a trav\u00e9s del\u00a0Pleno Regional Penal y de Trabajo <strong><mark style=\"background-color:#cf2e2e\" class=\"has-inline-color\">Centro Sur<\/mark><\/strong>,<mark style=\"background-color:rgba(0, 0, 0, 0);color:#7e0303\" class=\"has-inline-color\"> <strong>DETERMIN\u00d3<\/strong><\/mark><strong> <\/strong>que, si la <mark style=\"background-color:rgba(0, 0, 0, 0);color:#880259\" class=\"has-inline-color\"><strong>demanda de amparo indirecto<\/strong> <\/mark><mark style=\"background-color:rgba(0, 0, 0, 0)\" class=\"has-inline-color has-black-color\">es presentada por<\/mark><mark style=\"background-color:rgba(0, 0, 0, 0);color:#880259\" class=\"has-inline-color\"> <strong>buz\u00f3n judicial<\/strong> <\/mark><mark style=\"background-color:rgba(0, 0, 0, 0)\" class=\"has-inline-color has-black-color\">con<\/mark><mark style=\"background-color:rgba(0, 0, 0, 0);color:#880259\" class=\"has-inline-color\"> <strong>firma aut\u00f3grafa en copia simple<\/strong>, <\/mark><mark style=\"background-color:rgba(0, 0, 0, 0)\" class=\"has-inline-color has-black-color\">el <em><u>Juzgado de Distrito<\/u><\/em> DEBE<\/mark><mark style=\"background-color:rgba(0, 0, 0, 0);color:#880259\" class=\"has-inline-color\"> <strong>prevenir<\/strong> <\/mark><mark style=\"background-color:rgba(0, 0, 0, 0)\" class=\"has-inline-color has-black-color\">al quejoso, conforme al<\/mark><mark style=\"background-color:rgba(0, 0, 0, 0);color:#880259\" class=\"has-inline-color\"> <strong>art. 114, fracc. I de la Ley de Amparo<\/strong>, <\/mark><mark style=\"background-color:rgba(0, 0, 0, 0)\" class=\"has-inline-color has-black-color\">para que <\/mark><mark style=\"background-color:rgba(0, 0, 0, 0);color:#880259\" class=\"has-inline-color\"><strong>exhiba<\/strong> <\/mark><mark style=\"background-color:rgba(0, 0, 0, 0)\" class=\"has-inline-color has-black-color\">el<\/mark><mark style=\"background-color:rgba(0, 0, 0, 0);color:#880259\" class=\"has-inline-color\"> <strong>original<\/strong> <\/mark>con<mark style=\"background-color:rgba(0, 0, 0, 0);color:#880259\" class=\"has-inline-color\"> <strong>acuse de recibo<\/strong> y <strong>firma aut\u00f3grafa<\/strong><\/mark>.<\/p>\n\n\n\n<p>.<\/p>\n\n\n\n<p>La <mark style=\"background-color:rgba(0, 0, 0, 0);color:#027807\" class=\"has-inline-color\"><strong>justificaci\u00f3n <\/strong><\/mark><mark style=\"background-color:rgba(0, 0, 0, 0)\" class=\"has-inline-color has-black-color\">de la <\/mark><strong><mark style=\"background-color:rgba(0, 0, 0, 0);color:#1c0482\" class=\"has-inline-color\">SCJN<\/mark><\/strong><mark style=\"background-color:rgba(0, 0, 0, 0)\" class=\"has-inline-color has-black-color\"> es que, los <\/mark><mark style=\"background-color:rgba(0, 0, 0, 0);color:#027807\" class=\"has-inline-color\"><strong>art\u00edculos 1\u00ba y 17 constitucionales<\/strong> <\/mark><em><u><mark style=\"background-color:rgba(0, 0, 0, 0)\" class=\"has-inline-color has-black-color\">reconocen los principios<\/mark><\/u><\/em><mark style=\"background-color:rgba(0, 0, 0, 0);color:#027807\" class=\"has-inline-color\"> <strong>pro persona<\/strong>, <strong>pro actione<\/strong><\/mark><mark style=\"background-color:rgba(0, 0, 0, 0)\" class=\"has-inline-color has-black-color\"> y de <\/mark><mark style=\"background-color:rgba(0, 0, 0, 0);color:#027807\" class=\"has-inline-color\"><strong>acceso a la justicia<\/strong>. <\/mark><mark style=\"background-color:rgba(0, 0, 0, 0)\" class=\"has-inline-color has-black-color\">Si la<\/mark><mark style=\"background-color:rgba(0, 0, 0, 0);color:#027807\" class=\"has-inline-color\"> <strong>demanda de amparo indirecto<\/strong> <\/mark><mark style=\"background-color:rgba(0, 0, 0, 0)\" class=\"has-inline-color has-black-color\">se<\/mark><mark style=\"background-color:rgba(0, 0, 0, 0);color:#027807\" class=\"has-inline-color\"> <strong><em><u>PRESENTA<\/u><\/em><\/strong> <\/mark><mark style=\"background-color:rgba(0, 0, 0, 0)\" class=\"has-inline-color has-black-color\">por<\/mark><mark style=\"background-color:rgba(0, 0, 0, 0);color:#027807\" class=\"has-inline-color\"> <strong>buz\u00f3n judicial<\/strong><\/mark><mark style=\"background-color:rgba(0, 0, 0, 0)\" class=\"has-inline-color has-black-color\"> con <\/mark><mark style=\"background-color:rgba(0, 0, 0, 0);color:#027807\" class=\"has-inline-color\"><strong>firma aut\u00f3grafa en copia simple<\/strong>, <\/mark><mark style=\"background-color:rgba(0, 0, 0, 0)\" class=\"has-inline-color has-black-color\">se <em><u>presume que hubo intenci\u00f3n de presentarla correctamente<\/u><\/em>. Por ello, con base en el <\/mark><mark style=\"background-color:rgba(0, 0, 0, 0);color:#027807\" class=\"has-inline-color\"><strong>art\u00edculo 114, fracc. I <\/strong><\/mark><mark style=\"background-color:rgba(0, 0, 0, 0)\" class=\"has-inline-color has-black-color\">de la Ley en menci\u00f3n, DEBE <\/mark><mark style=\"background-color:rgba(0, 0, 0, 0);color:#027807\" class=\"has-inline-color\"><strong>requerirse<\/strong> al <\/mark><mark style=\"background-color:rgba(0, 0, 0, 0)\" class=\"has-inline-color has-black-color\">quejoso para que <em><u><strong>EXHIBA<\/strong><\/u><\/em> el <\/mark><mark style=\"background-color:rgba(0, 0, 0, 0);color:#027807\" class=\"has-inline-color\"><strong>original<\/strong> <\/mark><mark style=\"background-color:rgba(0, 0, 0, 0)\" class=\"has-inline-color has-black-color\">con<\/mark><mark style=\"background-color:rgba(0, 0, 0, 0);color:#027807\" class=\"has-inline-color\"> <strong>acuse de recibo<\/strong> <\/mark><mark style=\"background-color:rgba(0, 0, 0, 0)\" class=\"has-inline-color has-black-color\">y<\/mark><mark style=\"background-color:rgba(0, 0, 0, 0);color:#027807\" class=\"has-inline-color\"> <strong>firma aut\u00f3grafa<\/strong>.<\/mark><\/p>\n\n\n\n<p>.<\/p>\n\n\n\n<p>Estas <strong><mark style=\"background-color:#b3dbf4\" class=\"has-inline-color\">RESOLUCI\u00d3N<\/mark> <\/strong>es de <strong>aplicaci\u00f3n<\/strong><mark style=\"background-color:rgba(0, 0, 0, 0);color:#7c0202\" class=\"has-inline-color\"> <strong>OBLIGATORIA<\/strong><\/mark><strong> <\/strong>en todo el pa\u00eds a partir de esta semana<strong>.<\/strong><\/p>\n\n\n\n<p><strong><mark style=\"background-color:rgba(0, 0, 0, 0);color:#05b8d5\" class=\"has-inline-color\">Jurisprudencia COM\u00daN<\/mark><\/strong><\/p>\n\n\n\n<p class=\"has-small-font-size\"><strong>Registro digital<\/strong>: &nbsp;2031428<\/p>\n\n\n\n<p>.<\/p>\n\n\n\n<p class=\"wp-embed-aspect-16-9 wp-has-aspect-ratio\">Si estas en el <strong><mark style=\"background-color:rgba(0, 0, 0, 0)\" class=\"has-inline-color has-vivid-red-color\">Extranjero <\/mark><\/strong>nosotros somos tu <strong><mark style=\"background-color:rgba(0, 0, 0, 0)\" class=\"has-inline-color has-vivid-green-cyan-color\">mejor<\/mark><\/strong> alternativa para <strong><mark style=\"background-color:rgba(0, 0, 0, 0)\" class=\"has-inline-color has-luminous-vivid-orange-color\">velar<\/mark><\/strong> por tus <strong><mark style=\"background-color:rgba(0, 0, 0, 0)\" class=\"has-inline-color has-vivid-cyan-blue-color\">intereses<\/mark><\/strong>, escr\u00edbenos o ll\u00e1manos al Tel <strong>55581-11311<\/strong>.<\/p>\n\n\n\n<p class=\"wp-embed-aspect-16-9 wp-has-aspect-ratio\">.<\/p>\n\n\n\n<p class=\"wp-embed-aspect-16-9 wp-has-aspect-ratio\">Cuando<strong> necesites<\/strong> ayuda, <strong>asistencia<\/strong> o <strong>planeaci\u00f3n<\/strong> legal, <strong>solicita<\/strong> <strong>Cita Privada<\/strong> <a href=\"mailto:bi@sm99.mx\" target=\"_blank\" rel=\"noreferrer noopener\"><strong>Aqu\u00ed<\/strong><\/a><\/p>\n\n\n\n<p class=\"wp-embed-aspect-16-9 wp-has-aspect-ratio\">La informaci\u00f3n que AQU\u00cd te presentamos <strong>deriva<\/strong> de los <strong>Peri\u00f3dicos Oficiales <\/strong>de la<strong> CdMx<\/strong>, <strong>Estado<\/strong> de Mex., Diario <strong>Oficial<\/strong> de la Federaci\u00f3n, Suprema Corte de<strong> Justicia<\/strong> de la Naci\u00f3n, por lo tanto es de <strong>aplicaci\u00f3n OBLIGATORIA<\/strong><\/p>\n\n\n\n<p class=\"wp-embed-aspect-16-9 wp-has-aspect-ratio\">.<\/p>\n\n\n\n<p class=\"wp-embed-aspect-16-9 wp-has-aspect-ratio\">La informaci\u00f3n de este d\u00eda proviene de la Suprema Corte de Justicia.<\/p>\n\n\n\n<p class=\"wp-embed-aspect-16-9 wp-has-aspect-ratio\">.<\/p>\n\n\n\n<p class=\"wp-embed-aspect-16-9 wp-has-aspect-ratio\"><strong><mark style=\"background-color:rgba(0, 0, 0, 0)\" class=\"has-inline-color has-luminous-vivid-orange-color\">AY\u00daDANOS<\/mark><\/strong> para que m\u00e1s personas conozcan esta informaci\u00f3n, <strong>Comp\u00e1rtelo<\/strong> en tus redes sociales.<\/p>\n","protected":false},"excerpt":{"rendered":"<p>Views: 3 . Este ANTEDECENTE Surge despu\u00e9s de que, los Tribunales Colegiados de Circuito emitieron criterios contradictorios respecto a si DEBE desecharse de plano una demanda de Amparo indirecto presentada mediante el buz\u00f3n judicial con firma aut\u00f3grafa en copia simple, sin que previamente se haya requerido al promovente subsanar dicha situaci\u00f3n. . La\u00a0Suprema Corte de [&hellip;]<\/p>\n","protected":false},"author":3,"featured_media":33437,"comment_status":"closed","ping_status":"open","sticky":false,"template":"","format":"standard","meta":{"_jetpack_memberships_contains_paid_content":false,"footnotes":""},"categories":[4],"tags":[],"jetpack_sharing_enabled":true,"jetpack_featured_media_url":"https:\/\/www.salgadonoticias.com\/wp-content\/uploads\/2025\/11\/XNVPBYXPURKVDA2FQTCQ2GTVOY.jpg","_links":{"self":[{"href":"https:\/\/www.salgadonoticias.com\/index.php?rest_route=\/wp\/v2\/posts\/33435"}],"collection":[{"href":"https:\/\/www.salgadonoticias.com\/index.php?rest_route=\/wp\/v2\/posts"}],"about":[{"href":"https:\/\/www.salgadonoticias.com\/index.php?rest_route=\/wp\/v2\/types\/post"}],"author":[{"embeddable":true,"href":"https:\/\/www.salgadonoticias.com\/index.php?rest_route=\/wp\/v2\/users\/3"}],"replies":[{"embeddable":true,"href":"https:\/\/www.salgadonoticias.com\/index.php?rest_route=%2Fwp%2Fv2%2Fcomments&post=33435"}],"version-history":[{"count":3,"href":"https:\/\/www.salgadonoticias.com\/index.php?rest_route=\/wp\/v2\/posts\/33435\/revisions"}],"predecessor-version":[{"id":33442,"href":"https:\/\/www.salgadonoticias.com\/index.php?rest_route=\/wp\/v2\/posts\/33435\/revisions\/33442"}],"wp:featuredmedia":[{"embeddable":true,"href":"https:\/\/www.salgadonoticias.com\/index.php?rest_route=\/wp\/v2\/media\/33437"}],"wp:attachment":[{"href":"https:\/\/www.salgadonoticias.com\/index.php?rest_route=%2Fwp%2Fv2%2Fmedia&parent=33435"}],"wp:term":[{"taxonomy":"category","embeddable":true,"href":"https:\/\/www.salgadonoticias.com\/index.php?rest_route=%2Fwp%2Fv2%2Fcategories&post=33435"},{"taxonomy":"post_tag","embeddable":true,"href":"https:\/\/www.salgadonoticias.com\/index.php?rest_route=%2Fwp%2Fv2%2Ftags&post=33435"}],"curies":[{"name":"wp","href":"https:\/\/api.w.org\/{rel}","templated":true}]}}