{"id":33455,"date":"2025-11-12T00:35:00","date_gmt":"2025-11-12T06:35:00","guid":{"rendered":"https:\/\/www.salgadonoticias.com\/?p=33455"},"modified":"2025-11-12T11:33:27","modified_gmt":"2025-11-12T17:33:27","slug":"33455","status":"publish","type":"post","link":"https:\/\/www.salgadonoticias.com\/?p=33455","title":{"rendered":"Sin PLAZO para que el solicitante de una MARCA demande la CADUCIDAD de un Registro que le impida OBTENER el Registro pretendido .\u2026!!!"},"content":{"rendered":"<p>Views: 3<\/p>\n<p>.<\/p>\n\n\n\n<p>Este <strong>ANTEDECENTE<\/strong><\/p>\n\n\n\n<p><mark style=\"background-color:rgba(0, 0, 0, 0);color:#430755\" class=\"has-inline-color\"><strong>Surge <\/strong><\/mark><mark style=\"background-color:rgba(0, 0, 0, 0)\" class=\"has-inline-color has-black-color\">despu\u00e9s de que,<\/mark><mark style=\"background-color:rgba(0, 0, 0, 0);color:#430755\" class=\"has-inline-color\"> <strong>Tribunales <\/strong><\/mark><mark style=\"background-color:rgba(0, 0, 0, 0)\" class=\"has-inline-color has-black-color\">Colegiados de<strong> <\/strong><\/mark><mark style=\"background-color:rgba(0, 0, 0, 0);color:#430755\" class=\"has-inline-color\"><strong>Circuito<\/strong> <\/mark><mark style=\"background-color:rgba(0, 0, 0, 0)\" class=\"has-inline-color has-black-color\">llegaron a<\/mark><mark style=\"background-color:rgba(0, 0, 0, 0);color:#430755\" class=\"has-inline-color\"> <strong>criterios <\/strong><\/mark><strong><mark style=\"background-color:#f78da7;color:#430755\" class=\"has-inline-color\">diferentes<\/mark><\/strong><mark style=\"background-color:rgba(0, 0, 0, 0);color:#430755\" class=\"has-inline-color\"> <\/mark><mark style=\"background-color:rgba(0, 0, 0, 0)\" class=\"has-inline-color has-black-color\">al analizar si la <em><u>Ley Federal de Protecci\u00f3n a la Propiedad Industrial<\/u><\/em> <\/mark><mark style=\"background-color:rgba(0, 0, 0, 0);color:#430755\" class=\"has-inline-color\">ESTABLECE <strong>plazo<\/strong> <\/mark><mark style=\"background-color:rgba(0, 0, 0, 0)\" class=\"has-inline-color has-black-color\">para<\/mark><mark style=\"background-color:rgba(0, 0, 0, 0);color:#430755\" class=\"has-inline-color\"> INICIAR<\/mark><mark style=\"background-color:rgba(0, 0, 0, 0)\" class=\"has-inline-color has-black-color\"> el<\/mark><mark style=\"background-color:rgba(0, 0, 0, 0);color:#430755\" class=\"has-inline-color\"> <strong>procedimiento de declaraci\u00f3n administrativa de <u>caducidad de registro marcario<\/u><\/strong> <\/mark><mark style=\"background-color:rgba(0, 0, 0, 0)\" class=\"has-inline-color has-black-color\">y determinar si<\/mark><mark style=\"background-color:rgba(0, 0, 0, 0);color:#430755\" class=\"has-inline-color\"> se <strong>extingui\u00f3 el derecho<\/strong> <\/mark><mark style=\"background-color:rgba(0, 0, 0, 0)\" class=\"has-inline-color has-black-color\">de la persona quejosa para solicitarla. <\/mark><\/p>\n\n\n\n<p><mark style=\"background-color:rgba(0, 0, 0, 0)\" class=\"has-inline-color has-black-color\">Uno consider\u00f3 que el<\/mark><mark style=\"background-color:rgba(0, 0, 0, 0);color:#430755\" class=\"has-inline-color\"> <strong>inter\u00e9s jur\u00eddico<\/strong><\/mark><mark style=\"background-color:rgba(0, 0, 0, 0)\" class=\"has-inline-color has-black-color\"> para iniciar dicho procedimiento<\/mark><mark style=\"background-color:rgba(0, 0, 0, 0);color:#430755\" class=\"has-inline-color\"> <strong>no est\u00e1 sujeto a plazo espec\u00edfico<\/strong>; <\/mark><mark style=\"background-color:rgba(0, 0, 0, 0)\" class=\"has-inline-color has-black-color\">el otro estim\u00f3 que<\/mark><mark style=\"background-color:rgba(0, 0, 0, 0);color:#430755\" class=\"has-inline-color\"> <strong>existe<\/strong> <\/mark><mark style=\"background-color:rgba(0, 0, 0, 0)\" class=\"has-inline-color has-black-color\">un<\/mark><mark style=\"background-color:rgba(0, 0, 0, 0);color:#430755\" class=\"has-inline-color\"> <strong>plazo de cuatro meses<\/strong> <\/mark><mark style=\"background-color:rgba(0, 0, 0, 0)\" class=\"has-inline-color has-black-color\">para demandar la <\/mark><mark style=\"background-color:rgba(0, 0, 0, 0);color:#430755\" class=\"has-inline-color\"><strong>caducidad de una marca<\/strong> <\/mark><mark style=\"background-color:rgba(0, 0, 0, 0)\" class=\"has-inline-color has-black-color\">que represente un <\/mark><mark style=\"background-color:rgba(0, 0, 0, 0);color:#430755\" class=\"has-inline-color\"><strong>obst\u00e1culo jur\u00eddico o de hecho<\/strong> <\/mark><mark style=\"background-color:rgba(0, 0, 0, 0)\" class=\"has-inline-color has-black-color\">para <\/mark><mark style=\"background-color:rgba(0, 0, 0, 0);color:#430755\" class=\"has-inline-color\"><em><u>obtener el registro pretendido<\/u><\/em>.<\/mark><\/p>\n\n\n\n<p>.<\/p>\n\n\n\n<p>La<mark style=\"background-color:rgba(0, 0, 0, 0);color:#1a037a\" class=\"has-inline-color\">&nbsp;<strong>Suprema Corte de Justicia<\/strong>,<\/mark> a trav\u00e9s del&nbsp;Pleno Regional Centro-Nte <strong><mark style=\"background-color:rgba(0, 0, 0, 0);color:#890101\" class=\"has-inline-color\">DETERMIN\u00d3<\/mark> <\/strong>que, los <mark style=\"background-color:#cfa5f6\" class=\"has-inline-color\"><strong>art\u00edculos 225 y 226<\/strong> de la <em><u>Ley Federal de Protecci\u00f3n a la Propiedad Industrial<\/u><\/em> <strong>NO fijan plazo<\/strong> para que el <strong>solicitante de una marca<\/strong> demande la <strong>caducidad<\/strong> de un <strong>registro marcario<\/strong> que le <em><u>impide obtener<\/u><\/em> el <strong>registro pretendido<\/strong>.<\/mark><\/p>\n\n\n\n<p>.<\/p>\n\n\n\n<p>La<mark style=\"background-color:rgba(0, 0, 0, 0);color:#940361\" class=\"has-inline-color\"> <strong>justificaci\u00f3n <\/strong><\/mark><mark style=\"background-color:rgba(0, 0, 0, 0)\" class=\"has-inline-color has-black-color\">de la <\/mark><strong><mark style=\"background-color:rgba(0, 0, 0, 0);color:#040684\" class=\"has-inline-color\">SCJN<\/mark><\/strong><mark style=\"background-color:rgba(0, 0, 0, 0)\" class=\"has-inline-color has-black-color\"> es que, el <\/mark><mark style=\"background-color:rgba(0, 0, 0, 0);color:#940361\" class=\"has-inline-color\"><strong>plazo de CUATRO meses<\/strong> <\/mark><mark style=\"background-color:rgba(0, 0, 0, 0)\" class=\"has-inline-color has-black-color\">previsto en los<\/mark><mark style=\"background-color:rgba(0, 0, 0, 0);color:#940361\" class=\"has-inline-color\"> <strong>art\u00edculos <\/strong><\/mark><mark style=\"background-color:rgba(0, 0, 0, 0)\" class=\"has-inline-color has-black-color\"><em><u>mencionados<\/u><\/em> es para que el <\/mark><mark style=\"background-color:rgba(0, 0, 0, 0);color:#940361\" class=\"has-inline-color\"><strong>solicitante de una marca<\/strong><\/mark><mark style=\"background-color:rgba(0, 0, 0, 0)\" class=\"has-inline-color has-black-color\"> <em><u>atienda<\/u><\/em><\/mark><mark style=\"background-color:rgba(0, 0, 0, 0);color:#940361\" class=\"has-inline-color\"> <strong>requisitos, oposiciones o impedimentos<\/strong> <\/mark><mark style=\"background-color:rgba(0, 0, 0, 0)\" class=\"has-inline-color has-black-color\"><em><u>comunicados<\/u><\/em> por el <\/mark><mark style=\"background-color:rgba(0, 0, 0, 0);color:#940361\" class=\"has-inline-color\"><strong>IMPI<\/strong><\/mark><mark style=\"background-color:rgba(0, 0, 0, 0)\" class=\"has-inline-color has-black-color\"> <em><u>tras el examen de la solicitud<\/u><\/em>. <\/mark><\/p>\n\n\n\n<p><mark style=\"background-color:rgba(0, 0, 0, 0)\" class=\"has-inline-color has-black-color\">Y<\/mark><mark style=\"background-color:rgba(0, 0, 0, 0);color:#940361\" class=\"has-inline-color\"> <strong>NO aplica para pedir la caducidad<\/strong>, <\/mark><mark style=\"background-color:rgba(0, 0, 0, 0)\" class=\"has-inline-color has-black-color\"><em><u>ni puede deducirse de las normas<\/u><\/em> del<\/mark><mark style=\"background-color:rgba(0, 0, 0, 0);color:#940361\" class=\"has-inline-color\"> <strong>registro marcario<\/strong>.<\/mark><\/p>\n\n\n\n<p>.<\/p>\n\n\n\n<p>Estas <strong><mark style=\"background-color:#f6c9aa\" class=\"has-inline-color\">RESOLUCI\u00d3N<\/mark> <\/strong>es de <strong>aplicaci\u00f3n<\/strong> <strong><mark style=\"background-color:rgba(0, 0, 0, 0);color:#8e0202\" class=\"has-inline-color\">OBLIGATORIA<\/mark> <\/strong>en todo el pa\u00eds a partir de esta semana<strong>.<\/strong><\/p>\n\n\n\n<p><strong><mark style=\"background-color:rgba(0, 0, 0, 0);color:#c55404\" class=\"has-inline-color\">Jurisprudencia ADMINISTRATIVA<\/mark><\/strong><\/p>\n\n\n\n<p class=\"has-small-font-size\"><strong>Registro digital<\/strong>: &nbsp;2031427<\/p>\n\n\n\n<p>.<\/p>\n\n\n\n<p class=\"wp-embed-aspect-16-9 wp-has-aspect-ratio\">Si estas en el <strong><mark style=\"background-color:rgba(0, 0, 0, 0)\" class=\"has-inline-color has-vivid-red-color\">Extranjero <\/mark><\/strong>nosotros somos tu <strong><mark style=\"background-color:rgba(0, 0, 0, 0)\" class=\"has-inline-color has-vivid-green-cyan-color\">mejor<\/mark><\/strong> alternativa para <strong><mark style=\"background-color:rgba(0, 0, 0, 0)\" class=\"has-inline-color has-luminous-vivid-orange-color\">velar<\/mark><\/strong> por tus <strong><mark style=\"background-color:rgba(0, 0, 0, 0)\" class=\"has-inline-color has-vivid-cyan-blue-color\">intereses<\/mark><\/strong>, escr\u00edbenos o ll\u00e1manos al Tel <strong>55581-11311<\/strong>.<\/p>\n\n\n\n<p class=\"wp-embed-aspect-16-9 wp-has-aspect-ratio\">.<\/p>\n\n\n\n<p class=\"wp-embed-aspect-16-9 wp-has-aspect-ratio\">Cuando<strong> necesites<\/strong> ayuda, <strong>asistencia<\/strong> o <strong>planeaci\u00f3n<\/strong> legal, <strong>solicita<\/strong> <strong>Cita Privada<\/strong> <a href=\"mailto:bi@sm99.mx\" target=\"_blank\" rel=\"noreferrer noopener\"><strong>Aqu\u00ed<\/strong><\/a><\/p>\n\n\n\n<p class=\"wp-embed-aspect-16-9 wp-has-aspect-ratio\">La informaci\u00f3n que AQU\u00cd te presentamos <strong>deriva<\/strong> de los <strong>Peri\u00f3dicos Oficiales <\/strong>de la<strong> CdMx<\/strong>, <strong>Estado<\/strong> de Mex., Diario <strong>Oficial<\/strong> de la Federaci\u00f3n, Suprema Corte de<strong> Justicia<\/strong> de la Naci\u00f3n, por lo tanto es de <strong>aplicaci\u00f3n OBLIGATORIA<\/strong><\/p>\n\n\n\n<p class=\"wp-embed-aspect-16-9 wp-has-aspect-ratio\">.<\/p>\n\n\n\n<p class=\"wp-embed-aspect-16-9 wp-has-aspect-ratio\">La informaci\u00f3n de este d\u00eda proviene de la Suprema Corte de Justicia.<\/p>\n\n\n\n<p class=\"wp-embed-aspect-16-9 wp-has-aspect-ratio\">.<\/p>\n\n\n\n<p class=\"wp-embed-aspect-16-9 wp-has-aspect-ratio\"><strong><mark style=\"background-color:rgba(0, 0, 0, 0)\" class=\"has-inline-color has-luminous-vivid-orange-color\">AY\u00daDANOS<\/mark><\/strong> para que m\u00e1s personas conozcan esta informaci\u00f3n, <strong>Comp\u00e1rtelo<\/strong> en tus redes sociales.<\/p>\n","protected":false},"excerpt":{"rendered":"<p>Views: 3 . Este ANTEDECENTE Surge despu\u00e9s de que, Tribunales Colegiados de Circuito llegaron a criterios diferentes al analizar si la Ley Federal de Protecci\u00f3n a la Propiedad Industrial ESTABLECE plazo para INICIAR el procedimiento de declaraci\u00f3n administrativa de caducidad de registro marcario y determinar si se extingui\u00f3 el derecho de la persona quejosa para [&hellip;]<\/p>\n","protected":false},"author":3,"featured_media":33463,"comment_status":"closed","ping_status":"open","sticky":false,"template":"","format":"standard","meta":{"_jetpack_memberships_contains_paid_content":false,"footnotes":""},"categories":[4],"tags":[],"jetpack_sharing_enabled":true,"jetpack_featured_media_url":"https:\/\/www.salgadonoticias.com\/wp-content\/uploads\/2025\/11\/impi-registro-marca-fotor-20240115101044.jpg","_links":{"self":[{"href":"https:\/\/www.salgadonoticias.com\/index.php?rest_route=\/wp\/v2\/posts\/33455"}],"collection":[{"href":"https:\/\/www.salgadonoticias.com\/index.php?rest_route=\/wp\/v2\/posts"}],"about":[{"href":"https:\/\/www.salgadonoticias.com\/index.php?rest_route=\/wp\/v2\/types\/post"}],"author":[{"embeddable":true,"href":"https:\/\/www.salgadonoticias.com\/index.php?rest_route=\/wp\/v2\/users\/3"}],"replies":[{"embeddable":true,"href":"https:\/\/www.salgadonoticias.com\/index.php?rest_route=%2Fwp%2Fv2%2Fcomments&post=33455"}],"version-history":[{"count":4,"href":"https:\/\/www.salgadonoticias.com\/index.php?rest_route=\/wp\/v2\/posts\/33455\/revisions"}],"predecessor-version":[{"id":33472,"href":"https:\/\/www.salgadonoticias.com\/index.php?rest_route=\/wp\/v2\/posts\/33455\/revisions\/33472"}],"wp:featuredmedia":[{"embeddable":true,"href":"https:\/\/www.salgadonoticias.com\/index.php?rest_route=\/wp\/v2\/media\/33463"}],"wp:attachment":[{"href":"https:\/\/www.salgadonoticias.com\/index.php?rest_route=%2Fwp%2Fv2%2Fmedia&parent=33455"}],"wp:term":[{"taxonomy":"category","embeddable":true,"href":"https:\/\/www.salgadonoticias.com\/index.php?rest_route=%2Fwp%2Fv2%2Fcategories&post=33455"},{"taxonomy":"post_tag","embeddable":true,"href":"https:\/\/www.salgadonoticias.com\/index.php?rest_route=%2Fwp%2Fv2%2Ftags&post=33455"}],"curies":[{"name":"wp","href":"https:\/\/api.w.org\/{rel}","templated":true}]}}