{"id":33464,"date":"2025-11-13T00:00:00","date_gmt":"2025-11-13T06:00:00","guid":{"rendered":"https:\/\/www.salgadonoticias.com\/?p=33464"},"modified":"2025-11-13T13:37:11","modified_gmt":"2025-11-13T19:37:11","slug":"orden-de-cateo-su-ejecucion-no-es-acto-consumado-y-procede-amparo-indirecto","status":"publish","type":"post","link":"https:\/\/www.salgadonoticias.com\/?p=33464","title":{"rendered":"Contra \u00d3rdenes de CATEO procede Amparo INDIRECTO\u2026!!!"},"content":{"rendered":"<p>Views: 36<\/p>\n<p>.<\/p>\n\n\n\n<figure class=\"wp-block-embed is-type-video is-provider-youtube wp-block-embed-youtube wp-embed-aspect-16-9 wp-has-aspect-ratio\"><div class=\"wp-block-embed__wrapper\">\n<iframe loading=\"lazy\" title=\"Lo relevante del jueves 13 de noviembre de 2025.\" width=\"640\" height=\"360\" src=\"https:\/\/www.youtube.com\/embed\/3oV6Talml9w?feature=oembed\" frameborder=\"0\" allow=\"accelerometer; autoplay; clipboard-write; encrypted-media; gyroscope; picture-in-picture; web-share\" referrerpolicy=\"strict-origin-when-cross-origin\" allowfullscreen><\/iframe>\n<\/div><\/figure>\n\n\n\n<p>&#8211;<\/p>\n\n\n\n<p>Este <strong>ANTEDECENTE<\/strong><\/p>\n\n\n\n<p><mark style=\"background-color:rgba(0, 0, 0, 0);color:#710374\" class=\"has-inline-color\"><strong>Surge<\/strong><\/mark><mark style=\"background-color:rgba(0, 0, 0, 0)\" class=\"has-inline-color has-black-color\"><strong> <\/strong>despu\u00e9s de que, <\/mark><mark style=\"background-color:rgba(0, 0, 0, 0);color:#710374\" class=\"has-inline-color\"><strong>Tribunales <\/strong><\/mark><mark style=\"background-color:rgba(0, 0, 0, 0)\" class=\"has-inline-color has-black-color\">Colegiados de Circuito <em><u>sostuvieron<\/u><\/em> <\/mark><mark style=\"background-color:rgba(0, 0, 0, 0);color:#710374\" class=\"has-inline-color\"><strong>criterios <\/strong><\/mark><strong><mark style=\"background-color:#f78da7;color:#710374\" class=\"has-inline-color\">discordantes<\/mark><\/strong><mark style=\"background-color:rgba(0, 0, 0, 0)\" class=\"has-inline-color has-black-color\"> sobre el <\/mark><mark style=\"background-color:rgba(0, 0, 0, 0);color:#710374\" class=\"has-inline-color\"><strong>amparo indirecto<\/strong><\/mark><mark style=\"background-color:rgba(0, 0, 0, 0)\" class=\"has-inline-color has-black-color\"> <em><u>contra<\/u><\/em> los <\/mark><mark style=\"background-color:rgba(0, 0, 0, 0);color:#710374\" class=\"has-inline-color\"><strong>efectos de la orden de cateo<\/strong>. <\/mark><\/p>\n\n\n\n<p><mark style=\"background-color:rgba(0, 0, 0, 0)\" class=\"has-inline-color has-black-color\"><em><u>Uno<\/u><\/em> consider\u00f3 que, al ejecutarse, es un<\/mark><mark style=\"background-color:rgba(0, 0, 0, 0);color:#710374\" class=\"has-inline-color\"> <strong>acto consumado <u>irreparable<\/u><\/strong> <\/mark><mark style=\"background-color:rgba(0, 0, 0, 0)\" class=\"has-inline-color has-black-color\">(art. 61, fracc XVI, Ley de Amparo); el <em><u>otro<\/u><\/em> estim\u00f3 que sus <\/mark><mark style=\"background-color:rgba(0, 0, 0, 0);color:#710374\" class=\"has-inline-color\"><strong>efectos persisten en el tiempo<\/strong>, <\/mark><mark style=\"background-color:rgba(0, 0, 0, 0)\" class=\"has-inline-color has-black-color\">por lo que <em><u>debe analizarse<\/u><\/em> el<\/mark><mark style=\"background-color:rgba(0, 0, 0, 0);color:#710374\" class=\"has-inline-color\"> <strong>fondo del asunto<\/strong><\/mark><mark style=\"background-color:rgba(0, 0, 0, 0);color:#a2012d\" class=\"has-inline-color\">.<\/mark><\/p>\n\n\n\n<p>.<\/p>\n\n\n\n<p>La <strong><mark style=\"background-color:rgba(0, 0, 0, 0);color:#07047d\" class=\"has-inline-color\">Suprema Corte de Justicia<\/mark> <\/strong>a trav\u00e9s del Pleno Regional <strong><mark style=\"background-color:#ff6900\" class=\"has-inline-color\">Centro-Sur<\/mark><\/strong>, <strong><mark style=\"background-color:rgba(0, 0, 0, 0);color:#9f0505\" class=\"has-inline-color\">DETERMIN\u00d3<\/mark> <\/strong>que, la <mark style=\"background-color:#c1f4be\" class=\"has-inline-color\"><strong>ejecuci\u00f3n de una orden de cateo<\/strong> <strong>NO es un acto consumado irreparable<\/strong>, por lo que <strong>PROCEDE el Amparo Indirecto<\/strong> <em><u>contra<\/u><\/em> sus <strong>efectos y consecuencias<\/strong>.<\/mark><\/p>\n\n\n\n<p>.<\/p>\n\n\n\n<p>La <mark style=\"background-color:rgba(0, 0, 0, 0);color:#bf6525\" class=\"has-inline-color\"><strong>justificaci\u00f3n <\/strong><\/mark><mark style=\"background-color:rgba(0, 0, 0, 0)\" class=\"has-inline-color has-black-color\">de la <\/mark><strong><mark style=\"background-color:rgba(0, 0, 0, 0);color:#150264\" class=\"has-inline-color\">SCJN<\/mark><\/strong><mark style=\"background-color:rgba(0, 0, 0, 0)\" class=\"has-inline-color has-black-color\"> es que, la <em><u>ejecuci\u00f3n de una orden de cateo<\/u><\/em> es un <\/mark><mark style=\"background-color:rgba(0, 0, 0, 0);color:#bf6525\" class=\"has-inline-color\"><strong>acto de autoridad<\/strong><\/mark><mark style=\"background-color:rgba(0, 0, 0, 0)\" class=\"has-inline-color has-black-color\"> cuyos<\/mark><mark style=\"background-color:rgba(0, 0, 0, 0);color:#bf6525\" class=\"has-inline-color\"> <strong>efectos pueden vulnerar derechos fundamentales<\/strong><\/mark><mark style=\"background-color:rgba(0, 0, 0, 0)\" class=\"has-inline-color has-black-color\"> de forma <\/mark><mark style=\"background-color:rgba(0, 0, 0, 0);color:#bf6525\" class=\"has-inline-color\"><strong>continua<\/strong>, <\/mark><mark style=\"background-color:rgba(0, 0, 0, 0)\" class=\"has-inline-color has-black-color\">por lo que<\/mark><mark style=\"background-color:rgba(0, 0, 0, 0);color:#bf6525\" class=\"has-inline-color\"> <strong>NO se considera acto consumado irreparable<\/strong> <\/mark><mark style=\"background-color:rgba(0, 0, 0, 0)\" class=\"has-inline-color has-black-color\">conforme al art. 61, fracc. XVI, de la Ley de Amparo. <\/mark><\/p>\n\n\n\n<p><mark style=\"background-color:rgba(0, 0, 0, 0)\" class=\"has-inline-color has-black-color\">Por lo tanto, al reconocer la<\/mark><mark style=\"background-color:rgba(0, 0, 0, 0);color:#bf6525\" class=\"has-inline-color\"> <strong>procedencia <\/strong><\/mark><mark style=\"background-color:rgba(0, 0, 0, 0)\" class=\"has-inline-color has-black-color\">del<strong> <\/strong><\/mark><mark style=\"background-color:rgba(0, 0, 0, 0);color:#bf6525\" class=\"has-inline-color\"><strong>amparo indirecto<\/strong>, <\/mark><mark style=\"background-color:rgba(0, 0, 0, 0)\" class=\"has-inline-color has-black-color\">se <em><u>VERIFICA<\/u><\/em> que la <\/mark><mark style=\"background-color:rgba(0, 0, 0, 0);color:#bf6525\" class=\"has-inline-color\"><strong>orden de cateo y su ejecuci\u00f3n<\/strong> <\/mark><mark style=\"background-color:rgba(0, 0, 0, 0)\" class=\"has-inline-color has-black-color\"><em><u>cumplen<\/u><\/em> con los<\/mark><mark style=\"background-color:rgba(0, 0, 0, 0);color:#bf6525\" class=\"has-inline-color\"> <strong>requisitos del art\u00edculo 16 constitucional<\/strong> y del <strong>art\u00edculo 283 del CNPP<\/strong>,<\/mark><mark style=\"background-color:rgba(0, 0, 0, 0)\" class=\"has-inline-color has-black-color\"> <em><u>permitiendo<\/u><\/em> la <\/mark><mark style=\"background-color:rgba(0, 0, 0, 0);color:#bf6525\" class=\"has-inline-color\"><strong>restituci\u00f3n efectiva de derechos<\/strong> <\/mark><mark style=\"background-color:rgba(0, 0, 0, 0)\" class=\"has-inline-color has-black-color\">como la<\/mark><mark style=\"background-color:rgba(0, 0, 0, 0);color:#bf6525\" class=\"has-inline-color\"> <strong>dignidad humana<\/strong>, <strong>seguridad jur\u00eddica<\/strong>, <strong>propiedad<\/strong> y <strong>posesi\u00f3n<\/strong><\/mark> afectados por la ejecuci\u00f3n.<\/p>\n\n\n\n<p>.<\/p>\n\n\n\n<p>Estas<mark style=\"background-color:#00d084\" class=\"has-inline-color\"> <strong>RESOLUCI\u00d3N<\/strong><\/mark><strong> <\/strong>es de <strong>aplicaci\u00f3n <mark style=\"background-color:rgba(0, 0, 0, 0);color:#770202\" class=\"has-inline-color\">OBLIGATORIA<\/mark> <\/strong>en todo el pa\u00eds a partir de esta semana.<\/p>\n\n\n\n<p><strong><mark style=\"background-color:rgba(0, 0, 0, 0);color:#046f48\" class=\"has-inline-color\">Jurisprudencia PENAL-COM\u00daN<\/mark><\/strong><\/p>\n\n\n\n<p class=\"has-small-font-size\"><strong>Registro digital<\/strong>: &nbsp;2031421<\/p>\n\n\n\n<p>.<\/p>\n\n\n\n<p class=\"wp-embed-aspect-16-9 wp-has-aspect-ratio\">Si estas en el <strong><mark style=\"background-color:rgba(0, 0, 0, 0)\" class=\"has-inline-color has-vivid-red-color\">Extranjero <\/mark><\/strong>nosotros somos tu <strong><mark style=\"background-color:rgba(0, 0, 0, 0)\" class=\"has-inline-color has-vivid-green-cyan-color\">mejor<\/mark><\/strong> alternativa para <strong><mark style=\"background-color:rgba(0, 0, 0, 0)\" class=\"has-inline-color has-luminous-vivid-orange-color\">velar<\/mark><\/strong> por tus <strong><mark style=\"background-color:rgba(0, 0, 0, 0)\" class=\"has-inline-color has-vivid-cyan-blue-color\">intereses<\/mark><\/strong>, escr\u00edbenos o ll\u00e1manos al Tel <strong>55581-11311<\/strong>.<\/p>\n\n\n\n<p class=\"wp-embed-aspect-16-9 wp-has-aspect-ratio\">.<\/p>\n\n\n\n<p class=\"wp-embed-aspect-16-9 wp-has-aspect-ratio\">Cuando<strong> necesites<\/strong> ayuda, <strong>asistencia<\/strong> o <strong>planeaci\u00f3n<\/strong> legal, <strong>solicita<\/strong> <strong>Cita Privada<\/strong> <a href=\"mailto:bi@sm99.mx\" target=\"_blank\" rel=\"noreferrer noopener\"><strong>Aqu\u00ed<\/strong><\/a><\/p>\n\n\n\n<p class=\"wp-embed-aspect-16-9 wp-has-aspect-ratio\">La informaci\u00f3n que AQU\u00cd te presentamos <strong>deriva<\/strong> de los <strong>Peri\u00f3dicos Oficiales <\/strong>de la<strong> CdMx<\/strong>, <strong>Estado<\/strong> de Mex., Diario <strong>Oficial<\/strong> de la Federaci\u00f3n, Suprema Corte de<strong> Justicia<\/strong> de la Naci\u00f3n, por lo tanto es de <strong>aplicaci\u00f3n OBLIGATORIA<\/strong><\/p>\n\n\n\n<p class=\"wp-embed-aspect-16-9 wp-has-aspect-ratio\">.<\/p>\n\n\n\n<p class=\"wp-embed-aspect-16-9 wp-has-aspect-ratio\">La informaci\u00f3n de este d\u00eda proviene de la Suprema Corte de Justicia.<\/p>\n\n\n\n<p class=\"wp-embed-aspect-16-9 wp-has-aspect-ratio\">.<\/p>\n\n\n\n<p class=\"wp-embed-aspect-16-9 wp-has-aspect-ratio\"><strong><mark style=\"background-color:rgba(0, 0, 0, 0)\" class=\"has-inline-color has-luminous-vivid-orange-color\">AY\u00daDANOS<\/mark><\/strong> para que m\u00e1s personas conozcan esta informaci\u00f3n, <strong>Comp\u00e1rtelo<\/strong> en tus redes sociales.<\/p>\n","protected":false},"excerpt":{"rendered":"<p>Views: 36 . &#8211; Este ANTEDECENTE Surge despu\u00e9s de que, Tribunales Colegiados de Circuito sostuvieron criterios discordantes sobre el amparo indirecto contra los efectos de la orden de cateo. Uno consider\u00f3 que, al ejecutarse, es un acto consumado irreparable (art. 61, fracc XVI, Ley de Amparo); el otro estim\u00f3 que sus efectos persisten en el [&hellip;]<\/p>\n","protected":false},"author":3,"featured_media":33465,"comment_status":"closed","ping_status":"open","sticky":false,"template":"","format":"standard","meta":{"_jetpack_memberships_contains_paid_content":false,"footnotes":""},"categories":[4],"tags":[],"jetpack_sharing_enabled":true,"jetpack_featured_media_url":"https:\/\/www.salgadonoticias.com\/wp-content\/uploads\/2025\/11\/catean-casa-alejandor-moreno-campeche-124529.jpg","_links":{"self":[{"href":"https:\/\/www.salgadonoticias.com\/index.php?rest_route=\/wp\/v2\/posts\/33464"}],"collection":[{"href":"https:\/\/www.salgadonoticias.com\/index.php?rest_route=\/wp\/v2\/posts"}],"about":[{"href":"https:\/\/www.salgadonoticias.com\/index.php?rest_route=\/wp\/v2\/types\/post"}],"author":[{"embeddable":true,"href":"https:\/\/www.salgadonoticias.com\/index.php?rest_route=\/wp\/v2\/users\/3"}],"replies":[{"embeddable":true,"href":"https:\/\/www.salgadonoticias.com\/index.php?rest_route=%2Fwp%2Fv2%2Fcomments&post=33464"}],"version-history":[{"count":4,"href":"https:\/\/www.salgadonoticias.com\/index.php?rest_route=\/wp\/v2\/posts\/33464\/revisions"}],"predecessor-version":[{"id":33476,"href":"https:\/\/www.salgadonoticias.com\/index.php?rest_route=\/wp\/v2\/posts\/33464\/revisions\/33476"}],"wp:featuredmedia":[{"embeddable":true,"href":"https:\/\/www.salgadonoticias.com\/index.php?rest_route=\/wp\/v2\/media\/33465"}],"wp:attachment":[{"href":"https:\/\/www.salgadonoticias.com\/index.php?rest_route=%2Fwp%2Fv2%2Fmedia&parent=33464"}],"wp:term":[{"taxonomy":"category","embeddable":true,"href":"https:\/\/www.salgadonoticias.com\/index.php?rest_route=%2Fwp%2Fv2%2Fcategories&post=33464"},{"taxonomy":"post_tag","embeddable":true,"href":"https:\/\/www.salgadonoticias.com\/index.php?rest_route=%2Fwp%2Fv2%2Ftags&post=33464"}],"curies":[{"name":"wp","href":"https:\/\/api.w.org\/{rel}","templated":true}]}}