{"id":33485,"date":"2025-12-18T00:09:00","date_gmt":"2025-12-18T06:09:00","guid":{"rendered":"https:\/\/www.salgadonoticias.com\/?p=33485"},"modified":"2025-12-18T08:40:55","modified_gmt":"2025-12-18T14:40:55","slug":"33485","status":"publish","type":"post","link":"https:\/\/www.salgadonoticias.com\/?p=33485","title":{"rendered":"Imprescriptibilidad de delitos contra menores Aplica a todos los procesos Penales..\u2026!!!"},"content":{"rendered":"<p>Views: 7<\/p>\n<p>.<\/p>\n\n\n\n<p>Este <mark style=\"background-color:rgba(0, 0, 0, 0);color:#853903\" class=\"has-inline-color\"><strong>ANTEDECENTE<\/strong> <\/mark><\/p>\n\n\n\n<p><mark style=\"background-color:rgba(0, 0, 0, 0);color:#853903\" class=\"has-inline-color\"><strong>Surge <\/strong><\/mark><mark style=\"background-color:rgba(0, 0, 0, 0)\" class=\"has-inline-color has-black-color\">despu\u00e9s de que, <em><u>Tribunales Colegiados de Circuito<\/u><\/em> sostuvieron<\/mark><mark style=\"background-color:rgba(0, 0, 0, 0);color:#853903\" class=\"has-inline-color\"> <strong>criterios diferentes<\/strong><\/mark><mark style=\"background-color:rgba(0, 0, 0, 0)\" class=\"has-inline-color has-black-color\"> al analizar si la<\/mark><mark style=\"background-color:rgba(0, 0, 0, 0);color:#853903\" class=\"has-inline-color\"> <strong>norma<\/strong> <\/mark><mark style=\"background-color:rgba(0, 0, 0, 0)\" class=\"has-inline-color has-black-color\">que establece que<\/mark><mark style=\"background-color:rgba(0, 0, 0, 0);color:#853903\" class=\"has-inline-color\"> <strong>NO podr\u00e1 declararse<\/strong> <\/mark><mark style=\"background-color:rgba(0, 0, 0, 0)\" class=\"has-inline-color has-black-color\">la<\/mark><mark style=\"background-color:rgba(0, 0, 0, 0);color:#853903\" class=\"has-inline-color\"> <strong>caducidad<\/strong> <\/mark><mark style=\"background-color:rgba(0, 0, 0, 0)\" class=\"has-inline-color has-black-color\">ni la<\/mark><mark style=\"background-color:rgba(0, 0, 0, 0);color:#853903\" class=\"has-inline-color\"> <strong>PRESCRIPCI\u00d3N<\/strong> <\/mark><mark style=\"background-color:rgba(0, 0, 0, 0)\" class=\"has-inline-color has-black-color\">en <em><u>perjuicio<\/u><\/em> de<\/mark><mark style=\"background-color:rgba(0, 0, 0, 0);color:#853903\" class=\"has-inline-color\"> <strong>ni\u00f1as, ni\u00f1os y adolescentes<\/strong> <\/mark><mark style=\"background-color:rgba(0, 0, 0, 0)\" class=\"has-inline-color has-black-color\">IMPIDE la<\/mark><mark style=\"background-color:rgba(0, 0, 0, 0);color:#853903\" class=\"has-inline-color\"> <strong>extinci\u00f3n de la acci\u00f3n penal<\/strong> <\/mark><mark style=\"background-color:rgba(0, 0, 0, 0)\" class=\"has-inline-color has-black-color\">en<\/mark><mark style=\"background-color:rgba(0, 0, 0, 0);color:#853903\" class=\"has-inline-color\"> <strong>todos los delitos<\/strong>,<\/mark><mark style=\"background-color:rgba(0, 0, 0, 0)\" class=\"has-inline-color has-black-color\"> o si su <em><u>aplicaci\u00f3n se limita<\/u><\/em> a<\/mark><mark style=\"background-color:rgba(0, 0, 0, 0);color:#853903\" class=\"has-inline-color\"> <strong>procedimientos civiles o administrativos<\/strong>, <\/mark><mark style=\"background-color:rgba(0, 0, 0, 0)\" class=\"has-inline-color has-black-color\">dejando la<\/mark><mark style=\"background-color:rgba(0, 0, 0, 0);color:#853903\" class=\"has-inline-color\"> <strong>prescripci\u00f3n penal<\/strong> <\/mark><mark style=\"background-color:rgba(0, 0, 0, 0)\" class=\"has-inline-color has-black-color\">sujeta a la<\/mark><mark style=\"background-color:rgba(0, 0, 0, 0);color:#853903\" class=\"has-inline-color\"> <strong>legislaci\u00f3n local<\/strong>.<\/mark><\/p>\n\n\n\n<p>.<\/p>\n\n\n\n<p>La&nbsp;<strong><mark style=\"background-color:rgba(0, 0, 0, 0);color:#03016e\" class=\"has-inline-color\">Suprema Corte de Justicia<\/mark><\/strong>, a trav\u00e9s del&nbsp;Tribunal Colegiado de Circuito <strong><mark style=\"background-color:rgba(0, 0, 0, 0);color:#7b0303\" class=\"has-inline-color\">DETERMIN\u00d3<\/mark> <\/strong>que, la <mark style=\"background-color:#c1f694\" class=\"has-inline-color\"><strong>Imprescriptibilidad<\/strong> del <strong>art. 106<\/strong> de la <em><u>Ley de Derechos de Ni\u00f1as, Ni\u00f1os y Adolescentes<\/u><\/em> <strong>APLICA<\/strong> a <strong>procesos penales<\/strong> cuando las <strong>v\u00edctimas<\/strong> son de este <strong>grupo vulnerable<\/strong><\/mark>.<\/p>\n\n\n\n<p>.<\/p>\n\n\n\n<p>La <strong>justificaci\u00f3n <\/strong>de la <strong><mark style=\"background-color:rgba(0, 0, 0, 0);color:#060374\" class=\"has-inline-color\">SCJN<\/mark><\/strong> es que, conforme a la <mark style=\"background-color:rgba(0, 0, 0, 0);color:#890436\" class=\"has-inline-color\"><strong>jurisprudencia<\/strong> el <strong>principio del inter\u00e9s superior de la ni\u00f1ez<\/strong><\/mark> se configura como:<\/p>\n\n\n\n<ol start=\"1\">\n<li><strong><mark style=\"background-color:#d4e7f7\" class=\"has-inline-color\">Derecho sustantivo<\/mark><\/strong>;<\/li>\n\n\n\n<li><strong><mark style=\"background-color:#f2c7a9\" class=\"has-inline-color\">Principio jur\u00eddico interpretativo fundamental<\/mark><\/strong>; y<\/li>\n\n\n\n<li><mark style=\"background-color:#ccea99\" class=\"has-inline-color\"><strong>Norma de procedimiento<\/strong>.<\/mark><\/li>\n<\/ol>\n\n\n\n<p>Esto \u00faltimo permite <mark style=\"background-color:rgba(0, 0, 0, 0);color:#870531\" class=\"has-inline-color\"><strong>flexibilizar normas procesales<\/strong> <\/mark><mark style=\"background-color:rgba(0, 0, 0, 0)\" class=\"has-inline-color has-black-color\">tales como <\/mark><mark style=\"background-color:rgba(0, 0, 0, 0);color:#870531\" class=\"has-inline-color\"><strong>plazos<\/strong>, <strong>caducidad<\/strong> o <strong>cosa juzgada<\/strong><\/mark><mark style=\"background-color:rgba(0, 0, 0, 0)\" class=\"has-inline-color has-black-color\"> ya que esto si <em><u>afecta desproporcionadamente<\/u><\/em><\/mark><mark style=\"background-color:rgba(0, 0, 0, 0);color:#870531\" class=\"has-inline-color\"> los <strong>derechos de ni\u00f1as, ni\u00f1os y adolescentes<\/strong><\/mark>, <em><u>SIN imponer<\/u><\/em> cargas indebidas ni afectar la eficacia judicial.<\/p>\n\n\n\n<p>Lo anterior se respaldada en:<\/p>\n\n\n\n<p><mark style=\"background-color:#c79fed\" class=\"has-inline-color\">a) <strong>Principio pro persona<\/strong> y obligaci\u00f3n de interpretaci\u00f3n m\u00e1s favorable, integrando <strong>tratados internacionales<\/strong>;<\/mark><\/p>\n\n\n\n<p><mark style=\"background-color:#b6e051\" class=\"has-inline-color\">b) <strong>Inter\u00e9s superior de la ni\u00f1ez<\/strong> como criterio rector en todas las decisiones del Estado;<\/mark><\/p>\n\n\n\n<p><mark style=\"background-color:#cfb0ec\" class=\"has-inline-color\">c) Obligaci\u00f3n de garantizar <strong>protecci\u00f3n especial<\/strong> y <strong>acceso efectivo a la justicia<\/strong>;<\/mark><\/p>\n\n\n\n<p><mark style=\"background-color:#d0fc8d\" class=\"has-inline-color\">d) Priorizaci\u00f3n del <strong>inter\u00e9s superior de la ni\u00f1ez<\/strong> en decisiones judiciales y administrativas.<\/mark><\/p>\n\n\n\n<p>As\u00ed, la <em><u>Primera Sala<\/u><\/em> en el<mark style=\"background-color:rgba(0, 0, 0, 0);color:#8f0240\" class=\"has-inline-color\"> <strong>amparo directo 16\/2024<\/strong> <\/mark><mark style=\"background-color:rgba(0, 0, 0, 0)\" class=\"has-inline-color has-black-color\">(tesis 1a. XIV\/2025) interpret\u00f3 el <\/mark><mark style=\"background-color:rgba(0, 0, 0, 0);color:#8f0240\" class=\"has-inline-color\"><strong>art\u00edculo 106<\/strong> <\/mark><mark style=\"background-color:rgba(0, 0, 0, 0)\" class=\"has-inline-color has-black-color\">como<\/mark><mark style=\"background-color:rgba(0, 0, 0, 0);color:#8f0240\" class=\"has-inline-color\"> <strong>norma procedimental<\/strong> <\/mark><mark style=\"background-color:rgba(0, 0, 0, 0)\" class=\"has-inline-color has-black-color\">APLICABLE a<\/mark><mark style=\"background-color:rgba(0, 0, 0, 0);color:#8f0240\" class=\"has-inline-color\"> <strong>todos los procedimientos<\/strong>,<\/mark><mark style=\"background-color:rgba(0, 0, 0, 0)\" class=\"has-inline-color has-black-color\"> incluidos los<\/mark><mark style=\"background-color:rgba(0, 0, 0, 0);color:#8f0240\" class=\"has-inline-color\"> <strong>penales<\/strong>, <\/mark><mark style=\"background-color:rgba(0, 0, 0, 0)\" class=\"has-inline-color has-black-color\">para evitar interpretaciones restrictivas. Este criterio se armoniza con el<\/mark><mark style=\"background-color:rgba(0, 0, 0, 0);color:#8f0240\" class=\"has-inline-color\"> <strong>principio de progresividad<\/strong> <\/mark><mark style=\"background-color:rgba(0, 0, 0, 0)\" class=\"has-inline-color has-black-color\">y <em><u>reformas al C\u00f3digo Penal de la CDMX<\/u><\/em> que <em><u>incorporaron<\/u><\/em> la<\/mark><mark style=\"background-color:rgba(0, 0, 0, 0);color:#8f0240\" class=\"has-inline-color\"> <strong>imprescriptibilidad<\/strong> <\/mark><mark style=\"background-color:rgba(0, 0, 0, 0)\" class=\"has-inline-color has-black-color\">de<\/mark><mark style=\"background-color:rgba(0, 0, 0, 0);color:#8f0240\" class=\"has-inline-color\"> <strong>delitos sexuales<\/strong> <\/mark><mark style=\"background-color:rgba(0, 0, 0, 0)\" class=\"has-inline-color has-black-color\">contra<\/mark><mark style=\"background-color:rgba(0, 0, 0, 0);color:#8f0240\" class=\"has-inline-color\"> <strong>menores<\/strong>, <\/mark><em><u>aplicable a cualquier delito que los afecte<\/u><\/em>.<\/p>\n\n\n\n<p>Por lo tanto, el art\u00edculo en menci\u00f3n <mark style=\"background-color:rgba(0, 0, 0, 0)\" class=\"has-inline-color has-black-color\">OPERA como <\/mark><mark style=\"background-color:rgba(0, 0, 0, 0);color:#73054c\" class=\"has-inline-color\"><strong>norma de orden p\u00fablico<\/strong> y de <strong>aplicaci\u00f3n general<\/strong>, <\/mark><mark style=\"background-color:rgba(0, 0, 0, 0)\" class=\"has-inline-color has-black-color\"><em><u>impidiendo declarar prescrita<\/u><\/em> la<\/mark><mark style=\"background-color:rgba(0, 0, 0, 0);color:#73054c\" class=\"has-inline-color\"> <strong>acci\u00f3n penal<\/strong> <\/mark><mark style=\"background-color:rgba(0, 0, 0, 0)\" class=\"has-inline-color has-black-color\">en perjuicio de este <\/mark><mark style=\"background-color:rgba(0, 0, 0, 0);color:#73054c\" class=\"has-inline-color\"><strong>grupo vulnerable<\/strong>, <\/mark><mark style=\"background-color:rgba(0, 0, 0, 0)\" class=\"has-inline-color has-black-color\">asegurando la <\/mark><mark style=\"background-color:rgba(0, 0, 0, 0);color:#73054c\" class=\"has-inline-color\"><strong>tutela efectiva<\/strong> y la <strong>sanci\u00f3n de los responsables<\/strong>,<\/mark><mark style=\"background-color:rgba(0, 0, 0, 0)\" class=\"has-inline-color has-black-color\"> conforme a los principios de <\/mark><mark style=\"background-color:rgba(0, 0, 0, 0);color:#73054c\" class=\"has-inline-color\"><strong>progresividad<\/strong>, <strong>pro persona<\/strong> y <strong>inter\u00e9s superior de la ni\u00f1ez<\/strong>.<\/mark><\/p>\n\n\n\n<p>.<\/p>\n\n\n\n<p>Estas <strong><mark style=\"background-color:#bddbf4\" class=\"has-inline-color\">RESOLUCI\u00d3N <\/mark><\/strong>es de <strong>aplicaci\u00f3n<\/strong> <strong><mark style=\"background-color:rgba(0, 0, 0, 0);color:#830202\" class=\"has-inline-color\">OBLIGATORIA<\/mark> <\/strong>en todo el pa\u00eds a partir de esta semana<strong>.<\/strong><\/p>\n\n\n\n<p><strong><mark style=\"background-color:rgba(0, 0, 0, 0);color:#076ca6\" class=\"has-inline-color\">Jurisprudencia PENAL<\/mark><\/strong><\/p>\n\n\n\n<p class=\"has-small-font-size\"><strong>Registro digital<\/strong>: \u00a02031463<\/p>\n\n\n\n<p>.<\/p>\n\n\n\n<p class=\"wp-embed-aspect-16-9 wp-has-aspect-ratio\">Si estas en el <strong><mark style=\"background-color:rgba(0, 0, 0, 0)\" class=\"has-inline-color has-vivid-red-color\">Extranjero <\/mark><\/strong>nosotros somos tu <strong><mark style=\"background-color:rgba(0, 0, 0, 0)\" class=\"has-inline-color has-vivid-green-cyan-color\">mejor<\/mark><\/strong> alternativa para <strong><mark style=\"background-color:rgba(0, 0, 0, 0)\" class=\"has-inline-color has-luminous-vivid-orange-color\">velar<\/mark><\/strong> por tus <strong><mark style=\"background-color:rgba(0, 0, 0, 0)\" class=\"has-inline-color has-vivid-cyan-blue-color\">intereses<\/mark><\/strong>, escr\u00edbenos o ll\u00e1manos al Tel <strong>55581-11311<\/strong>.<\/p>\n\n\n\n<p class=\"wp-embed-aspect-16-9 wp-has-aspect-ratio\">.<\/p>\n\n\n\n<p class=\"wp-embed-aspect-16-9 wp-has-aspect-ratio\">Cuando<strong> necesites<\/strong> ayuda, <strong>asistencia<\/strong> o <strong>planeaci\u00f3n<\/strong> legal, <strong>solicita<\/strong> <strong>Cita Privada<\/strong> <a href=\"mailto:bi@sm99.mx\" target=\"_blank\" rel=\"noreferrer noopener\"><strong>Aqu\u00ed<\/strong><\/a><\/p>\n\n\n\n<p class=\"wp-embed-aspect-16-9 wp-has-aspect-ratio\">La informaci\u00f3n que AQU\u00cd te presentamos <strong>deriva<\/strong> de los <strong>Peri\u00f3dicos Oficiales <\/strong>de la<strong> CdMx<\/strong>, <strong>Estado<\/strong> de Mex., Diario <strong>Oficial<\/strong> de la Federaci\u00f3n, Suprema Corte de<strong> Justicia<\/strong> de la Naci\u00f3n, por lo tanto es de <strong>aplicaci\u00f3n OBLIGATORIA<\/strong><\/p>\n\n\n\n<p class=\"wp-embed-aspect-16-9 wp-has-aspect-ratio\">.<\/p>\n","protected":false},"excerpt":{"rendered":"<p>Views: 7 . Este ANTEDECENTE Surge despu\u00e9s de que, Tribunales Colegiados de Circuito sostuvieron criterios diferentes al analizar si la norma que establece que NO podr\u00e1 declararse la caducidad ni la PRESCRIPCI\u00d3N en perjuicio de ni\u00f1as, ni\u00f1os y adolescentes IMPIDE la extinci\u00f3n de la acci\u00f3n penal en todos los delitos, o si su aplicaci\u00f3n se [&hellip;]<\/p>\n","protected":false},"author":3,"featured_media":33486,"comment_status":"closed","ping_status":"open","sticky":false,"template":"","format":"standard","meta":{"_jetpack_memberships_contains_paid_content":false,"footnotes":""},"categories":[4],"tags":[],"jetpack_sharing_enabled":true,"jetpack_featured_media_url":"https:\/\/www.salgadonoticias.com\/wp-content\/uploads\/2025\/11\/prescripcion-delitos-sexuales.webp","_links":{"self":[{"href":"https:\/\/www.salgadonoticias.com\/index.php?rest_route=\/wp\/v2\/posts\/33485"}],"collection":[{"href":"https:\/\/www.salgadonoticias.com\/index.php?rest_route=\/wp\/v2\/posts"}],"about":[{"href":"https:\/\/www.salgadonoticias.com\/index.php?rest_route=\/wp\/v2\/types\/post"}],"author":[{"embeddable":true,"href":"https:\/\/www.salgadonoticias.com\/index.php?rest_route=\/wp\/v2\/users\/3"}],"replies":[{"embeddable":true,"href":"https:\/\/www.salgadonoticias.com\/index.php?rest_route=%2Fwp%2Fv2%2Fcomments&post=33485"}],"version-history":[{"count":4,"href":"https:\/\/www.salgadonoticias.com\/index.php?rest_route=\/wp\/v2\/posts\/33485\/revisions"}],"predecessor-version":[{"id":33492,"href":"https:\/\/www.salgadonoticias.com\/index.php?rest_route=\/wp\/v2\/posts\/33485\/revisions\/33492"}],"wp:featuredmedia":[{"embeddable":true,"href":"https:\/\/www.salgadonoticias.com\/index.php?rest_route=\/wp\/v2\/media\/33486"}],"wp:attachment":[{"href":"https:\/\/www.salgadonoticias.com\/index.php?rest_route=%2Fwp%2Fv2%2Fmedia&parent=33485"}],"wp:term":[{"taxonomy":"category","embeddable":true,"href":"https:\/\/www.salgadonoticias.com\/index.php?rest_route=%2Fwp%2Fv2%2Fcategories&post=33485"},{"taxonomy":"post_tag","embeddable":true,"href":"https:\/\/www.salgadonoticias.com\/index.php?rest_route=%2Fwp%2Fv2%2Ftags&post=33485"}],"curies":[{"name":"wp","href":"https:\/\/api.w.org\/{rel}","templated":true}]}}