{"id":33493,"date":"2025-11-18T00:46:00","date_gmt":"2025-11-18T06:46:00","guid":{"rendered":"https:\/\/www.salgadonoticias.com\/?p=33493"},"modified":"2025-11-18T10:32:27","modified_gmt":"2025-11-18T16:32:27","slug":"pension-por-riesgoinaplicable-el-articulo-61-en-juicios-laborales","status":"publish","type":"post","link":"https:\/\/www.salgadonoticias.com\/?p=33493","title":{"rendered":"Cuando se RECLAMA una pensi\u00f3n por RIESGO de Trabajo, esta debe Solicitarse DIRECTAMENTE ante el IMSS \u2026!!!"},"content":{"rendered":"<p>Views: 5<\/p>\n<p>.<\/p>\n\n\n\n<p>Este <strong><mark style=\"background-color:rgba(0, 0, 0, 0);color:#b64d03\" class=\"has-inline-color\">ANTEDECENTE<\/mark><\/strong><\/p>\n\n\n\n<p><mark style=\"background-color:rgba(0, 0, 0, 0);color:#b55008\" class=\"has-inline-color\"><strong>Surge <\/strong>despu\u00e9s de que, <strong>Tribunales <\/strong><\/mark><mark style=\"background-color:rgba(0, 0, 0, 0)\" class=\"has-inline-color has-black-color\">Colegiados de Circuito sostuvieron <\/mark><mark style=\"background-color:rgba(0, 0, 0, 0);color:#b55008\" class=\"has-inline-color\"><strong>criterios <\/strong><\/mark><strong><mark style=\"background-color:#f78da7;color:#b55008\" class=\"has-inline-color\">opuestos<\/mark><\/strong><mark style=\"background-color:rgba(0, 0, 0, 0);color:#b55008\" class=\"has-inline-color\"> <\/mark><mark style=\"background-color:rgba(0, 0, 0, 0)\" class=\"has-inline-color has-black-color\">despu\u00e9s de analizar <em><u>si aplica<\/u><\/em> el <\/mark><mark style=\"background-color:rgba(0, 0, 0, 0);color:#b55008\" class=\"has-inline-color\"><strong>art. 61<\/strong><\/mark><mark style=\"background-color:rgba(0, 0, 0, 0)\" class=\"has-inline-color has-black-color\"> de la Ley del Seguro Social cuando una<\/mark><mark style=\"background-color:rgba(0, 0, 0, 0);color:#b55008\" class=\"has-inline-color\"> <strong>persona trabajadora<\/strong> <\/mark><mark style=\"background-color:rgba(0, 0, 0, 0)\" class=\"has-inline-color has-black-color\">SOLICITA una <\/mark><mark style=\"background-color:rgba(0, 0, 0, 0);color:#b55008\" class=\"has-inline-color\"><strong>pensi\u00f3n por riesgo de trabajo<\/strong> ante un <strong>Tribunal Laboral<\/strong><\/mark>.<\/p>\n\n\n\n<p>.<\/p>\n\n\n\n<p>La <strong><mark style=\"background-color:rgba(0, 0, 0, 0);color:#18038a\" class=\"has-inline-color\">Suprema Corte de Justicia<\/mark> <\/strong>ante lo anterior <strong><mark style=\"background-color:rgba(0, 0, 0, 0);color:#7e0202\" class=\"has-inline-color\">DETERMIN\u00d3<\/mark> <\/strong>que, es <mark style=\"background-color:#fdd464\" class=\"has-inline-color\"><strong>inaplicable<\/strong> el <strong>art\u00edculo 61<\/strong> de la Ley cuando una <strong>persona trabajadora<\/strong> RECLAMA una <strong>pensi\u00f3n por riesgo de trabajo<\/strong> ante un <strong>Tribunal Laboral<\/strong>.<\/mark><\/p>\n\n\n\n<p>.<\/p>\n\n\n\n<p>La <strong>justificaci\u00f3n <\/strong>de la <strong><mark style=\"background-color:rgba(0, 0, 0, 0);color:#290580\" class=\"has-inline-color\">SCJN<\/mark><\/strong> es que La <mark style=\"background-color:rgba(0, 0, 0, 0);color:#03881b\" class=\"has-inline-color\"><strong>Ley del Seguro Social<\/strong> <\/mark><mark style=\"background-color:rgba(0, 0, 0, 0)\" class=\"has-inline-color has-black-color\">desarrolla los<\/mark><mark style=\"background-color:rgba(0, 0, 0, 0);color:#03881b\" class=\"has-inline-color\"> <strong>principios de seguridad social<\/strong> <\/mark><mark style=\"background-color:rgba(0, 0, 0, 0)\" class=\"has-inline-color has-black-color\">del<\/mark><mark style=\"background-color:rgba(0, 0, 0, 0);color:#03881b\" class=\"has-inline-color\"> <strong>art\u00edculo 123 constitucional<\/strong>,<\/mark><mark style=\"background-color:rgba(0, 0, 0, 0)\" class=\"has-inline-color has-black-color\"> garantizando un<\/mark><mark style=\"background-color:rgba(0, 0, 0, 0);color:#03881b\" class=\"has-inline-color\"> <strong>sistema de protecci\u00f3n<\/strong> <\/mark><mark style=\"background-color:rgba(0, 0, 0, 0)\" class=\"has-inline-color has-black-color\">para las<\/mark><mark style=\"background-color:rgba(0, 0, 0, 0);color:#03881b\" class=\"has-inline-color\"> <strong>personas trabajadoras<\/strong> <\/mark><mark style=\"background-color:rgba(0, 0, 0, 0)\" class=\"has-inline-color has-black-color\">contra<\/mark><mark style=\"background-color:rgba(0, 0, 0, 0);color:#03881b\" class=\"has-inline-color\"> <strong>riesgos de trabajo<\/strong>, <strong>enfermedades<\/strong>, <strong>accidentes<\/strong>, <strong>cesant\u00eda<\/strong>, <strong>vejez<\/strong> e <strong>invalidez<\/strong>,<\/mark><mark style=\"background-color:rgba(0, 0, 0, 0)\" class=\"has-inline-color has-black-color\"> as\u00ed como <\/mark><mark style=\"background-color:rgba(0, 0, 0, 0);color:#03881b\" class=\"has-inline-color\"><strong>retiro digno<\/strong>, <strong>atenci\u00f3n m\u00e9dica<\/strong> y <strong>guarder\u00edas<\/strong> <\/mark><mark style=\"background-color:rgba(0, 0, 0, 0)\" class=\"has-inline-color has-black-color\">para su bienestar. <\/mark><\/p>\n\n\n\n<p><mark style=\"background-color:rgba(0, 0, 0, 0)\" class=\"has-inline-color has-black-color\">Cuando una<\/mark><mark style=\"background-color:rgba(0, 0, 0, 0);color:#03881b\" class=\"has-inline-color\"> <strong>persona trabajadora<\/strong> <\/mark><mark style=\"background-color:rgba(0, 0, 0, 0)\" class=\"has-inline-color has-black-color\">sufre un<\/mark><mark style=\"background-color:rgba(0, 0, 0, 0);color:#03881b\" class=\"has-inline-color\"> <strong>riesgo de trabajo<\/strong><\/mark><mark style=\"background-color:rgba(0, 0, 0, 0)\" class=\"has-inline-color has-black-color\"> (accidente o enfermedad profesional), se aplica e<\/mark><mark style=\"background-color:rgba(0, 0, 0, 0);color:#03881b\" class=\"has-inline-color\">l <strong>seguro de riesgos del IMSS<\/strong>, <\/mark><mark style=\"background-color:rgba(0, 0, 0, 0)\" class=\"has-inline-color has-black-color\">que otorga<\/mark><mark style=\"background-color:rgba(0, 0, 0, 0);color:#03881b\" class=\"has-inline-color\"> <strong>beneficios en especie y dinero<\/strong>. <\/mark><\/p>\n\n\n\n<p><mark style=\"background-color:rgba(0, 0, 0, 0)\" class=\"has-inline-color has-black-color\">Si no recupera su salud y no puede volver a laborar, debe<\/mark><mark style=\"background-color:rgba(0, 0, 0, 0);color:#03881b\" class=\"has-inline-color\"> <strong>tramitar una pensi\u00f3n por incapacidad<\/strong>, <\/mark><mark style=\"background-color:rgba(0, 0, 0, 0)\" class=\"has-inline-color has-black-color\">que puede ser<\/mark><mark style=\"background-color:rgba(0, 0, 0, 0);color:#03881b\" class=\"has-inline-color\"> <strong>permanente parcial<\/strong> o <strong>permanente total<\/strong>. <\/mark><\/p>\n\n\n\n<p><mark style=\"background-color:rgba(0, 0, 0, 0)\" class=\"has-inline-color has-black-color\">La<\/mark><mark style=\"background-color:rgba(0, 0, 0, 0);color:#03881b\" class=\"has-inline-color\"> <strong>Segunda Sala de la SCJN<\/strong>,<\/mark><mark style=\"background-color:rgba(0, 0, 0, 0)\" class=\"has-inline-color has-black-color\"> en el<\/mark><mark style=\"background-color:rgba(0, 0, 0, 0);color:#03881b\" class=\"has-inline-color\"> <strong>amparo directo 29\/2022<\/strong>,<\/mark><mark style=\"background-color:rgba(0, 0, 0, 0)\" class=\"has-inline-color has-black-color\"> defini\u00f3 que<\/mark><mark style=\"background-color:rgba(0, 0, 0, 0);color:#03881b\" class=\"has-inline-color\"> <\/mark><mark style=\"background-color:rgba(0, 0, 0, 0)\" class=\"has-inline-color has-black-color\">la <\/mark><mark style=\"background-color:rgba(0, 0, 0, 0);color:#03881b\" class=\"has-inline-color\"><strong>pensi\u00f3n<\/strong> <\/mark><mark style=\"background-color:rgba(0, 0, 0, 0)\" class=\"has-inline-color has-black-color\">debe solicitarse <\/mark><mark style=\"background-color:rgba(0, 0, 0, 0);color:#03881b\" class=\"has-inline-color\"><strong>directamente ante el IMSS<\/strong> <\/mark><mark style=\"background-color:rgba(0, 0, 0, 0)\" class=\"has-inline-color has-black-color\">y, en caso de inconformidad, impugnarse por<\/mark><mark style=\"background-color:rgba(0, 0, 0, 0);color:#03881b\" class=\"has-inline-color\"> <strong>v\u00eda administrativa<\/strong><\/mark><mark style=\"background-color:rgba(0, 0, 0, 0)\" class=\"has-inline-color has-black-color\"> o <\/mark><mark style=\"background-color:rgba(0, 0, 0, 0);color:#03881b\" class=\"has-inline-color\"><strong>jurisdiccional<\/strong> ante <strong>Tribunales Laborales Federales<\/strong>.<\/mark><mark style=\"background-color:rgba(0, 0, 0, 0)\" class=\"has-inline-color has-black-color\"> <\/mark><\/p>\n\n\n\n<p><mark style=\"background-color:rgba(0, 0, 0, 0)\" class=\"has-inline-color has-black-color\">El<\/mark><mark style=\"background-color:rgba(0, 0, 0, 0);color:#03881b\" class=\"has-inline-color\"> <strong>art\u00edculo 61<\/strong> <\/mark><mark style=\"background-color:rgba(0, 0, 0, 0)\" class=\"has-inline-color has-black-color\">es<\/mark><mark style=\"background-color:rgba(0, 0, 0, 0);color:#03881b\" class=\"has-inline-color\"> <strong>inaplicable<\/strong> <\/mark><mark style=\"background-color:rgba(0, 0, 0, 0)\" class=\"has-inline-color has-black-color\">en sede judicial, pues solo rige tr\u00e1mites ante el IMSS. <\/mark><\/p>\n\n\n\n<p><mark style=\"background-color:rgba(0, 0, 0, 0)\" class=\"has-inline-color has-black-color\">Aplicarlo en juicios laborales vulnerar\u00eda la<\/mark><mark style=\"background-color:rgba(0, 0, 0, 0);color:#03881b\" class=\"has-inline-color\"> <strong>cosa juzgada<\/strong> <\/mark><mark style=\"background-color:rgba(0, 0, 0, 0)\" class=\"has-inline-color has-black-color\">y la<\/mark><mark style=\"background-color:rgba(0, 0, 0, 0);color:#03881b\" class=\"has-inline-color\"> <strong>seguridad jur\u00eddica<\/strong>.<\/mark><\/p>\n\n\n\n<p>.<\/p>\n\n\n\n<p>Estas <strong><mark style=\"background-color:#d1adf2\" class=\"has-inline-color\">RESOLUCI\u00d3N<\/mark><mark style=\"background-color:#ffffff\" class=\"has-inline-color\"> <\/mark><\/strong>es de <strong>aplicaci\u00f3n<\/strong> <strong><mark style=\"background-color:rgba(0, 0, 0, 0);color:#830202\" class=\"has-inline-color\">OBLIGATORIA<\/mark> <\/strong>en todo el pa\u00eds a partir de esta semana<strong>.<\/strong><\/p>\n\n\n\n<p><strong><mark style=\"background-color:rgba(0, 0, 0, 0);color:#360367\" class=\"has-inline-color\">Jurisprudencia LABORAL<\/mark><\/strong><\/p>\n\n\n\n<p class=\"has-small-font-size\"><strong>Registro digital<\/strong>: &nbsp;2031472<\/p>\n\n\n\n<p>.<\/p>\n\n\n\n<p class=\"wp-embed-aspect-16-9 wp-has-aspect-ratio\">Si estas en el <strong><mark style=\"background-color:rgba(0, 0, 0, 0)\" class=\"has-inline-color has-vivid-red-color\">Extranjero <\/mark><\/strong>nosotros somos tu <strong><mark style=\"background-color:rgba(0, 0, 0, 0)\" class=\"has-inline-color has-vivid-green-cyan-color\">mejor<\/mark><\/strong> alternativa para <strong><mark style=\"background-color:rgba(0, 0, 0, 0)\" class=\"has-inline-color has-luminous-vivid-orange-color\">velar<\/mark><\/strong> por tus <strong><mark style=\"background-color:rgba(0, 0, 0, 0)\" class=\"has-inline-color has-vivid-cyan-blue-color\">intereses<\/mark><\/strong>, escr\u00edbenos o ll\u00e1manos al Tel <strong>55581-11311<\/strong>.<\/p>\n\n\n\n<p class=\"wp-embed-aspect-16-9 wp-has-aspect-ratio\">.<\/p>\n\n\n\n<p class=\"wp-embed-aspect-16-9 wp-has-aspect-ratio\">Cuando<strong> necesites<\/strong> ayuda, <strong>asistencia<\/strong> o <strong>planeaci\u00f3n<\/strong> legal, <strong>solicita<\/strong> <strong>Cita Privada<\/strong> <a href=\"mailto:bi@sm99.mx\" target=\"_blank\" rel=\"noreferrer noopener\"><strong>Aqu\u00ed<\/strong><\/a><\/p>\n\n\n\n<p class=\"wp-embed-aspect-16-9 wp-has-aspect-ratio\">La informaci\u00f3n que AQU\u00cd te presentamos <strong>deriva<\/strong> de los <strong>Peri\u00f3dicos Oficiales <\/strong>de la<strong> CdMx<\/strong>, <strong>Estado<\/strong> de Mex., Diario <strong>Oficial<\/strong> de la Federaci\u00f3n, Suprema Corte de<strong> Justicia<\/strong> de la Naci\u00f3n, por lo tanto es de <strong>aplicaci\u00f3n OBLIGATORIA<\/strong><\/p>\n","protected":false},"excerpt":{"rendered":"<p>Views: 5 . Este ANTEDECENTE Surge despu\u00e9s de que, Tribunales Colegiados de Circuito sostuvieron criterios opuestos despu\u00e9s de analizar si aplica el art. 61 de la Ley del Seguro Social cuando una persona trabajadora SOLICITA una pensi\u00f3n por riesgo de trabajo ante un Tribunal Laboral. . La Suprema Corte de Justicia ante lo anterior DETERMIN\u00d3 [&hellip;]<\/p>\n","protected":false},"author":3,"featured_media":33495,"comment_status":"closed","ping_status":"open","sticky":false,"template":"","format":"standard","meta":{"_jetpack_memberships_contains_paid_content":false,"footnotes":""},"categories":[4],"tags":[],"jetpack_sharing_enabled":true,"jetpack_featured_media_url":"https:\/\/www.salgadonoticias.com\/wp-content\/uploads\/2025\/11\/IMG_95ae68e34678cbe02f499056a2a814b0_original.webp","_links":{"self":[{"href":"https:\/\/www.salgadonoticias.com\/index.php?rest_route=\/wp\/v2\/posts\/33493"}],"collection":[{"href":"https:\/\/www.salgadonoticias.com\/index.php?rest_route=\/wp\/v2\/posts"}],"about":[{"href":"https:\/\/www.salgadonoticias.com\/index.php?rest_route=\/wp\/v2\/types\/post"}],"author":[{"embeddable":true,"href":"https:\/\/www.salgadonoticias.com\/index.php?rest_route=\/wp\/v2\/users\/3"}],"replies":[{"embeddable":true,"href":"https:\/\/www.salgadonoticias.com\/index.php?rest_route=%2Fwp%2Fv2%2Fcomments&post=33493"}],"version-history":[{"count":4,"href":"https:\/\/www.salgadonoticias.com\/index.php?rest_route=\/wp\/v2\/posts\/33493\/revisions"}],"predecessor-version":[{"id":33504,"href":"https:\/\/www.salgadonoticias.com\/index.php?rest_route=\/wp\/v2\/posts\/33493\/revisions\/33504"}],"wp:featuredmedia":[{"embeddable":true,"href":"https:\/\/www.salgadonoticias.com\/index.php?rest_route=\/wp\/v2\/media\/33495"}],"wp:attachment":[{"href":"https:\/\/www.salgadonoticias.com\/index.php?rest_route=%2Fwp%2Fv2%2Fmedia&parent=33493"}],"wp:term":[{"taxonomy":"category","embeddable":true,"href":"https:\/\/www.salgadonoticias.com\/index.php?rest_route=%2Fwp%2Fv2%2Fcategories&post=33493"},{"taxonomy":"post_tag","embeddable":true,"href":"https:\/\/www.salgadonoticias.com\/index.php?rest_route=%2Fwp%2Fv2%2Ftags&post=33493"}],"curies":[{"name":"wp","href":"https:\/\/api.w.org\/{rel}","templated":true}]}}