{"id":33563,"date":"2025-11-25T00:31:00","date_gmt":"2025-11-25T06:31:00","guid":{"rendered":"https:\/\/www.salgadonoticias.com\/?p=33563"},"modified":"2025-11-26T09:05:34","modified_gmt":"2025-11-26T15:05:34","slug":"33563","status":"publish","type":"post","link":"https:\/\/www.salgadonoticias.com\/?p=33563","title":{"rendered":"Videograbaciones de Audiencias SIN AUTENTICAR en dispositivos digitales NO son Prueba Documental PRIVADA y Carecen de VALOR Probatorio\u2026!!!"},"content":{"rendered":"<p>Views: 5<\/p>\n<p>.<\/p>\n\n\n\n<p>Este<mark style=\"background-color:rgba(0, 0, 0, 0);color:#84034e\" class=\"has-inline-color\"> <strong>ANTEDECENTE<\/strong><\/mark><\/p>\n\n\n\n<p><mark style=\"background-color:rgba(0, 0, 0, 0);color:#91034c\" class=\"has-inline-color\"><strong>Surge<\/strong><\/mark><mark style=\"background-color:rgba(0, 0, 0, 0)\" class=\"has-inline-color has-black-color\"><strong> <\/strong>luego de que, una persona <strong>PROMOVI\u00d3<\/strong> un<\/mark><mark style=\"background-color:rgba(0, 0, 0, 0);color:#91034c\" class=\"has-inline-color\"> <strong>amparo indirecto<\/strong> <\/mark><mark style=\"background-color:rgba(0, 0, 0, 0)\" class=\"has-inline-color has-black-color\">contra la imposici\u00f3n de una medida cautelar y pidi\u00f3 la <\/mark><mark style=\"background-color:rgba(0, 0, 0, 0);color:#91034c\" class=\"has-inline-color\"><strong>suspensi\u00f3n con efectos restitutorios<\/strong>. <\/mark><\/p>\n\n\n\n<p><mark style=\"background-color:rgba(0, 0, 0, 0)\" class=\"has-inline-color has-black-color\"><em><u>Como prueba, ofreci\u00f3 un dispositivo con grabaciones de la audiencia donde se dict\u00f3 el acto reclamado<\/u><\/em>. <\/mark><\/p>\n\n\n\n<p><mark style=\"background-color:rgba(0, 0, 0, 0)\" class=\"has-inline-color has-black-color\">El <\/mark><mark style=\"background-color:rgba(0, 0, 0, 0);color:#91034c\" class=\"has-inline-color\"><strong>Juzgado de Distrito neg\u00f3 la suspensi\u00f3n<\/strong>, <\/mark><mark style=\"background-color:rgba(0, 0, 0, 0)\" class=\"has-inline-color has-black-color\">y la parte quejosa <em><u>interpuso recurso de queja<\/u><\/em>, <\/mark><mark style=\"background-color:rgba(0, 0, 0, 0);color:#91034c\" class=\"has-inline-color\">ALEGANDO <\/mark><mark style=\"background-color:rgba(0, 0, 0, 0)\" class=\"has-inline-color has-black-color\">que<\/mark><mark style=\"background-color:rgba(0, 0, 0, 0);color:#91034c\" class=\"has-inline-color\"> <strong>no se consideraron las videograbaciones presentadas<\/strong>.<\/mark><\/p>\n\n\n\n<p>.<\/p>\n\n\n\n<p>La&nbsp;<strong><mark style=\"background-color:rgba(0, 0, 0, 0);color:#060380\" class=\"has-inline-color\">Suprema Corte de Justicia<\/mark><\/strong>, ante lo anterior <strong><mark style=\"background-color:rgba(0, 0, 0, 0);color:#7e0505\" class=\"has-inline-color\">DETERMIN\u00d3<\/mark> <\/strong>que, las<mark style=\"background-color:rgba(0, 0, 0, 0);color:#d0f78c\" class=\"has-inline-color\"> <\/mark><mark style=\"background-color:#a8f874\" class=\"has-inline-color has-black-color\"><strong>videograbaciones<\/strong> de <em><u>audiencias en procesos penales acusatorios<\/u><\/em>, <strong>almacenadas<\/strong> en <em><u>dispositivos electr\u00f3nicos port\u00e1tiles<\/u><\/em> y <strong>NO autenticadas <\/strong><em><u>por autoridad competente<\/u><\/em>, <strong>NO se consideran una prueba documental privada<\/strong>.<\/mark><\/p>\n\n\n\n<p><strong>.<\/strong><\/p>\n\n\n\n<p>La<mark style=\"background-color:rgba(0, 0, 0, 0);color:#014e32\" class=\"has-inline-color\"> <strong>justificaci\u00f3n <\/strong><\/mark><mark style=\"background-color:rgba(0, 0, 0, 0)\" class=\"has-inline-color has-black-color\">de la <\/mark><strong><mark style=\"background-color:rgba(0, 0, 0, 0);color:#1d0697\" class=\"has-inline-color\">SCJN<\/mark><\/strong><mark style=\"background-color:rgba(0, 0, 0, 0)\" class=\"has-inline-color has-black-color\"> es que, <\/mark><mark style=\"background-color:rgba(0, 0, 0, 0);color:#014e32\" class=\"has-inline-color\"><strong>no se puede atribuir<\/strong><\/mark><mark style=\"background-color:rgba(0, 0, 0, 0)\" class=\"has-inline-color has-black-color\"> a los <em><u>dispositivos electr\u00f3nicos port\u00e1tiles<\/u><\/em> la <\/mark><mark style=\"background-color:rgba(0, 0, 0, 0);color:#014e32\" class=\"has-inline-color\"><strong>naturaleza de documental privada por exclusi\u00f3n<\/strong>, <\/mark><mark style=\"background-color:rgba(0, 0, 0, 0)\" class=\"has-inline-color has-black-color\">SIMPLEMENTE porque <em><u>no re\u00fanen los requisitos legalmente previsto para los documentos p\u00fablicos<\/u><\/em>, esto de conformidad con la legislaci\u00f3n procesal supletoria a la <em><u>Ley de Amparo (art\u00edculos 129, 133 y 136 del C\u00f3digo Federal de Procedimientos Civiles)<\/u><\/em>. <\/mark><\/p>\n\n\n\n<p><mark style=\"background-color:rgba(0, 0, 0, 0)\" class=\"has-inline-color has-black-color\">Lo anterior, porque la<\/mark><mark style=\"background-color:rgba(0, 0, 0, 0);color:#014e32\" class=\"has-inline-color\"> <strong>existencia regular de sellos, firmas u otros signos exteriores sobre la informaci\u00f3n<\/strong> \u2013<\/mark><mark style=\"background-color:rgba(0, 0, 0, 0)\" class=\"has-inline-color has-black-color\">que demuestran la calidad de p\u00fablica\u2013 <em><u>no puede constar en la informaci\u00f3n almacenada<\/u><\/em>, <\/mark><mark style=\"background-color:rgba(0, 0, 0, 0);color:#014e32\" class=\"has-inline-color\"><strong>aunque S\u00cd en la certificaci\u00f3n o constancia de AUTENTICACI\u00d3N<\/strong>.<\/mark><mark style=\"background-color:rgba(0, 0, 0, 0)\" class=\"has-inline-color has-black-color\"> Adem\u00e1s, la regla se\u00f1ala que los <em><u>documentos privados deben presentarse en original<\/u><\/em>,<\/mark><mark style=\"background-color:rgba(0, 0, 0, 0);color:#014e32\" class=\"has-inline-color\"><strong> NO como copias digitales.<\/strong><\/mark><\/p>\n\n\n\n<p>.<\/p>\n\n\n\n<p>.<\/p>\n\n\n\n<p class=\"wp-embed-aspect-16-9 wp-has-aspect-ratio\">Estas <strong><mark style=\"background-color:#b2f39c\" class=\"has-inline-color\">RESOLUCI\u00d3N<\/mark> <\/strong>es de <strong>aplicaci\u00f3n<\/strong> <mark style=\"background-color:rgba(0, 0, 0, 0);color:#d70404\" class=\"has-inline-color\"><strong>OBLIGATORIA<\/strong> <\/mark>en todo el pa\u00eds a partir de esta semana<strong> <\/strong><\/p>\n\n\n\n<p class=\"wp-embed-aspect-16-9 wp-has-aspect-ratio\"><strong><mark style=\"background-color:rgba(0, 0, 0, 0);color:#03422b\" class=\"has-inline-color\">Jurisprudencia PENAL<\/mark><\/strong><\/p>\n\n\n\n<p class=\"has-small-font-size\"><strong>Registro digital<\/strong>: &nbsp;2031513<\/p>\n\n\n\n<p>.<\/p>\n\n\n\n<p class=\"wp-embed-aspect-16-9 wp-has-aspect-ratio\">Si estas en el <strong><mark style=\"background-color:rgba(0, 0, 0, 0)\" class=\"has-inline-color has-vivid-red-color\">Extranjero <\/mark><\/strong>nosotros somos tu <strong><mark style=\"background-color:rgba(0, 0, 0, 0)\" class=\"has-inline-color has-vivid-green-cyan-color\">mejor<\/mark><\/strong> alternativa para <strong><mark style=\"background-color:rgba(0, 0, 0, 0)\" class=\"has-inline-color has-luminous-vivid-orange-color\">velar<\/mark><\/strong> por tus <strong><mark style=\"background-color:rgba(0, 0, 0, 0)\" class=\"has-inline-color has-vivid-cyan-blue-color\">intereses<\/mark><\/strong>, escr\u00edbenos o ll\u00e1manos al Tel <strong>55581-11311<\/strong>.<\/p>\n\n\n\n<p class=\"wp-embed-aspect-16-9 wp-has-aspect-ratio\">.<\/p>\n\n\n\n<p class=\"wp-embed-aspect-16-9 wp-has-aspect-ratio\">Cuando<strong> necesites<\/strong> ayuda, <strong>asistencia<\/strong> o <strong>planeaci\u00f3n<\/strong> legal, <strong>solicita<\/strong> <strong>Cita Privada<\/strong> <a href=\"mailto:bi@sm99.mx\" target=\"_blank\" rel=\"noreferrer noopener\"><strong>Aqu\u00ed<\/strong><\/a><\/p>\n\n\n\n<p class=\"wp-embed-aspect-16-9 wp-has-aspect-ratio\">La informaci\u00f3n que AQU\u00cd te presentamos <strong>deriva<\/strong> de los <strong>Peri\u00f3dicos Oficiales <\/strong>de la<strong> CdMx<\/strong>, <strong>Estado<\/strong> de Mex., Diario <strong>Oficial<\/strong> de la Federaci\u00f3n, Suprema Corte de<strong> Justicia<\/strong> de la Naci\u00f3n, por lo tanto es de <strong>aplicaci\u00f3n obligatoria.<\/strong><\/p>\n\n\n\n<p><\/p>\n","protected":false},"excerpt":{"rendered":"<p>Views: 5 . Este ANTEDECENTE Surge luego de que, una persona PROMOVI\u00d3 un amparo indirecto contra la imposici\u00f3n de una medida cautelar y pidi\u00f3 la suspensi\u00f3n con efectos restitutorios. Como prueba, ofreci\u00f3 un dispositivo con grabaciones de la audiencia donde se dict\u00f3 el acto reclamado. El Juzgado de Distrito neg\u00f3 la suspensi\u00f3n, y la parte [&hellip;]<\/p>\n","protected":false},"author":3,"featured_media":33572,"comment_status":"closed","ping_status":"open","sticky":false,"template":"","format":"standard","meta":{"_jetpack_memberships_contains_paid_content":false,"footnotes":""},"categories":[4],"tags":[],"jetpack_sharing_enabled":true,"jetpack_featured_media_url":"https:\/\/www.salgadonoticias.com\/wp-content\/uploads\/2025\/11\/videgrabaciones-diariojuridico.jpg","_links":{"self":[{"href":"https:\/\/www.salgadonoticias.com\/index.php?rest_route=\/wp\/v2\/posts\/33563"}],"collection":[{"href":"https:\/\/www.salgadonoticias.com\/index.php?rest_route=\/wp\/v2\/posts"}],"about":[{"href":"https:\/\/www.salgadonoticias.com\/index.php?rest_route=\/wp\/v2\/types\/post"}],"author":[{"embeddable":true,"href":"https:\/\/www.salgadonoticias.com\/index.php?rest_route=\/wp\/v2\/users\/3"}],"replies":[{"embeddable":true,"href":"https:\/\/www.salgadonoticias.com\/index.php?rest_route=%2Fwp%2Fv2%2Fcomments&post=33563"}],"version-history":[{"count":4,"href":"https:\/\/www.salgadonoticias.com\/index.php?rest_route=\/wp\/v2\/posts\/33563\/revisions"}],"predecessor-version":[{"id":33587,"href":"https:\/\/www.salgadonoticias.com\/index.php?rest_route=\/wp\/v2\/posts\/33563\/revisions\/33587"}],"wp:featuredmedia":[{"embeddable":true,"href":"https:\/\/www.salgadonoticias.com\/index.php?rest_route=\/wp\/v2\/media\/33572"}],"wp:attachment":[{"href":"https:\/\/www.salgadonoticias.com\/index.php?rest_route=%2Fwp%2Fv2%2Fmedia&parent=33563"}],"wp:term":[{"taxonomy":"category","embeddable":true,"href":"https:\/\/www.salgadonoticias.com\/index.php?rest_route=%2Fwp%2Fv2%2Fcategories&post=33563"},{"taxonomy":"post_tag","embeddable":true,"href":"https:\/\/www.salgadonoticias.com\/index.php?rest_route=%2Fwp%2Fv2%2Ftags&post=33563"}],"curies":[{"name":"wp","href":"https:\/\/api.w.org\/{rel}","templated":true}]}}