{"id":33574,"date":"2025-11-26T00:51:00","date_gmt":"2025-11-26T06:51:00","guid":{"rendered":"https:\/\/www.salgadonoticias.com\/?p=33574"},"modified":"2025-11-26T09:08:59","modified_gmt":"2025-11-26T15:08:59","slug":"mediadores-privados-certificados-no-son-autoridad-responsable-en-amparo-por-intervenir-en-convenios","status":"publish","type":"post","link":"https:\/\/www.salgadonoticias.com\/?p=33574","title":{"rendered":"Mediadores PRIVADOS Certificados NO son Autoridad Responsable en el juicio de AMPARO cuando SOLO act\u00faan como Facilitadores en un CONVENIO de Mediaci\u00f3n&#8230;!!!"},"content":{"rendered":"<p>Views: 4<\/p>\n<p>.<\/p>\n\n\n\n<p>Este <strong><mark style=\"background-color:rgba(0, 0, 0, 0);color:#013623\" class=\"has-inline-color\">ANTEDECENTE<\/mark><\/strong><\/p>\n\n\n\n<p><mark style=\"background-color:rgba(0, 0, 0, 0);color:#013522\" class=\"has-inline-color\"><strong>Surge <\/strong><\/mark><mark style=\"background-color:rgba(0, 0, 0, 0)\" class=\"has-inline-color has-black-color\">despu\u00e9s de que, una<\/mark><mark style=\"background-color:rgba(0, 0, 0, 0);color:#013522\" class=\"has-inline-color\"> <strong>Empresa<\/strong> <em><u>promovi\u00f3<\/u><\/em> <strong>amparo indirecto<\/strong> <em><u>contra<\/u><\/em> <\/mark><mark style=\"background-color:rgba(0, 0, 0, 0)\" class=\"has-inline-color has-black-color\">una <\/mark><mark style=\"background-color:rgba(0, 0, 0, 0);color:#013522\" class=\"has-inline-color\"><strong>mediadora privada<\/strong> CERTIFICADA <\/mark><mark style=\"background-color:rgba(0, 0, 0, 0)\" class=\"has-inline-color has-black-color\">por el<\/mark><mark style=\"background-color:rgba(0, 0, 0, 0);color:#013522\" class=\"has-inline-color\"> <strong>Centro de Justicia Alternativa<\/strong><\/mark><mark style=\"background-color:rgba(0, 0, 0, 0)\" class=\"has-inline-color has-black-color\"> del<\/mark><mark style=\"background-color:rgba(0, 0, 0, 0);color:#013522\" class=\"has-inline-color\"> <strong>Tribunal Superior de Justicia de la CdMx<\/strong><\/mark><mark style=\"background-color:rgba(0, 0, 0, 0)\" class=\"has-inline-color has-black-color\"> por su <\/mark><mark style=\"background-color:rgba(0, 0, 0, 0);color:#013522\" class=\"has-inline-color\"><strong>intervenci\u00f3n<\/strong><\/mark><mark style=\"background-color:rgba(0, 0, 0, 0)\" class=\"has-inline-color has-black-color\"> en la celebraci\u00f3n de un <\/mark><mark style=\"background-color:rgba(0, 0, 0, 0);color:#013522\" class=\"has-inline-color\"><strong>convenio<\/strong>.<\/mark><mark style=\"background-color:rgba(0, 0, 0, 0)\" class=\"has-inline-color has-black-color\"> <\/mark><\/p>\n\n\n\n<p><mark style=\"background-color:rgba(0, 0, 0, 0)\" class=\"has-inline-color has-black-color\">El<\/mark><mark style=\"background-color:rgba(0, 0, 0, 0);color:#013522\" class=\"has-inline-color\"> Juzgado de Distrito <strong>sobresey\u00f3<\/strong> <\/mark><mark style=\"background-color:rgba(0, 0, 0, 0)\" class=\"has-inline-color has-black-color\">el<\/mark><mark style=\"background-color:rgba(0, 0, 0, 0);color:#013522\" class=\"has-inline-color\"> <mark style=\"background-color:rgba(0, 0, 0, 0);color:#013522\" class=\"has-inline-color\"><em><u>juicio<\/u><\/em><\/mark> <\/mark><mark style=\"background-color:rgba(0, 0, 0, 0)\" class=\"has-inline-color has-black-color\">al considerar que la <\/mark><mark style=\"background-color:rgba(0, 0, 0, 0);color:#013522\" class=\"has-inline-color\"><mark style=\"background-color:rgba(0, 0, 0, 0);color:#013522\" class=\"has-inline-color\"><em><u>mediadora PRIVADA<\/u><\/em><\/mark> <strong>no tiene el car\u00e1cter de<\/strong> <strong>autoridad responsable<\/strong>, <\/mark><mark style=\"background-color:rgba(0, 0, 0, 0)\" class=\"has-inline-color has-black-color\">ya que actu\u00f3 como<\/mark><mark style=\"background-color:rgba(0, 0, 0, 0);color:#013522\" class=\"has-inline-color\"> <strong>facilitadora<\/strong> <\/mark><mark style=\"background-color:rgba(0, 0, 0, 0)\" class=\"has-inline-color has-black-color\">de la<\/mark><mark style=\"background-color:rgba(0, 0, 0, 0);color:#013522\" class=\"has-inline-color\"> <em><u>comunicaci\u00f3n y la negociaci\u00f3n<\/u><\/em> <\/mark><mark style=\"background-color:rgba(0, 0, 0, 0)\" class=\"has-inline-color has-black-color\">entre las personas que <\/mark><mark style=\"background-color:rgba(0, 0, 0, 0);color:#013522\" class=\"has-inline-color\"><em><u>celebraron un convenio de mediaci\u00f3n<\/u><\/em><\/mark><mark style=\"background-color:rgba(0, 0, 0, 0)\" class=\"has-inline-color has-black-color\"> en un esquema de<\/mark><mark style=\"background-color:rgba(0, 0, 0, 0);color:#013522\" class=\"has-inline-color\"> <strong>autocomposici\u00f3n asistida<\/strong>. <\/mark><mark style=\"background-color:rgba(0, 0, 0, 0)\" class=\"has-inline-color has-black-color\">Inconforme, la parte actora interpuso<\/mark><mark style=\"background-color:rgba(0, 0, 0, 0);color:#013522\" class=\"has-inline-color\"> <strong>recurso de revisi\u00f3n<\/strong>.<\/mark><\/p>\n\n\n\n<p>.<\/p>\n\n\n\n<p>La <strong><mark style=\"background-color:rgba(0, 0, 0, 0);color:#1f046d\" class=\"has-inline-color\">Suprema Corte de Justicia<\/mark> <\/strong>a trav\u00e9s del Tribunal Colegiado de Circuito <strong><mark style=\"background-color:rgba(0, 0, 0, 0);color:#680606\" class=\"has-inline-color\">DETERMIN\u00d3<\/mark> <\/strong>que <mark style=\"background-color:#f0a5ec\" class=\"has-inline-color\"><strong>Mediadores PRIVADOS Certificados<\/strong> <strong><em><u>NO<\/u><\/em><\/strong> son <strong>Autoridad Responsable<\/strong> en el juicio de<strong> AMPARO<\/strong> <em><u>cuando solo act\u00faan como<\/u><\/em> <strong>facilitadores<\/strong> en un <strong>convenio de mediaci\u00f3n<\/strong> <em><u>para resolver una<\/u><\/em> <strong>controversia<\/strong>.<\/mark><\/p>\n\n\n\n<p>.<\/p>\n\n\n\n<p><mark style=\"background-color:rgba(0, 0, 0, 0);color:#7c3604\" class=\"has-inline-color\">La <strong>justificaci\u00f3n <\/strong><\/mark><mark style=\"background-color:rgba(0, 0, 0, 0)\" class=\"has-inline-color has-black-color\">de la <\/mark><strong><mark style=\"background-color:rgba(0, 0, 0, 0);color:#250496\" class=\"has-inline-color\">SCJN<\/mark><\/strong><mark style=\"background-color:rgba(0, 0, 0, 0)\" class=\"has-inline-color has-black-color\"> es que, de los <em><u>art\u00edculos 6, 8, 38, 40, 41 y 42<\/u><\/em> de la<\/mark><mark style=\"background-color:rgba(0, 0, 0, 0);color:#7c3604\" class=\"has-inline-color\"> <strong>Ley de Justicia Alternativa<\/strong> <\/mark><mark style=\"background-color:rgba(0, 0, 0, 0)\" class=\"has-inline-color has-black-color\">y los <em><u>art\u00edculos 54 y 55<\/u><\/em> del <\/mark><mark style=\"background-color:rgba(0, 0, 0, 0);color:#7c3604\" class=\"has-inline-color\"><strong>Reglamento Interno del Centro de Justicia Alternativa<\/strong>, <\/mark><mark style=\"background-color:rgba(0, 0, 0, 0)\" class=\"has-inline-color has-black-color\">se ESTABLECE que la <\/mark><mark style=\"background-color:rgba(0, 0, 0, 0);color:#7c3604\" class=\"has-inline-color\"><strong>MEDIACI\u00d3N<\/strong> <\/mark><mark style=\"background-color:rgba(0, 0, 0, 0)\" class=\"has-inline-color has-black-color\">es un<\/mark><mark style=\"background-color:rgba(0, 0, 0, 0);color:#7c3604\" class=\"has-inline-color\"> <strong>mecanismo alternativo<\/strong><\/mark><mark style=\"background-color:rgba(0, 0, 0, 0)\" class=\"has-inline-color has-black-color\"> donde un <\/mark><mark style=\"background-color:rgba(0, 0, 0, 0);color:#7c3604\" class=\"has-inline-color\"><strong>mediador<\/strong> <strong>neutral<\/strong> y <strong>profesional<\/strong> <\/mark><mark style=\"background-color:rgba(0, 0, 0, 0)\" class=\"has-inline-color has-black-color\">facilita la <\/mark><mark style=\"background-color:rgba(0, 0, 0, 0);color:#7c3604\" class=\"has-inline-color\"><strong>comunicaci\u00f3n<\/strong> <\/mark><mark style=\"background-color:rgba(0, 0, 0, 0)\" class=\"has-inline-color has-black-color\">para lograr un<\/mark><mark style=\"background-color:rgba(0, 0, 0, 0);color:#7c3604\" class=\"has-inline-color\"> <strong>acuerdo voluntario<\/strong>. <\/mark><mark style=\"background-color:rgba(0, 0, 0, 0)\" class=\"has-inline-color has-black-color\">Lo anterior es un <\/mark><mark style=\"background-color:rgba(0, 0, 0, 0);color:#7c3604\" class=\"has-inline-color\"><strong>proceso confidencial<\/strong> <\/mark><mark style=\"background-color:rgba(0, 0, 0, 0)\" class=\"has-inline-color has-black-color\">y <\/mark><mark style=\"background-color:rgba(0, 0, 0, 0);color:#7c3604\" class=\"has-inline-color\"><strong>flexible<\/strong> <\/mark><mark style=\"background-color:rgba(0, 0, 0, 0)\" class=\"has-inline-color has-black-color\">que evita la<\/mark><mark style=\"background-color:rgba(0, 0, 0, 0);color:#7c3604\" class=\"has-inline-color\"> <strong>judicializaci\u00f3n<\/strong><\/mark><mark style=\"background-color:rgba(0, 0, 0, 0)\" class=\"has-inline-color has-black-color\"> y <em><u>promueve<\/u><\/em> la<\/mark><mark style=\"background-color:rgba(0, 0, 0, 0);color:#7c3604\" class=\"has-inline-color\"> <strong>restauraci\u00f3n de relaciones<\/strong>. <\/mark><mark style=\"background-color:rgba(0, 0, 0, 0)\" class=\"has-inline-color has-black-color\">Por lo que, la intervenci\u00f3n del <\/mark><mark style=\"background-color:rgba(0, 0, 0, 0);color:#7c3604\" class=\"has-inline-color\"><strong>mediador<\/strong> <\/mark><em><u><mark style=\"background-color:#b9dff7\" class=\"has-inline-color has-black-color\"><strong>NO constituye<\/strong><\/mark><\/u><\/em><mark style=\"background-color:rgba(0, 0, 0, 0)\" class=\"has-inline-color has-black-color\"> <\/mark><mark style=\"background-color:rgba(0, 0, 0, 0);color:#7c3604\" class=\"has-inline-color\"><strong>acto de autoridad<\/strong> <\/mark><mark style=\"background-color:rgba(0, 0, 0, 0)\" class=\"has-inline-color has-black-color\">para efectos del<\/mark><mark style=\"background-color:rgba(0, 0, 0, 0);color:#7c3604\" class=\"has-inline-color\"> <strong>amparo indirecto<\/strong>,<\/mark><mark style=\"background-color:rgba(0, 0, 0, 0)\" class=\"has-inline-color has-black-color\"> pues solo act\u00faa como <\/mark><mark style=\"background-color:rgba(0, 0, 0, 0);color:#7c3604\" class=\"has-inline-color\"><strong>facilitador<\/strong>.<\/mark><\/p>\n\n\n\n<p>.<\/p>\n\n\n\n<p>Estas <strong><mark style=\"background-color:#f2ac7a\" class=\"has-inline-color has-black-color\">RESOLUCI\u00d3N<\/mark> <\/strong>esta <strong>disponible <\/strong>para quien la<strong> <mark style=\"background-color:rgba(0, 0, 0, 0);color:#8a0303\" class=\"has-inline-color\">CONOZCA y la HAGA VALER <\/mark><\/strong>en todo el pa\u00eds a partir de esta semana.<\/p>\n\n\n\n<p><strong><mark style=\"background-color:rgba(0, 0, 0, 0)\" class=\"has-inline-color has-luminous-vivid-orange-color\">Tesis CIVIL-COM\u00daN<\/mark><\/strong><\/p>\n\n\n\n<p class=\"has-small-font-size\"><strong>Registro digital<\/strong>: &nbsp;2031501<\/p>\n\n\n\n<p>.<\/p>\n\n\n\n<p class=\"wp-embed-aspect-16-9 wp-has-aspect-ratio\">Si estas en el <strong><mark style=\"background-color:rgba(0, 0, 0, 0)\" class=\"has-inline-color has-vivid-red-color\">Extranjero <\/mark><\/strong>nosotros somos tu <strong><mark style=\"background-color:rgba(0, 0, 0, 0)\" class=\"has-inline-color has-vivid-green-cyan-color\">mejor<\/mark><\/strong> alternativa para <strong><mark style=\"background-color:rgba(0, 0, 0, 0)\" class=\"has-inline-color has-luminous-vivid-orange-color\">velar<\/mark><\/strong> por tus <strong><mark style=\"background-color:rgba(0, 0, 0, 0)\" class=\"has-inline-color has-vivid-cyan-blue-color\">intereses<\/mark><\/strong>, escr\u00edbenos o ll\u00e1manos al Tel <strong>55581-11311<\/strong>.<\/p>\n\n\n\n<p class=\"wp-embed-aspect-16-9 wp-has-aspect-ratio\">.<\/p>\n\n\n\n<p class=\"wp-embed-aspect-16-9 wp-has-aspect-ratio\">Cuando<strong> necesites<\/strong> ayuda, <strong>asistencia<\/strong> o <strong>planeaci\u00f3n<\/strong> legal, <strong>solicita<\/strong> <strong>Cita Privada<\/strong> <a href=\"mailto:bi@sm99.mx\" target=\"_blank\" rel=\"noreferrer noopener\"><strong>Aqu\u00ed<\/strong><\/a><\/p>\n\n\n\n<p class=\"wp-embed-aspect-16-9 wp-has-aspect-ratio\">La informaci\u00f3n que AQU\u00cd te presentamos <strong>deriva<\/strong> de los <strong>Peri\u00f3dicos Oficiales <\/strong>de la<strong> CdMx<\/strong>, <strong>Estado<\/strong> de Mex., Diario <strong>Oficial<\/strong> de la Federaci\u00f3n, Suprema Corte de<strong> Justicia<\/strong> de la Naci\u00f3n, por lo tanto es de <strong>aplicaci\u00f3n obligatoria.<\/strong><\/p>\n\n\n\n<p><\/p>\n","protected":false},"excerpt":{"rendered":"<p>Views: 4 . Este ANTEDECENTE Surge despu\u00e9s de que, una Empresa promovi\u00f3 amparo indirecto contra una mediadora privada CERTIFICADA por el Centro de Justicia Alternativa del Tribunal Superior de Justicia de la CdMx por su intervenci\u00f3n en la celebraci\u00f3n de un convenio. El Juzgado de Distrito sobresey\u00f3 el juicio al considerar que la mediadora PRIVADA [&hellip;]<\/p>\n","protected":false},"author":3,"featured_media":33575,"comment_status":"closed","ping_status":"open","sticky":false,"template":"","format":"standard","meta":{"_jetpack_memberships_contains_paid_content":false,"footnotes":""},"categories":[4],"tags":[],"jetpack_sharing_enabled":true,"jetpack_featured_media_url":"https:\/\/www.salgadonoticias.com\/wp-content\/uploads\/2025\/11\/Mediacion-vs-Juicio.webp","_links":{"self":[{"href":"https:\/\/www.salgadonoticias.com\/index.php?rest_route=\/wp\/v2\/posts\/33574"}],"collection":[{"href":"https:\/\/www.salgadonoticias.com\/index.php?rest_route=\/wp\/v2\/posts"}],"about":[{"href":"https:\/\/www.salgadonoticias.com\/index.php?rest_route=\/wp\/v2\/types\/post"}],"author":[{"embeddable":true,"href":"https:\/\/www.salgadonoticias.com\/index.php?rest_route=\/wp\/v2\/users\/3"}],"replies":[{"embeddable":true,"href":"https:\/\/www.salgadonoticias.com\/index.php?rest_route=%2Fwp%2Fv2%2Fcomments&post=33574"}],"version-history":[{"count":3,"href":"https:\/\/www.salgadonoticias.com\/index.php?rest_route=\/wp\/v2\/posts\/33574\/revisions"}],"predecessor-version":[{"id":33589,"href":"https:\/\/www.salgadonoticias.com\/index.php?rest_route=\/wp\/v2\/posts\/33574\/revisions\/33589"}],"wp:featuredmedia":[{"embeddable":true,"href":"https:\/\/www.salgadonoticias.com\/index.php?rest_route=\/wp\/v2\/media\/33575"}],"wp:attachment":[{"href":"https:\/\/www.salgadonoticias.com\/index.php?rest_route=%2Fwp%2Fv2%2Fmedia&parent=33574"}],"wp:term":[{"taxonomy":"category","embeddable":true,"href":"https:\/\/www.salgadonoticias.com\/index.php?rest_route=%2Fwp%2Fv2%2Fcategories&post=33574"},{"taxonomy":"post_tag","embeddable":true,"href":"https:\/\/www.salgadonoticias.com\/index.php?rest_route=%2Fwp%2Fv2%2Ftags&post=33574"}],"curies":[{"name":"wp","href":"https:\/\/api.w.org\/{rel}","templated":true}]}}