{"id":33577,"date":"2025-11-27T00:16:00","date_gmt":"2025-11-27T06:16:00","guid":{"rendered":"https:\/\/www.salgadonoticias.com\/?p=33577"},"modified":"2025-11-27T15:21:53","modified_gmt":"2025-11-27T21:21:53","slug":"33577","status":"publish","type":"post","link":"https:\/\/www.salgadonoticias.com\/?p=33577","title":{"rendered":"Procede Suplencia de la Queja y Perspectiva de G\u00c9NERO para Mujeres V\u00cdCTIMAS de Violencia Obst\u00e9trica en Amparo \u2026!!!"},"content":{"rendered":"<p>Views: 7<\/p>\n<p>.<\/p>\n\n\n\n<figure class=\"wp-block-embed is-type-video is-provider-youtube wp-block-embed-youtube wp-embed-aspect-16-9 wp-has-aspect-ratio\"><div class=\"wp-block-embed__wrapper\">\n<iframe loading=\"lazy\" title=\"Lo relevante del lunes a jueves, \u00faltima semana de noviembre 2025\" width=\"640\" height=\"360\" src=\"https:\/\/www.youtube.com\/embed\/7mtY2r03e5M?feature=oembed\" frameborder=\"0\" allow=\"accelerometer; autoplay; clipboard-write; encrypted-media; gyroscope; picture-in-picture; web-share\" referrerpolicy=\"strict-origin-when-cross-origin\" allowfullscreen><\/iframe>\n<\/div><\/figure>\n\n\n\n<p>.<\/p>\n\n\n\n<p>Este <strong>ANTEDECENTE<\/strong><\/p>\n\n\n\n<p><mark style=\"background-color:rgba(0, 0, 0, 0);color:#39046a\" class=\"has-inline-color\"><strong>Surge<\/strong><\/mark><mark style=\"background-color:rgba(0, 0, 0, 0)\" class=\"has-inline-color has-black-color\"><strong> <\/strong>luego de que, una <\/mark><mark style=\"background-color:rgba(0, 0, 0, 0);color:#39046a\" class=\"has-inline-color\"><strong>mujer<\/strong><\/mark><mark style=\"background-color:rgba(0, 0, 0, 0)\" class=\"has-inline-color has-black-color\"> demand\u00f3 la<\/mark><mark style=\"background-color:rgba(0, 0, 0, 0);color:#39046a\" class=\"has-inline-color\"> <strong>responsabilidad patrimonial del Estado<\/strong> <\/mark><mark style=\"background-color:rgba(0, 0, 0, 0)\" class=\"has-inline-color has-black-color\">por la<\/mark><mark style=\"background-color:rgba(0, 0, 0, 0);color:#39046a\" class=\"has-inline-color\"> <strong>deficiente atenci\u00f3n m\u00e9dica<\/strong> <\/mark><mark style=\"background-color:rgba(0, 0, 0, 0)\" class=\"has-inline-color has-black-color\">del <\/mark><mark style=\"background-color:rgba(0, 0, 0, 0);color:#39046a\" class=\"has-inline-color\"><strong>IMSS<\/strong> <\/mark><mark style=\"background-color:rgba(0, 0, 0, 0)\" class=\"has-inline-color has-black-color\">durante su<\/mark><mark style=\"background-color:rgba(0, 0, 0, 0);color:#39046a\" class=\"has-inline-color\"> <strong>embarazo molar gemelar<\/strong>,<\/mark><mark style=\"background-color:rgba(0, 0, 0, 0)\" class=\"has-inline-color has-black-color\"> que le caus\u00f3<\/mark><mark style=\"background-color:rgba(0, 0, 0, 0);color:#39046a\" class=\"has-inline-color\"> <strong>hemorragia masiva<\/strong>, <strong>paro cardiaco<\/strong> <\/mark><mark style=\"background-color:rgba(0, 0, 0, 0)\" class=\"has-inline-color has-black-color\">y<\/mark><mark style=\"background-color:rgba(0, 0, 0, 0);color:#39046a\" class=\"has-inline-color\"> <strong>histerectom\u00eda<\/strong>, GENERANDO <strong>secuelas f\u00edsicas y psicol\u00f3gicas<\/strong>. <\/mark><\/p>\n\n\n\n<p><mark style=\"background-color:rgba(0, 0, 0, 0)\" class=\"has-inline-color has-black-color\">El <em><u>Tribunal Federal de Justicia Administrativa<\/u><\/em><\/mark><mark style=\"background-color:rgba(0, 0, 0, 0);color:#39046a\" class=\"has-inline-color\"> <strong>declar\u00f3<\/strong> la <strong>nulidad<\/strong> <\/mark><mark style=\"background-color:rgba(0, 0, 0, 0)\" class=\"has-inline-color has-black-color\">de la <em><u>resoluci\u00f3n y orden\u00f3<\/u><\/em><\/mark><mark style=\"background-color:rgba(0, 0, 0, 0);color:#39046a\" class=\"has-inline-color\"> <strong>indemnizaci\u00f3n por da\u00f1o moral<\/strong>, <\/mark><mark style=\"background-color:rgba(0, 0, 0, 0)\" class=\"has-inline-color has-black-color\">al<\/mark><mark style=\"background-color:rgba(0, 0, 0, 0);color:#39046a\" class=\"has-inline-color\"> <em><u>NO existir elementos para cuantificar<\/u><\/em> <\/mark><mark style=\"background-color:rgba(0, 0, 0, 0)\" class=\"has-inline-color has-black-color\">el<\/mark><mark style=\"background-color:rgba(0, 0, 0, 0);color:#39046a\" class=\"has-inline-color\"> <strong>da\u00f1o material<\/strong> <\/mark><mark style=\"background-color:rgba(0, 0, 0, 0)\" class=\"has-inline-color has-black-color\">conforme a la<\/mark><mark style=\"background-color:rgba(0, 0, 0, 0);color:#39046a\" class=\"has-inline-color\"> <strong>Ley Federal del Trabajo<\/strong>. <\/mark><\/p>\n\n\n\n<p><mark style=\"background-color:rgba(0, 0, 0, 0)\" class=\"has-inline-color has-black-color\">Pero en <em><u>amparo directo<\/u><\/em>, la <em><u>quejosa aleg\u00f3 falta<\/u><\/em> de<\/mark><mark style=\"background-color:rgba(0, 0, 0, 0);color:#39046a\" class=\"has-inline-color\"> <strong>valoraci\u00f3n de pruebas<\/strong> <\/mark><mark style=\"background-color:rgba(0, 0, 0, 0)\" class=\"has-inline-color has-black-color\">y ausencia de<\/mark><mark style=\"background-color:rgba(0, 0, 0, 0);color:#39046a\" class=\"has-inline-color\"> <strong>reparaci\u00f3n integral<\/strong>. <\/mark><\/p>\n\n\n\n<p><mark style=\"background-color:rgba(0, 0, 0, 0);color:#39046a\" class=\"has-inline-color\">Ya en el juicio se advirti\u00f3 que, al <mark style=\"background-color:rgba(0, 0, 0, 0);color:#39046a\" class=\"has-inline-color\"><em><u>EXISTIR<\/u><\/em><\/mark> <strong>violencia obst\u00e9trica<\/strong>,<\/mark><mark style=\"background-color:rgba(0, 0, 0, 0)\" class=\"has-inline-color has-black-color\"> el caso deb\u00eda resolverse con <\/mark><mark style=\"background-color:rgba(0, 0, 0, 0);color:#39046a\" class=\"has-inline-color\"><strong>perspectiva de g\u00e9nero<\/strong>.<\/mark><\/p>\n\n\n\n<p>.<\/p>\n\n\n\n<p>La&nbsp;<strong><mark style=\"background-color:rgba(0, 0, 0, 0);color:#0e0282\" class=\"has-inline-color\">Suprema Corte de Justicia<\/mark><\/strong>, a trav\u00e9s del&nbsp;Tribunal Colegiado de Circuito<mark style=\"background-color:rgba(0, 0, 0, 0);color:#8f0808\" class=\"has-inline-color\"> <strong>DETERMIN\u00d3<\/strong><\/mark><strong> <\/strong>que,<mark style=\"background-color:#bdf277\" class=\"has-inline-color\"> <strong>procede la suplencia de la queja deficiente en favor de mujeres v\u00edctimas de violencia obst\u00e9trica<\/strong> por parte de agentes del Estado, <em><u>bajo un an\u00e1lisis con perspectiva de g\u00e9nero<\/u><\/em>.<\/mark><\/p>\n\n\n\n<p><strong>.<\/strong><\/p>\n\n\n\n<p>La <mark style=\"background-color:rgba(0, 0, 0, 0);color:#01432b\" class=\"has-inline-color\"><strong>justificaci\u00f3n <\/strong><\/mark><mark style=\"background-color:rgba(0, 0, 0, 0)\" class=\"has-inline-color has-black-color\">de la <strong>SCJN<\/strong> es que, la <\/mark><mark style=\"background-color:rgba(0, 0, 0, 0);color:#01432b\" class=\"has-inline-color\"><strong>suplencia de la queja deficiente<\/strong>, <\/mark><mark style=\"background-color:rgba(0, 0, 0, 0)\" class=\"has-inline-color has-black-color\">PREVISTA en el <em><u>art. 79, fracCc VII, de la Ley de Amparo<\/u><\/em>, se<\/mark><mark style=\"background-color:rgba(0, 0, 0, 0);color:#01432b\" class=\"has-inline-color\"> <strong>justifica en la obligaci\u00f3n<\/strong> de <strong>juzgar con perspectiva de g\u00e9nero<\/strong>, <\/mark><mark style=\"background-color:rgba(0, 0, 0, 0)\" class=\"has-inline-color has-black-color\">para EVITAR <\/mark><mark style=\"background-color:rgba(0, 0, 0, 0);color:#01432b\" class=\"has-inline-color\"><strong>efectos discriminatorios<\/strong> <\/mark><mark style=\"background-color:rgba(0, 0, 0, 0)\" class=\"has-inline-color has-black-color\">en perjuicio de las<\/mark><mark style=\"background-color:rgba(0, 0, 0, 0);color:#01432b\" class=\"has-inline-color\"> <strong>mujeres<\/strong>. <\/mark><mark style=\"background-color:rgba(0, 0, 0, 0)\" class=\"has-inline-color has-black-color\">Esta <em><u>perspectiva exige analizar<\/u><\/em><\/mark><mark style=\"background-color:rgba(0, 0, 0, 0);color:#01432b\" class=\"has-inline-color\"><strong> contextualmente los hechos<\/strong>, <\/mark><mark style=\"background-color:rgba(0, 0, 0, 0)\" class=\"has-inline-color has-black-color\"><em><u>cuestionando<\/u><\/em> la <\/mark><mark style=\"background-color:rgba(0, 0, 0, 0);color:#01432b\" class=\"has-inline-color\"><strong>neutralidad de procedimientos m\u00e9dicos<\/strong><\/mark><mark style=\"background-color:rgba(0, 0, 0, 0)\" class=\"has-inline-color has-black-color\"> y la<\/mark><mark style=\"background-color:rgba(0, 0, 0, 0);color:#01432b\" class=\"has-inline-color\"> <strong>aplicaci\u00f3n normativa<\/strong>. <\/mark><mark style=\"background-color:rgba(0, 0, 0, 0)\" class=\"has-inline-color has-black-color\">Su finalidad es GARANTIZAR DERECHOS como<\/mark><mark style=\"background-color:rgba(0, 0, 0, 0);color:#01432b\" class=\"has-inline-color\"> <strong>salud<\/strong>, <strong>integridad f\u00edsica y emocional<\/strong>, <strong>consentimiento informado<\/strong>, <strong>autonom\u00eda reproductiva<\/strong>,<\/mark><mark style=\"background-color:rgba(0, 0, 0, 0)\" class=\"has-inline-color has-black-color\"> y una<\/mark><mark style=\"background-color:rgba(0, 0, 0, 0);color:#01432b\" class=\"has-inline-color\"> <strong>vida libre de violencia y discriminaci\u00f3n<\/strong>, <\/mark><mark style=\"background-color:rgba(0, 0, 0, 0)\" class=\"has-inline-color has-black-color\">asegurando<\/mark><mark style=\"background-color:rgba(0, 0, 0, 0);color:#01432b\" class=\"has-inline-color\"> <strong>reparaci\u00f3n integral del da\u00f1o<\/strong><\/mark><mark style=\"background-color:rgba(0, 0, 0, 0)\" class=\"has-inline-color has-black-color\"> conforme a la<\/mark><mark style=\"background-color:rgba(0, 0, 0, 0);color:#01432b\" class=\"has-inline-color\"> <strong>Constituci\u00f3n<\/strong>, <strong>instrumentos internacionales<\/strong> y <strong>jurisprudencias nacionales<\/strong><\/mark><\/p>\n\n\n\n<p>.<\/p>\n\n\n\n<p>Estas <strong><mark style=\"background-color:#98fdd8\" class=\"has-inline-color has-black-color\">RESOLUCI\u00d3N<\/mark> <\/strong>esta <strong>disponible <\/strong>para quien la<strong> <mark style=\"background-color:rgba(0, 0, 0, 0);color:#8a0303\" class=\"has-inline-color\">CONOZCA y la HAGA VALER <\/mark><\/strong>en todo el pa\u00eds a partir de esta semana.<\/p>\n\n\n\n<p><strong><mark style=\"background-color:rgba(0, 0, 0, 0);color:#058858\" class=\"has-inline-color\">Tesis ADMINISTRATIVA-COM\u00daN<\/mark><\/strong><\/p>\n\n\n\n<p class=\"has-small-font-size\"><strong>Registro digital<\/strong>: &nbsp;2031510<\/p>\n\n\n\n<p>.<\/p>\n\n\n\n<p class=\"wp-embed-aspect-16-9 wp-has-aspect-ratio\">Si estas en el <strong><mark style=\"background-color:rgba(0, 0, 0, 0)\" class=\"has-inline-color has-vivid-red-color\">Extranjero <\/mark><\/strong>nosotros somos tu <strong><mark style=\"background-color:rgba(0, 0, 0, 0)\" class=\"has-inline-color has-vivid-green-cyan-color\">mejor<\/mark><\/strong> alternativa para <strong><mark style=\"background-color:rgba(0, 0, 0, 0)\" class=\"has-inline-color has-luminous-vivid-orange-color\">velar<\/mark><\/strong> por tus <strong><mark style=\"background-color:rgba(0, 0, 0, 0)\" class=\"has-inline-color has-vivid-cyan-blue-color\">intereses<\/mark><\/strong>, escr\u00edbenos o ll\u00e1manos al Tel <strong>55581-11311<\/strong>.<\/p>\n\n\n\n<p class=\"wp-embed-aspect-16-9 wp-has-aspect-ratio\">.<\/p>\n\n\n\n<p class=\"wp-embed-aspect-16-9 wp-has-aspect-ratio\">Cuando<strong> necesites<\/strong> ayuda, <strong>asistencia<\/strong> o <strong>planeaci\u00f3n<\/strong> legal, <strong>solicita<\/strong> <strong>Cita Privada<\/strong> <a href=\"mailto:bi@sm99.mx\" target=\"_blank\" rel=\"noreferrer noopener\"><strong>Aqu\u00ed<\/strong><\/a><\/p>\n\n\n\n<p class=\"wp-embed-aspect-16-9 wp-has-aspect-ratio\">La informaci\u00f3n que AQU\u00cd te presentamos <strong>deriva<\/strong> de los <strong>Peri\u00f3dicos Oficiales <\/strong>de la<strong> CdMx<\/strong>, <strong>Estado<\/strong> de Mex., Diario <strong>Oficial<\/strong> de la Federaci\u00f3n, Suprema Corte de<strong> Justicia<\/strong> de la Naci\u00f3n, por lo tanto es de <strong>aplicaci\u00f3n obligatoria.<\/strong><\/p>\n\n\n\n<p><\/p>\n","protected":false},"excerpt":{"rendered":"<p>Views: 7 . . Este ANTEDECENTE Surge luego de que, una mujer demand\u00f3 la responsabilidad patrimonial del Estado por la deficiente atenci\u00f3n m\u00e9dica del IMSS durante su embarazo molar gemelar, que le caus\u00f3 hemorragia masiva, paro cardiaco y histerectom\u00eda, GENERANDO secuelas f\u00edsicas y psicol\u00f3gicas. El Tribunal Federal de Justicia Administrativa declar\u00f3 la nulidad de la [&hellip;]<\/p>\n","protected":false},"author":3,"featured_media":33580,"comment_status":"closed","ping_status":"open","sticky":false,"template":"","format":"standard","meta":{"_jetpack_memberships_contains_paid_content":false,"footnotes":""},"categories":[4],"tags":[],"jetpack_sharing_enabled":true,"jetpack_featured_media_url":"https:\/\/www.salgadonoticias.com\/wp-content\/uploads\/2025\/11\/violencia-obstetrica.webp","_links":{"self":[{"href":"https:\/\/www.salgadonoticias.com\/index.php?rest_route=\/wp\/v2\/posts\/33577"}],"collection":[{"href":"https:\/\/www.salgadonoticias.com\/index.php?rest_route=\/wp\/v2\/posts"}],"about":[{"href":"https:\/\/www.salgadonoticias.com\/index.php?rest_route=\/wp\/v2\/types\/post"}],"author":[{"embeddable":true,"href":"https:\/\/www.salgadonoticias.com\/index.php?rest_route=\/wp\/v2\/users\/3"}],"replies":[{"embeddable":true,"href":"https:\/\/www.salgadonoticias.com\/index.php?rest_route=%2Fwp%2Fv2%2Fcomments&post=33577"}],"version-history":[{"count":6,"href":"https:\/\/www.salgadonoticias.com\/index.php?rest_route=\/wp\/v2\/posts\/33577\/revisions"}],"predecessor-version":[{"id":33594,"href":"https:\/\/www.salgadonoticias.com\/index.php?rest_route=\/wp\/v2\/posts\/33577\/revisions\/33594"}],"wp:featuredmedia":[{"embeddable":true,"href":"https:\/\/www.salgadonoticias.com\/index.php?rest_route=\/wp\/v2\/media\/33580"}],"wp:attachment":[{"href":"https:\/\/www.salgadonoticias.com\/index.php?rest_route=%2Fwp%2Fv2%2Fmedia&parent=33577"}],"wp:term":[{"taxonomy":"category","embeddable":true,"href":"https:\/\/www.salgadonoticias.com\/index.php?rest_route=%2Fwp%2Fv2%2Fcategories&post=33577"},{"taxonomy":"post_tag","embeddable":true,"href":"https:\/\/www.salgadonoticias.com\/index.php?rest_route=%2Fwp%2Fv2%2Ftags&post=33577"}],"curies":[{"name":"wp","href":"https:\/\/api.w.org\/{rel}","templated":true}]}}