{"id":33595,"date":"2025-11-28T00:36:00","date_gmt":"2025-11-28T06:36:00","guid":{"rendered":"https:\/\/www.salgadonoticias.com\/?p=33595"},"modified":"2025-11-27T22:07:12","modified_gmt":"2025-11-28T04:07:12","slug":"procede-ampliacion-de-la-demanda-de-amparo-por-vicios-en-el-emplazamiento","status":"publish","type":"post","link":"https:\/\/www.salgadonoticias.com\/?p=33595","title":{"rendered":"Procede AMPLIACI\u00d3N de la demanda de Amparo \u00a0por vicios en el emplazamiento\u2026!!!"},"content":{"rendered":"<p>Views: 2<\/p>\n<p>.<\/p>\n\n\n\n<p>Este <strong><mark style=\"background-color:rgba(0, 0, 0, 0);color:#52049b\" class=\"has-inline-color\">ANTEDECENTE<\/mark><\/strong><\/p>\n\n\n\n<p><mark style=\"background-color:rgba(0, 0, 0, 0);color:#510499\" class=\"has-inline-color\"><strong>Surge <\/strong><\/mark><mark style=\"background-color:rgba(0, 0, 0, 0)\" class=\"has-inline-color has-black-color\">luego de que, una<\/mark><mark style=\"background-color:rgba(0, 0, 0, 0);color:#510499\" class=\"has-inline-color\"> <strong>persona<\/strong> <\/mark><mark style=\"background-color:rgba(0, 0, 0, 0)\" class=\"has-inline-color has-black-color\">que se ostent\u00f3 como<\/mark><mark style=\"background-color:rgba(0, 0, 0, 0);color:#510499\" class=\"has-inline-color\"> <strong>tercera extra\u00f1a por equiparaci\u00f3n<\/strong> <\/mark><mark style=\"background-color:rgba(0, 0, 0, 0)\" class=\"has-inline-color has-black-color\">PROMOVI\u00d3 <\/mark><mark style=\"background-color:rgba(0, 0, 0, 0);color:#510499\" class=\"has-inline-color\"><strong>amparo indirecto<\/strong><\/mark><mark style=\"background-color:rgba(0, 0, 0, 0)\" class=\"has-inline-color has-black-color\"> contra el <\/mark><mark style=\"background-color:rgba(0, 0, 0, 0);color:#510499\" class=\"has-inline-color\"><strong>emplazamiento ilegal a juicio<\/strong>. <\/mark><mark style=\"background-color:rgba(0, 0, 0, 0)\" class=\"has-inline-color has-black-color\">Inicialmente present\u00f3 <\/mark><mark style=\"background-color:rgba(0, 0, 0, 0);color:#510499\" class=\"has-inline-color\"><strong>conceptos de violaci\u00f3n gen\u00e9ricos<\/strong>, <\/mark><mark style=\"background-color:rgba(0, 0, 0, 0)\" class=\"has-inline-color has-black-color\">alegando<\/mark><mark style=\"background-color:rgba(0, 0, 0, 0);color:#510499\" class=\"has-inline-color\"> <strong>desconocimiento del procedimiento<\/strong>. <\/mark><mark style=\"background-color:rgba(0, 0, 0, 0)\" class=\"has-inline-color has-black-color\">Tras conocer el<\/mark><mark style=\"background-color:rgba(0, 0, 0, 0);color:#510499\" class=\"has-inline-color\"> <strong>informe justificado<\/strong>,<\/mark><mark style=\"background-color:rgba(0, 0, 0, 0)\" class=\"has-inline-color has-black-color\"> formul\u00f3<\/mark><mark style=\"background-color:rgba(0, 0, 0, 0);color:#510499\" class=\"has-inline-color\"> <strong>Ampliaci\u00f3n de demanda<\/strong> <\/mark><mark style=\"background-color:rgba(0, 0, 0, 0)\" class=\"has-inline-color has-black-color\">con <em><u>nuevos<\/u><\/em><\/mark><mark style=\"background-color:rgba(0, 0, 0, 0);color:#510499\" class=\"has-inline-color\"> <strong>conceptos de violaci\u00f3n<\/strong> <\/mark><mark style=\"background-color:rgba(0, 0, 0, 0)\" class=\"has-inline-color has-black-color\">sobre los <\/mark><mark style=\"background-color:rgba(0, 0, 0, 0);color:#510499\" class=\"has-inline-color\"><strong>vicios de la diligencia<\/strong>. <\/mark><mark style=\"background-color:rgba(0, 0, 0, 0)\" class=\"has-inline-color has-black-color\">El<\/mark><mark style=\"background-color:rgba(0, 0, 0, 0);color:#510499\" class=\"has-inline-color\"> <strong>Juzgado de Distrito<\/strong><\/mark><mark style=\"background-color:rgba(0, 0, 0, 0)\" class=\"has-inline-color has-black-color\"> <em><u>desech\u00f3 la ampliaci\u00f3n<\/u><\/em> por tratarse del<\/mark><mark style=\"background-color:rgba(0, 0, 0, 0);color:#510499\" class=\"has-inline-color\"> <strong>mismo acto reclamado<\/strong>, <\/mark><mark style=\"background-color:rgba(0, 0, 0, 0)\" class=\"has-inline-color has-black-color\">por lo que la <\/mark><mark style=\"background-color:rgba(0, 0, 0, 0);color:#510499\" class=\"has-inline-color\"><strong>quejosa interpuso recurso de queja<\/strong>.<\/mark><\/p>\n\n\n\n<p>.<\/p>\n\n\n\n<p>La&nbsp;<strong><mark style=\"background-color:rgba(0, 0, 0, 0);color:#0905c5\" class=\"has-inline-color\">Suprema Corte de Justicia<\/mark><\/strong>, a trav\u00e9s del&nbsp;Tribunal Colegiado de Circuito <strong><mark style=\"background-color:rgba(0, 0, 0, 0);color:#7a0505\" class=\"has-inline-color\">DETERMIN\u00d3<\/mark> <\/strong>que<strong>, <\/strong><mark style=\"background-color:#94f24d\" class=\"has-inline-color\"><strong>procede AMPLIACI\u00d3N del amparo <\/strong>si se presenta en<strong> plazo legal <\/strong>y combate<strong> vicios del emplazamiento <\/strong>conocidos tras el <strong>informe justificado, A\u00daN <\/strong>cuando<strong> sea el mismo acto reclamado.<\/strong><\/mark><\/p>\n\n\n\n<p><strong>.<\/strong><\/p>\n\n\n\n<p>La <mark style=\"background-color:rgba(0, 0, 0, 0);color:#a44502\" class=\"has-inline-color\"><strong>justificaci\u00f3n<\/strong><\/mark><mark style=\"background-color:rgba(0, 0, 0, 0)\" class=\"has-inline-color has-black-color\"><strong> <\/strong>de la <\/mark><mark style=\"background-color:rgba(0, 0, 0, 0);color:#a44502\" class=\"has-inline-color\"><strong>SCJN<\/strong> <\/mark><mark style=\"background-color:rgba(0, 0, 0, 0)\" class=\"has-inline-color has-black-color\">es que, el <\/mark><mark style=\"background-color:rgba(0, 0, 0, 0);color:#a44502\" class=\"has-inline-color\"><strong>Art. 111<\/strong><\/mark><strong><mark style=\"background-color:rgba(0, 0, 0, 0)\" class=\"has-inline-color has-black-color\"> <\/mark><\/strong><em><mark style=\"background-color:rgba(0, 0, 0, 0)\" class=\"has-inline-color has-black-color\"><u>Ley de Amparo<\/u> PREVE que<\/mark><\/em><mark style=\"background-color:rgba(0, 0, 0, 0);color:#a44502\" class=\"has-inline-color\"><em> <\/em><strong>Procede ampliaci\u00f3n de demanda<\/strong> <\/mark>cuando:<\/p>\n\n\n\n<p><mark style=\"background-color:#9beecd\" class=\"has-inline-color\">a) <strong>Actos novedosos<\/strong> guarden <strong>vinculaci\u00f3n<\/strong> con los reclamados inicialmente<\/mark>.<\/p>\n\n\n\n<p><mark style=\"background-color:#bdfc8d\" class=\"has-inline-color\">b) Se presente <strong>dentro de los plazos legales<\/strong>.<\/mark><\/p>\n\n\n\n<p>c) No se haya celebrado la audiencia constitucional.<\/p>\n\n\n\n<p><mark style=\"background-color:rgba(0, 0, 0, 0)\" class=\"has-inline-color has-black-color\">Por tanto, <em><u>procede la ampliaci\u00f3n<\/u><\/em> si la<\/mark><mark style=\"background-color:rgba(0, 0, 0, 0);color:#883a03\" class=\"has-inline-color\"> <strong>quejosa<\/strong><\/mark><mark style=\"background-color:rgba(0, 0, 0, 0)\" class=\"has-inline-color has-black-color\"> conoce<\/mark><mark style=\"background-color:rgba(0, 0, 0, 0);color:#883a03\" class=\"has-inline-color\"> <strong>vicios del emplazamiento<\/strong> <\/mark><mark style=\"background-color:rgba(0, 0, 0, 0)\" class=\"has-inline-color has-black-color\">tras el <\/mark><mark style=\"background-color:rgba(0, 0, 0, 0);color:#883a03\" class=\"has-inline-color\"><strong>informe justificado<\/strong>,<\/mark><mark style=\"background-color:rgba(0, 0, 0, 0)\" class=\"has-inline-color has-black-color\"> al<\/mark><mark style=\"background-color:rgba(0, 0, 0, 0);color:#883a03\" class=\"has-inline-color\"> <strong>no haber podido incluirlos en la demanda inicial<\/strong> <\/mark><mark style=\"background-color:rgba(0, 0, 0, 0)\" class=\"has-inline-color has-black-color\">por<\/mark><mark style=\"background-color:rgba(0, 0, 0, 0);color:#883a03\" class=\"has-inline-color\"> <strong>desconocimiento del expediente<\/strong>. <\/mark><mark style=\"background-color:rgba(0, 0, 0, 0)\" class=\"has-inline-color has-black-color\">As\u00ed, puede formular <\/mark><mark style=\"background-color:rgba(0, 0, 0, 0);color:#883a03\" class=\"has-inline-color\"><strong>nuevos conceptos de violaci\u00f3n<\/strong>, <\/mark><mark style=\"background-color:rgba(0, 0, 0, 0)\" class=\"has-inline-color has-black-color\">aun siendo el<\/mark><mark style=\"background-color:rgba(0, 0, 0, 0);color:#883a03\" class=\"has-inline-color\"> <strong>mismo acto reclamado<\/strong>.<\/mark><\/p>\n\n\n\n<p>.<\/p>\n\n\n\n<p>Estas <strong><mark style=\"background-color:#98fdd8\" class=\"has-inline-color has-black-color\">RESOLUCI\u00d3N<\/mark> <\/strong>esta <strong>disponible <\/strong>para quien la<strong> <mark style=\"background-color:rgba(0, 0, 0, 0);color:#8a0303\" class=\"has-inline-color\">CONOZCA y la HAGA VALER <\/mark><\/strong>en todo el pa\u00eds a partir de esta semana.<\/p>\n\n\n\n<p><strong><mark style=\"background-color:rgba(0, 0, 0, 0);color:#058858\" class=\"has-inline-color\">Tesis COM\u00daN<\/mark><\/strong><\/p>\n\n\n\n<p class=\"has-small-font-size\"><strong>Registro digital<\/strong>: &nbsp;2031495<\/p>\n\n\n\n<p>.<\/p>\n\n\n\n<p class=\"wp-embed-aspect-16-9 wp-has-aspect-ratio\">Si estas en el <strong><mark style=\"background-color:rgba(0, 0, 0, 0)\" class=\"has-inline-color has-vivid-red-color\">Extranjero <\/mark><\/strong>nosotros somos tu <strong><mark style=\"background-color:rgba(0, 0, 0, 0)\" class=\"has-inline-color has-vivid-green-cyan-color\">mejor<\/mark><\/strong> alternativa para <strong><mark style=\"background-color:rgba(0, 0, 0, 0)\" class=\"has-inline-color has-luminous-vivid-orange-color\">velar<\/mark><\/strong> por tus <strong><mark style=\"background-color:rgba(0, 0, 0, 0)\" class=\"has-inline-color has-vivid-cyan-blue-color\">intereses<\/mark><\/strong>, escr\u00edbenos o ll\u00e1manos al Tel <strong>55581-11311<\/strong>.<\/p>\n\n\n\n<p class=\"wp-embed-aspect-16-9 wp-has-aspect-ratio\">.<\/p>\n\n\n\n<p class=\"wp-embed-aspect-16-9 wp-has-aspect-ratio\">Cuando<strong> necesites<\/strong> ayuda, <strong>asistencia<\/strong> o <strong>planeaci\u00f3n<\/strong> legal, <strong>solicita<\/strong> <strong>Cita Privada<\/strong> <a href=\"mailto:bi@sm99.mx\" target=\"_blank\" rel=\"noreferrer noopener\"><strong>Aqu\u00ed<\/strong><\/a><\/p>\n\n\n\n<p class=\"wp-embed-aspect-16-9 wp-has-aspect-ratio\">La informaci\u00f3n que AQU\u00cd te presentamos <strong>deriva<\/strong> de los <strong>Peri\u00f3dicos Oficiales <\/strong>de la<strong> CdMx<\/strong>, <strong>Estado<\/strong> de Mex., Diario <strong>Oficial<\/strong> de la Federaci\u00f3n, Suprema Corte de<strong> Justicia<\/strong> de la Naci\u00f3n, por lo tanto es de <strong>aplicaci\u00f3n obligatoria.<\/strong><\/p>\n\n\n\n<p><\/p>\n","protected":false},"excerpt":{"rendered":"<p>Views: 2 . Este ANTEDECENTE Surge luego de que, una persona que se ostent\u00f3 como tercera extra\u00f1a por equiparaci\u00f3n PROMOVI\u00d3 amparo indirecto contra el emplazamiento ilegal a juicio. Inicialmente present\u00f3 conceptos de violaci\u00f3n gen\u00e9ricos, alegando desconocimiento del procedimiento. Tras conocer el informe justificado, formul\u00f3 Ampliaci\u00f3n de demanda con nuevos conceptos de violaci\u00f3n sobre los vicios [&hellip;]<\/p>\n","protected":false},"author":3,"featured_media":33598,"comment_status":"closed","ping_status":"open","sticky":false,"template":"","format":"standard","meta":{"_jetpack_memberships_contains_paid_content":false,"footnotes":""},"categories":[4],"tags":[],"jetpack_sharing_enabled":true,"jetpack_featured_media_url":"https:\/\/www.salgadonoticias.com\/wp-content\/uploads\/2025\/11\/maxresdefault.jpg","_links":{"self":[{"href":"https:\/\/www.salgadonoticias.com\/index.php?rest_route=\/wp\/v2\/posts\/33595"}],"collection":[{"href":"https:\/\/www.salgadonoticias.com\/index.php?rest_route=\/wp\/v2\/posts"}],"about":[{"href":"https:\/\/www.salgadonoticias.com\/index.php?rest_route=\/wp\/v2\/types\/post"}],"author":[{"embeddable":true,"href":"https:\/\/www.salgadonoticias.com\/index.php?rest_route=\/wp\/v2\/users\/3"}],"replies":[{"embeddable":true,"href":"https:\/\/www.salgadonoticias.com\/index.php?rest_route=%2Fwp%2Fv2%2Fcomments&post=33595"}],"version-history":[{"count":4,"href":"https:\/\/www.salgadonoticias.com\/index.php?rest_route=\/wp\/v2\/posts\/33595\/revisions"}],"predecessor-version":[{"id":33602,"href":"https:\/\/www.salgadonoticias.com\/index.php?rest_route=\/wp\/v2\/posts\/33595\/revisions\/33602"}],"wp:featuredmedia":[{"embeddable":true,"href":"https:\/\/www.salgadonoticias.com\/index.php?rest_route=\/wp\/v2\/media\/33598"}],"wp:attachment":[{"href":"https:\/\/www.salgadonoticias.com\/index.php?rest_route=%2Fwp%2Fv2%2Fmedia&parent=33595"}],"wp:term":[{"taxonomy":"category","embeddable":true,"href":"https:\/\/www.salgadonoticias.com\/index.php?rest_route=%2Fwp%2Fv2%2Fcategories&post=33595"},{"taxonomy":"post_tag","embeddable":true,"href":"https:\/\/www.salgadonoticias.com\/index.php?rest_route=%2Fwp%2Fv2%2Ftags&post=33595"}],"curies":[{"name":"wp","href":"https:\/\/api.w.org\/{rel}","templated":true}]}}