{"id":33658,"date":"2025-12-09T00:13:00","date_gmt":"2025-12-09T06:13:00","guid":{"rendered":"https:\/\/www.salgadonoticias.com\/?p=33658"},"modified":"2025-12-08T18:29:24","modified_gmt":"2025-12-09T00:29:24","slug":"suspension-restitutoria-por-omision-del-imss-en-pago-de-pension-por-cesantia","status":"publish","type":"post","link":"https:\/\/www.salgadonoticias.com\/?p=33658","title":{"rendered":"Suspensi\u00f3n Restitutoria por OMISI\u00d3N del IMSS en Pago de pensi\u00f3n por Cesant\u00eda.\u2026!!!"},"content":{"rendered":"<p>Views: 6<\/p>\n<p>.<\/p>\n\n\n\n<p>Este <strong>ANTEDECENTE<\/strong><\/p>\n\n\n\n<p><mark style=\"background-color:rgba(0, 0, 0, 0);color:#7c5b01\" class=\"has-inline-color\"><strong>Surge <\/strong><\/mark><mark style=\"background-color:rgba(0, 0, 0, 0)\" class=\"has-inline-color has-black-color\">despu\u00e9s de que, <em><u>Tribunales<\/u><\/em> Colegiados de Circuito <em><u>sostuvieron<\/u><\/em><\/mark><mark style=\"background-color:rgba(0, 0, 0, 0);color:#7c5b01\" class=\"has-inline-color\"> <strong>criterios contradictorios<\/strong> <\/mark><mark style=\"background-color:rgba(0, 0, 0, 0)\" class=\"has-inline-color has-black-color\">sobre si procede la <\/mark><mark style=\"background-color:rgba(0, 0, 0, 0);color:#7c5b01\" class=\"has-inline-color\"><strong>suspensi\u00f3n con efectos restitutorios<\/strong><\/mark><mark style=\"background-color:rgba(0, 0, 0, 0)\" class=\"has-inline-color has-black-color\"> ante la <\/mark><mark style=\"background-color:rgba(0, 0, 0, 0);color:#7c5b01\" class=\"has-inline-color\"><strong>omisi\u00f3n<\/strong><\/mark><mark style=\"background-color:rgba(0, 0, 0, 0)\" class=\"has-inline-color has-black-color\"><strong> <\/strong>del <\/mark><mark style=\"background-color:rgba(0, 0, 0, 0);color:#7c5b01\" class=\"has-inline-color\"><strong>IMSS<\/strong> <\/mark><mark style=\"background-color:rgba(0, 0, 0, 0)\" class=\"has-inline-color has-black-color\">de PAGAR la<\/mark><mark style=\"background-color:rgba(0, 0, 0, 0);color:#7c5b01\" class=\"has-inline-color\"> <strong>pensi\u00f3n jubilatoria por cesant\u00eda en edad avanzada<\/strong>. <\/mark><\/p>\n\n\n\n<p><mark style=\"background-color:rgba(0, 0, 0, 0)\" class=\"has-inline-color has-black-color\"><em><u>UNO consider\u00f3<\/u><\/em> que<\/mark><mark style=\"background-color:rgba(0, 0, 0, 0);color:#7c5b01\" class=\"has-inline-color\"> <strong>no procede<\/strong>,<\/mark><mark style=\"background-color:rgba(0, 0, 0, 0)\" class=\"has-inline-color has-black-color\"> pues <em><u>implicar\u00eda<\/u><\/em> un<\/mark><mark style=\"background-color:rgba(0, 0, 0, 0);color:#7c5b01\" class=\"has-inline-color\"> <strong>beneficio definitivo<\/strong> <\/mark><mark style=\"background-color:rgba(0, 0, 0, 0)\" class=\"has-inline-color has-black-color\">y dejar\u00eda<\/mark><mark style=\"background-color:rgba(0, 0, 0, 0);color:#7c5b01\" class=\"has-inline-color\"> <strong>sin materia el amparo<\/strong>. <\/mark><mark style=\"background-color:rgba(0, 0, 0, 0)\" class=\"has-inline-color has-black-color\">El <em><u>OTRO afirm\u00f3<\/u><\/em> que<\/mark><mark style=\"background-color:rgba(0, 0, 0, 0);color:#7c5b01\" class=\"has-inline-color\"> <strong>s\u00ed procede<\/strong>,<\/mark><mark style=\"background-color:rgba(0, 0, 0, 0)\" class=\"has-inline-color has-black-color\"> ya que se<\/mark><mark style=\"background-color:rgba(0, 0, 0, 0);color:#7c5b01\" class=\"has-inline-color\"> <strong>protegen derechos humanos<\/strong>, <\/mark><mark style=\"background-color:rgba(0, 0, 0, 0)\" class=\"has-inline-color has-black-color\">se <em><u>evita<\/u><\/em> el <\/mark><mark style=\"background-color:rgba(0, 0, 0, 0);color:#7c5b01\" class=\"has-inline-color\"><strong>riesgo de insubsistencia<\/strong> <\/mark><mark style=\"background-color:rgba(0, 0, 0, 0)\" class=\"has-inline-color has-black-color\">y se <em><u>garantiza<\/u><\/em> el<\/mark><mark style=\"background-color:rgba(0, 0, 0, 0);color:#7c5b01\" class=\"has-inline-color\"> <strong>m\u00ednimo vital<\/strong>.<\/mark><\/p>\n\n\n\n<p>.<\/p>\n\n\n\n<p>La&nbsp;<mark style=\"background-color:rgba(0, 0, 0, 0);color:#070488\" class=\"has-inline-color\"><strong>Suprema Corte de Justicia<\/strong>,<\/mark> ante lo anterior <strong><mark style=\"background-color:rgba(0, 0, 0, 0);color:#850303\" class=\"has-inline-color\">DETERMIN\u00d3<\/mark> <\/strong>que<strong> <\/strong><mark style=\"background-color:#8de7b6\" class=\"has-inline-color\"><strong>PROCEDE la Suspensi\u00f3n RESTITUTORIA<\/strong> ante la <strong>omisi\u00f3n del IMSS<\/strong> de <strong>PAGAR<\/strong> la <strong>pensi\u00f3n por cesant\u00eda<\/strong>, esto para <strong>proteger derechos humanos<\/strong> y <em><u>Garantizar<\/u><\/em> el <strong>m\u00ednimo vital<\/strong>.<\/mark><\/p>\n\n\n\n<p><strong>.<\/strong><\/p>\n\n\n\n<p>La <mark style=\"background-color:rgba(0, 0, 0, 0);color:#96063c\" class=\"has-inline-color\"><strong>justificaci\u00f3n <\/strong><\/mark><mark style=\"background-color:rgba(0, 0, 0, 0)\" class=\"has-inline-color has-black-color\">de la <\/mark><strong><mark style=\"background-color:rgba(0, 0, 0, 0);color:#380691\" class=\"has-inline-color\">SCJN<\/mark><\/strong><mark style=\"background-color:rgba(0, 0, 0, 0)\" class=\"has-inline-color has-black-color\"> es que, Conforme a la<\/mark><mark style=\"background-color:rgba(0, 0, 0, 0);color:#96063c\" class=\"has-inline-color\"> <strong>jurisprudencia 2a.\/J. 22\/2023 (11a.)<\/strong> <\/mark><mark style=\"background-color:rgba(0, 0, 0, 0)\" class=\"has-inline-color has-black-color\">de la<\/mark><mark style=\"background-color:rgba(0, 0, 0, 0);color:#96063c\" class=\"has-inline-color\"> <strong>Segunda Sala<\/strong> <\/mark><mark style=\"background-color:rgba(0, 0, 0, 0)\" class=\"has-inline-color has-black-color\">la<\/mark><mark style=\"background-color:rgba(0, 0, 0, 0);color:#96063c\" class=\"has-inline-color\"> <strong>suspensi\u00f3n del acto reclamado<\/strong> <\/mark><mark style=\"background-color:rgba(0, 0, 0, 0)\" class=\"has-inline-color has-black-color\">es un <\/mark><mark style=\"background-color:rgba(0, 0, 0, 0);color:#96063c\" class=\"has-inline-color\"><strong>beneficio transitorio<\/strong>, <\/mark><mark style=\"background-color:rgba(0, 0, 0, 0)\" class=\"has-inline-color has-black-color\">aun con<\/mark><mark style=\"background-color:rgba(0, 0, 0, 0);color:#96063c\" class=\"has-inline-color\"> <strong>efectos restitutorios<\/strong>, <\/mark><mark style=\"background-color:rgba(0, 0, 0, 0)\" class=\"has-inline-color has-black-color\">seg\u00fan el <\/mark><mark style=\"background-color:rgba(0, 0, 0, 0);color:#96063c\" class=\"has-inline-color\"><strong>art. 147 <\/strong><\/mark><mark style=\"background-color:rgba(0, 0, 0, 0)\" class=\"has-inline-color has-black-color\">de la<\/mark><mark style=\"background-color:rgba(0, 0, 0, 0);color:#96063c\" class=\"has-inline-color\"><strong> Ley de Amparo<\/strong>. <\/mark><mark style=\"background-color:rgba(0, 0, 0, 0)\" class=\"has-inline-color has-black-color\">Este beneficio dura hasta que la<\/mark><mark style=\"background-color:rgba(0, 0, 0, 0);color:#96063c\" class=\"has-inline-color\"> <strong>sentencia cause ejecutoria<\/strong>, <\/mark><mark style=\"background-color:rgba(0, 0, 0, 0)\" class=\"has-inline-color has-black-color\">lo que <em><u>permite<\/u><\/em> <\/mark><mark style=\"background-color:rgba(0, 0, 0, 0);color:#96063c\" class=\"has-inline-color\"><strong>proteger derechos humanos<\/strong>, <em><u>garantizar<\/u><\/em> <\/mark><mark style=\"background-color:rgba(0, 0, 0, 0)\" class=\"has-inline-color has-black-color\">el<\/mark><mark style=\"background-color:rgba(0, 0, 0, 0);color:#96063c\" class=\"has-inline-color\"> <strong>m\u00ednimo vital<\/strong><\/mark><mark style=\"background-color:rgba(0, 0, 0, 0)\" class=\"has-inline-color has-black-color\"> y<\/mark><mark style=\"background-color:rgba(0, 0, 0, 0);color:#96063c\" class=\"has-inline-color\"> <em><u>evitar que el juicio quede<\/u><\/em> <strong>sin materia<\/strong>, <\/mark><mark style=\"background-color:rgba(0, 0, 0, 0)\" class=\"has-inline-color has-black-color\">pues la <\/mark><mark style=\"background-color:rgba(0, 0, 0, 0);color:#96063c\" class=\"has-inline-color\"><strong>pensi\u00f3n por cesant\u00eda<\/strong> <\/mark><mark style=\"background-color:rgba(0, 0, 0, 0)\" class=\"has-inline-color has-black-color\">tiene naturaleza similar al<\/mark><mark style=\"background-color:rgba(0, 0, 0, 0);color:#96063c\" class=\"has-inline-color\"> <strong>salario<\/strong> <\/mark><mark style=\"background-color:rgba(0, 0, 0, 0)\" class=\"has-inline-color has-black-color\">y <\/mark><mark style=\"background-color:rgba(0, 0, 0, 0);color:#96063c\" class=\"has-inline-color\"><em><u>merece igual protecci\u00f3n<\/u><\/em>.<\/mark><\/p>\n\n\n\n<p>.<\/p>\n\n\n\n<p>Estas <strong><mark style=\"background-color:#47b089\" class=\"has-inline-color\">RESOLUCI\u00d3N<\/mark> <\/strong>es de <strong>aplicaci\u00f3n <mark style=\"background-color:rgba(0, 0, 0, 0);color:#810202\" class=\"has-inline-color\">OBLIGATORIA <\/mark><\/strong>en todo el pa\u00eds a partir de esta semana<strong>.<\/strong><\/p>\n\n\n\n<p><strong><mark style=\"background-color:rgba(0, 0, 0, 0);color:#03754b\" class=\"has-inline-color\">Jurisprudencia COM\u00daN<\/mark><\/strong><\/p>\n\n\n\n<p class=\"has-small-font-size\"><strong>Registro digital<\/strong>: \u00a02031560<\/p>\n\n\n\n<p>.<\/p>\n\n\n\n<p class=\"wp-embed-aspect-16-9 wp-has-aspect-ratio\">Si estas en el <strong><mark style=\"background-color:rgba(0, 0, 0, 0)\" class=\"has-inline-color has-vivid-red-color\">Extranjero <\/mark><\/strong>nosotros somos tu <strong><mark style=\"background-color:rgba(0, 0, 0, 0)\" class=\"has-inline-color has-vivid-green-cyan-color\">mejor<\/mark><\/strong> alternativa para <strong><mark style=\"background-color:rgba(0, 0, 0, 0)\" class=\"has-inline-color has-luminous-vivid-orange-color\">velar<\/mark><\/strong> por tus <strong><mark style=\"background-color:rgba(0, 0, 0, 0)\" class=\"has-inline-color has-vivid-cyan-blue-color\">intereses<\/mark><\/strong>, escr\u00edbenos o ll\u00e1manos al Tel <strong>55581-11311<\/strong>.<\/p>\n\n\n\n<p class=\"wp-embed-aspect-16-9 wp-has-aspect-ratio\">.<\/p>\n\n\n\n<p class=\"wp-embed-aspect-16-9 wp-has-aspect-ratio\">Cuando<strong> necesites<\/strong> ayuda, <strong>asistencia<\/strong> o <strong>planeaci\u00f3n<\/strong> legal, <strong>solicita<\/strong> <strong>Cita Privada<\/strong> <a href=\"mailto:bi@sm99.mx\" target=\"_blank\" rel=\"noreferrer noopener\"><strong>Aqu\u00ed<\/strong><\/a><\/p>\n\n\n\n<p class=\"wp-embed-aspect-16-9 wp-has-aspect-ratio\">La informaci\u00f3n que AQU\u00cd te presentamos <strong>deriva<\/strong> de los <strong>Peri\u00f3dicos Oficiales <\/strong>de la<strong> CdMx<\/strong>, <strong>Estado<\/strong> de Mex., Diario <strong>Oficial<\/strong> de la Federaci\u00f3n, Suprema Corte de<strong> Justicia<\/strong> de la Naci\u00f3n, por lo tanto es de <strong>aplicaci\u00f3n OBLIGATORIA<\/strong><\/p>\n\n\n\n<p class=\"wp-embed-aspect-16-9 wp-has-aspect-ratio\">.<\/p>\n","protected":false},"excerpt":{"rendered":"<p>Views: 6 . Este ANTEDECENTE Surge despu\u00e9s de que, Tribunales Colegiados de Circuito sostuvieron criterios contradictorios sobre si procede la suspensi\u00f3n con efectos restitutorios ante la omisi\u00f3n del IMSS de PAGAR la pensi\u00f3n jubilatoria por cesant\u00eda en edad avanzada. UNO consider\u00f3 que no procede, pues implicar\u00eda un beneficio definitivo y dejar\u00eda sin materia el amparo. [&hellip;]<\/p>\n","protected":false},"author":3,"featured_media":33661,"comment_status":"closed","ping_status":"open","sticky":false,"template":"","format":"standard","meta":{"_jetpack_memberships_contains_paid_content":false,"footnotes":""},"categories":[4],"tags":[],"jetpack_sharing_enabled":true,"jetpack_featured_media_url":"https:\/\/www.salgadonoticias.com\/wp-content\/uploads\/2025\/12\/f850x638-737486_814975_5050.jpeg","_links":{"self":[{"href":"https:\/\/www.salgadonoticias.com\/index.php?rest_route=\/wp\/v2\/posts\/33658"}],"collection":[{"href":"https:\/\/www.salgadonoticias.com\/index.php?rest_route=\/wp\/v2\/posts"}],"about":[{"href":"https:\/\/www.salgadonoticias.com\/index.php?rest_route=\/wp\/v2\/types\/post"}],"author":[{"embeddable":true,"href":"https:\/\/www.salgadonoticias.com\/index.php?rest_route=\/wp\/v2\/users\/3"}],"replies":[{"embeddable":true,"href":"https:\/\/www.salgadonoticias.com\/index.php?rest_route=%2Fwp%2Fv2%2Fcomments&post=33658"}],"version-history":[{"count":4,"href":"https:\/\/www.salgadonoticias.com\/index.php?rest_route=\/wp\/v2\/posts\/33658\/revisions"}],"predecessor-version":[{"id":33664,"href":"https:\/\/www.salgadonoticias.com\/index.php?rest_route=\/wp\/v2\/posts\/33658\/revisions\/33664"}],"wp:featuredmedia":[{"embeddable":true,"href":"https:\/\/www.salgadonoticias.com\/index.php?rest_route=\/wp\/v2\/media\/33661"}],"wp:attachment":[{"href":"https:\/\/www.salgadonoticias.com\/index.php?rest_route=%2Fwp%2Fv2%2Fmedia&parent=33658"}],"wp:term":[{"taxonomy":"category","embeddable":true,"href":"https:\/\/www.salgadonoticias.com\/index.php?rest_route=%2Fwp%2Fv2%2Fcategories&post=33658"},{"taxonomy":"post_tag","embeddable":true,"href":"https:\/\/www.salgadonoticias.com\/index.php?rest_route=%2Fwp%2Fv2%2Ftags&post=33658"}],"curies":[{"name":"wp","href":"https:\/\/api.w.org\/{rel}","templated":true}]}}