{"id":33665,"date":"2025-12-10T00:31:00","date_gmt":"2025-12-10T06:31:00","guid":{"rendered":"https:\/\/www.salgadonoticias.com\/?p=33665"},"modified":"2025-12-09T10:37:53","modified_gmt":"2025-12-09T16:37:53","slug":"33665","status":"publish","type":"post","link":"https:\/\/www.salgadonoticias.com\/?p=33665","title":{"rendered":"Recurso de revisi\u00f3n fiscal\u2026Jefe del SAT Sin Legitimaci\u00f3n si NO fue parte y Resoluci\u00f3n no es Estatal\u2026!!!"},"content":{"rendered":"<p>Views: 1<\/p>\n<p>.<\/p>\n\n\n\n<p>Este <strong><mark style=\"background-color:rgba(0, 0, 0, 0);color:#bc5308\" class=\"has-inline-color\">ANTEDECENTE<\/mark><\/strong><\/p>\n\n\n\n<p><mark style=\"background-color:rgba(0, 0, 0, 0);color:#903e03\" class=\"has-inline-color\"><strong>Surge <\/strong><\/mark><mark style=\"background-color:rgba(0, 0, 0, 0)\" class=\"has-inline-color has-black-color\">despu\u00e9s de que, en varios<\/mark><mark style=\"background-color:rgba(0, 0, 0, 0);color:#903e03\" class=\"has-inline-color\"> <strong>Juicios contenciosos administrativos federales<\/strong> <\/mark><mark style=\"background-color:rgba(0, 0, 0, 0)\" class=\"has-inline-color has-black-color\"><em><u>declararon<\/u><\/em> la<\/mark><mark style=\"background-color:rgba(0, 0, 0, 0);color:#903e03\" class=\"has-inline-color\"> <strong>nulidad<\/strong> <\/mark><mark style=\"background-color:rgba(0, 0, 0, 0)\" class=\"has-inline-color has-black-color\">de la <\/mark><mark style=\"background-color:rgba(0, 0, 0, 0);color:#903e03\" class=\"has-inline-color\"><strong>resoluci\u00f3n<\/strong> <\/mark><mark style=\"background-color:rgba(0, 0, 0, 0)\" class=\"has-inline-color has-black-color\">emitida por la<\/mark><mark style=\"background-color:rgba(0, 0, 0, 0);color:#903e03\" class=\"has-inline-color\"> <strong>Administraci\u00f3n Desconcentrada de Auditor\u00eda Fiscal<\/strong> <\/mark><mark style=\"background-color:rgba(0, 0, 0, 0)\" class=\"has-inline-color has-black-color\">y la<\/mark><mark style=\"background-color:rgba(0, 0, 0, 0);color:#903e03\" class=\"has-inline-color\"> <strong>Administraci\u00f3n de Operaci\u00f3n de Padrones<\/strong> <\/mark><mark style=\"background-color:rgba(0, 0, 0, 0)\" class=\"has-inline-color has-black-color\">del <\/mark><mark style=\"background-color:rgba(0, 0, 0, 0);color:#903e03\" class=\"has-inline-color\"><strong>SAT<\/strong>.<\/mark><mark style=\"background-color:rgba(0, 0, 0, 0)\" class=\"has-inline-color has-black-color\"> Inconforme, el <\/mark><mark style=\"background-color:rgba(0, 0, 0, 0);color:#903e03\" class=\"has-inline-color\"><strong>JEFE del SAT<\/strong>, <\/mark><mark style=\"background-color:rgba(0, 0, 0, 0)\" class=\"has-inline-color has-black-color\">mediante la<\/mark><mark style=\"background-color:rgba(0, 0, 0, 0);color:#903e03\" class=\"has-inline-color\"> <strong>administraci\u00f3n jur\u00eddica<\/strong>, <\/mark><mark style=\"background-color:rgba(0, 0, 0, 0)\" class=\"has-inline-color has-black-color\">INTERPUSO<\/mark><mark style=\"background-color:rgba(0, 0, 0, 0);color:#903e03\" class=\"has-inline-color\"> <strong>recurso de revisi\u00f3n fiscal<\/strong>.<\/mark><\/p>\n\n\n\n<p>.<\/p>\n\n\n\n<p>La <strong><mark style=\"background-color:rgba(0, 0, 0, 0);color:#11049b\" class=\"has-inline-color\">Suprema Corte de Justicia<\/mark> <\/strong>ante lo anterior <strong><mark style=\"background-color:rgba(0, 0, 0, 0);color:#870505\" class=\"has-inline-color\">DETERMIN\u00d3<\/mark> <\/strong>que el <mark style=\"background-color:#bcf7a4\" class=\"has-inline-color\"><strong>JEFE del SAT<\/strong> <em><u>NO tiene<\/u><\/em> <strong>legitimaci\u00f3n<\/strong> para INTERPONER el <strong>recurso de revisi\u00f3n fiscal<\/strong> si <strong>no fue parte<\/strong> en el <strong>juicio<\/strong> y la <strong>resoluci\u00f3n<\/strong> <em><u>NO PROVIENE<\/u><\/em> de <strong>autoridades estatales<\/strong> coordinadas en <strong>ingresos federales<\/strong>.<\/mark><\/p>\n\n\n\n<p>.<\/p>\n\n\n\n<p>La <mark style=\"background-color:rgba(0, 0, 0, 0);color:#015a0e\" class=\"has-inline-color\"><strong>justificaci\u00f3n <\/strong><\/mark><mark style=\"background-color:rgba(0, 0, 0, 0)\" class=\"has-inline-color has-black-color\">de la <\/mark><strong><mark style=\"background-color:rgba(0, 0, 0, 0);color:#03048c\" class=\"has-inline-color\">SCJN<\/mark><\/strong><mark style=\"background-color:rgba(0, 0, 0, 0)\" class=\"has-inline-color has-black-color\"> es que, el<\/mark><mark style=\"background-color:rgba(0, 0, 0, 0);color:#015a0e\" class=\"has-inline-color\"> <strong>recurso de revisi\u00f3n fiscal<\/strong><\/mark><mark style=\"background-color:rgba(0, 0, 0, 0)\" class=\"has-inline-color has-black-color\"> <em><u>solo puede interponerlo<\/u><\/em> la<\/mark><mark style=\"background-color:rgba(0, 0, 0, 0);color:#015a0e\" class=\"has-inline-color\"> <strong>autoridad que emiti\u00f3 el acto<\/strong> <\/mark><mark style=\"background-color:rgba(0, 0, 0, 0)\" class=\"has-inline-color has-black-color\">(a trav\u00e9s de su <strong>unidad jur\u00eddica<\/strong>).<\/mark><mark style=\"background-color:rgba(0, 0, 0, 0);color:#015a0e\" class=\"has-inline-color\"> <\/mark><mark style=\"background-color:rgba(0, 0, 0, 0)\" class=\"has-inline-color has-black-color\">Por ello, el <\/mark><mark style=\"background-color:rgba(0, 0, 0, 0);color:#015a0e\" class=\"has-inline-color\"><strong>Jefe del SAT<\/strong><\/mark><mark style=\"background-color:rgba(0, 0, 0, 0)\" class=\"has-inline-color has-black-color\"> <strong>CARECE<\/strong> de<\/mark><mark style=\"background-color:rgba(0, 0, 0, 0);color:#015a0e\" class=\"has-inline-color\"> <strong>legitimaci\u00f3n<\/strong>, <\/mark><mark style=\"background-color:rgba(0, 0, 0, 0)\" class=\"has-inline-color has-black-color\">salvo que la<\/mark><mark style=\"background-color:rgba(0, 0, 0, 0);color:#015a0e\" class=\"has-inline-color\"> <strong>resoluci\u00f3n<\/strong> <\/mark><mark style=\"background-color:rgba(0, 0, 0, 0)\" class=\"has-inline-color has-black-color\">provenga de<\/mark><mark style=\"background-color:rgba(0, 0, 0, 0);color:#015a0e\" class=\"has-inline-color\"> <strong>autoridades fiscales ESTATALES<\/strong> <\/mark><mark style=\"background-color:rgba(0, 0, 0, 0)\" class=\"has-inline-color has-black-color\"><em><u>coordinadas<\/u><\/em> en<\/mark><mark style=\"background-color:rgba(0, 0, 0, 0);color:#015a0e\" class=\"has-inline-color\"> <strong>ingresos federales<\/strong> <\/mark><mark style=\"background-color:rgba(0, 0, 0, 0)\" class=\"has-inline-color has-black-color\">o <em><u>que \u00e9l haya sido<\/u><\/em><\/mark><mark style=\"background-color:rgba(0, 0, 0, 0);color:#015a0e\" class=\"has-inline-color\"> <strong>parte en el juicio<\/strong>.<\/mark><\/p>\n\n\n\n<p>.<\/p>\n\n\n\n<p>Estas <strong><mark style=\"background-color:#f4dc9a\" class=\"has-inline-color\">RESOLUCI\u00d3N<\/mark> <\/strong>es de <strong>aplicaci\u00f3n <mark style=\"background-color:rgba(0, 0, 0, 0);color:#880404\" class=\"has-inline-color\">OBLIGATORIA<\/mark> <\/strong>en todo el pa\u00eds a partir de esta semana.<\/p>\n\n\n\n<p><strong><mark style=\"background-color:rgba(0, 0, 0, 0);color:#d79f05\" class=\"has-inline-color\">Jurisprudencia ADMINISTRATIVA<\/mark><\/strong><\/p>\n\n\n\n<p class=\"has-small-font-size\"><strong>Registro digital<\/strong>: &nbsp;2031555<\/p>\n\n\n\n<p>.<\/p>\n\n\n\n<p class=\"wp-embed-aspect-16-9 wp-has-aspect-ratio\">Si estas en el <strong><mark style=\"background-color:rgba(0, 0, 0, 0)\" class=\"has-inline-color has-vivid-red-color\">Extranjero <\/mark><\/strong>nosotros somos tu <strong><mark style=\"background-color:rgba(0, 0, 0, 0)\" class=\"has-inline-color has-vivid-green-cyan-color\">mejor<\/mark><\/strong> alternativa para <strong><mark style=\"background-color:rgba(0, 0, 0, 0)\" class=\"has-inline-color has-luminous-vivid-orange-color\">velar<\/mark><\/strong> por tus <strong><mark style=\"background-color:rgba(0, 0, 0, 0)\" class=\"has-inline-color has-vivid-cyan-blue-color\">intereses<\/mark><\/strong>, escr\u00edbenos o ll\u00e1manos al Tel <strong>55581-11311<\/strong>.<\/p>\n\n\n\n<p class=\"wp-embed-aspect-16-9 wp-has-aspect-ratio\">.<\/p>\n\n\n\n<p class=\"wp-embed-aspect-16-9 wp-has-aspect-ratio\">Cuando<strong> necesites<\/strong> ayuda, <strong>asistencia<\/strong> o <strong>planeaci\u00f3n<\/strong> legal, <strong>solicita<\/strong> <strong>Cita Privada<\/strong> <a href=\"mailto:bi@sm99.mx\" target=\"_blank\" rel=\"noreferrer noopener\"><strong>Aqu\u00ed<\/strong><\/a><\/p>\n\n\n\n<p class=\"wp-embed-aspect-16-9 wp-has-aspect-ratio\">La informaci\u00f3n que AQU\u00cd te presentamos <strong>deriva<\/strong> de los <strong>Peri\u00f3dicos Oficiales <\/strong>de la<strong> CdMx<\/strong>, <strong>Estado<\/strong> de Mex., Diario <strong>Oficial<\/strong> de la Federaci\u00f3n, Suprema Corte de<strong> Justicia<\/strong> de la Naci\u00f3n, por lo tanto es de <strong>aplicaci\u00f3n OBLIGATORIA<\/strong><\/p>\n\n\n\n<p class=\"wp-embed-aspect-16-9 wp-has-aspect-ratio\">.<\/p>\n","protected":false},"excerpt":{"rendered":"<p>Views: 1 . Este ANTEDECENTE Surge despu\u00e9s de que, en varios Juicios contenciosos administrativos federales declararon la nulidad de la resoluci\u00f3n emitida por la Administraci\u00f3n Desconcentrada de Auditor\u00eda Fiscal y la Administraci\u00f3n de Operaci\u00f3n de Padrones del SAT. Inconforme, el JEFE del SAT, mediante la administraci\u00f3n jur\u00eddica, INTERPUSO recurso de revisi\u00f3n fiscal. . La Suprema [&hellip;]<\/p>\n","protected":false},"author":3,"featured_media":33671,"comment_status":"closed","ping_status":"open","sticky":false,"template":"","format":"standard","meta":{"_jetpack_memberships_contains_paid_content":false,"footnotes":""},"categories":[4],"tags":[],"jetpack_sharing_enabled":true,"jetpack_featured_media_url":"https:\/\/www.salgadonoticias.com\/wp-content\/uploads\/2025\/12\/ley_amparo_creditos_fiscales_firmes.jpg","_links":{"self":[{"href":"https:\/\/www.salgadonoticias.com\/index.php?rest_route=\/wp\/v2\/posts\/33665"}],"collection":[{"href":"https:\/\/www.salgadonoticias.com\/index.php?rest_route=\/wp\/v2\/posts"}],"about":[{"href":"https:\/\/www.salgadonoticias.com\/index.php?rest_route=\/wp\/v2\/types\/post"}],"author":[{"embeddable":true,"href":"https:\/\/www.salgadonoticias.com\/index.php?rest_route=\/wp\/v2\/users\/3"}],"replies":[{"embeddable":true,"href":"https:\/\/www.salgadonoticias.com\/index.php?rest_route=%2Fwp%2Fv2%2Fcomments&post=33665"}],"version-history":[{"count":4,"href":"https:\/\/www.salgadonoticias.com\/index.php?rest_route=\/wp\/v2\/posts\/33665\/revisions"}],"predecessor-version":[{"id":33674,"href":"https:\/\/www.salgadonoticias.com\/index.php?rest_route=\/wp\/v2\/posts\/33665\/revisions\/33674"}],"wp:featuredmedia":[{"embeddable":true,"href":"https:\/\/www.salgadonoticias.com\/index.php?rest_route=\/wp\/v2\/media\/33671"}],"wp:attachment":[{"href":"https:\/\/www.salgadonoticias.com\/index.php?rest_route=%2Fwp%2Fv2%2Fmedia&parent=33665"}],"wp:term":[{"taxonomy":"category","embeddable":true,"href":"https:\/\/www.salgadonoticias.com\/index.php?rest_route=%2Fwp%2Fv2%2Fcategories&post=33665"},{"taxonomy":"post_tag","embeddable":true,"href":"https:\/\/www.salgadonoticias.com\/index.php?rest_route=%2Fwp%2Fv2%2Ftags&post=33665"}],"curies":[{"name":"wp","href":"https:\/\/api.w.org\/{rel}","templated":true}]}}