{"id":33682,"date":"2025-12-12T00:24:56","date_gmt":"2025-12-12T06:24:56","guid":{"rendered":"https:\/\/www.salgadonoticias.com\/?p=33682"},"modified":"2025-12-12T00:36:57","modified_gmt":"2025-12-12T06:36:57","slug":"33682","status":"publish","type":"post","link":"https:\/\/www.salgadonoticias.com\/?p=33682","title":{"rendered":"En Emergencia Social o NATURAL: Omisi\u00f3n de ENTREGAR enseres VIOLA derechos a vivienda, m\u00ednimo vital y dignidad\u2026!!!"},"content":{"rendered":"<p>Views: 1<\/p>\n<p>.<\/p>\n\n\n\n<p>Este <strong>ANTEDECENTE<\/strong><\/p>\n\n\n\n<p><mark style=\"background-color:rgba(0, 0, 0, 0);color:#470487\" class=\"has-inline-color\"><strong>Surge <\/strong><\/mark><mark style=\"background-color:rgba(0, 0, 0, 0)\" class=\"has-inline-color has-black-color\">luego de que, una <em><u>persona inscrita<\/u><\/em> en el<\/mark><mark style=\"background-color:rgba(0, 0, 0, 0);color:#470487\" class=\"has-inline-color\"> <strong>Programa para el Bienestar de las Personas en Emergencia Social o Natural<\/strong>,<\/mark><mark style=\"background-color:rgba(0, 0, 0, 0)\" class=\"has-inline-color has-black-color\"> derivado de los da\u00f1os por el<\/mark><mark style=\"background-color:rgba(0, 0, 0, 0);color:#470487\" class=\"has-inline-color\"> <strong>hurac\u00e1n Otis<\/strong><\/mark><mark style=\"background-color:rgba(0, 0, 0, 0)\" class=\"has-inline-color has-black-color\"> en<\/mark><mark style=\"background-color:rgba(0, 0, 0, 0);color:#470487\" class=\"has-inline-color\"> <strong>Acapulco,<\/strong><\/mark><mark style=\"background-color:rgba(0, 0, 0, 0)\" class=\"has-inline-color has-black-color\"><strong> <\/strong><em><u>PROMOVI\u00d3<\/u><\/em> <\/mark><mark style=\"background-color:rgba(0, 0, 0, 0);color:#470487\" class=\"has-inline-color\"><strong>amparo indirecto<\/strong><\/mark><mark style=\"background-color:rgba(0, 0, 0, 0)\" class=\"has-inline-color has-black-color\"> por la<\/mark><mark style=\"background-color:rgba(0, 0, 0, 0);color:#470487\" class=\"has-inline-color\"> <strong>omisi\u00f3n<\/strong> <\/mark><mark style=\"background-color:rgba(0, 0, 0, 0)\" class=\"has-inline-color has-black-color\">de las<\/mark><mark style=\"background-color:rgba(0, 0, 0, 0);color:#470487\" class=\"has-inline-color\"> <strong>Secretar\u00edas de Bienestar<\/strong>, <strong>Defensa Nacional<\/strong> y <strong>Marina<\/strong> <\/mark><mark style=\"background-color:rgba(0, 0, 0, 0)\" class=\"has-inline-color has-black-color\">de entregarle <\/mark><mark style=\"background-color:rgba(0, 0, 0, 0);color:#470487\" class=\"has-inline-color\"><strong>enseres dom\u00e9sticos<\/strong> (refrigerador, colch\u00f3n, estufa, licuadora, vajilla y ventilador) <\/mark><mark style=\"background-color:rgba(0, 0, 0, 0)\" class=\"has-inline-color has-black-color\"><em><u>conforme<\/u><\/em> al <\/mark><mark style=\"background-color:rgba(0, 0, 0, 0);color:#470487\" class=\"has-inline-color\"><strong>vale recibido<\/strong>. <\/mark><mark style=\"background-color:rgba(0, 0, 0, 0)\" class=\"has-inline-color has-black-color\">El<\/mark><mark style=\"background-color:rgba(0, 0, 0, 0);color:#470487\" class=\"has-inline-color\"> <strong>Juzgado de Distrito<\/strong> <\/mark><mark style=\"background-color:rgba(0, 0, 0, 0)\" class=\"has-inline-color has-black-color\">concedi\u00f3 la<\/mark><mark style=\"background-color:rgba(0, 0, 0, 0);color:#470487\" class=\"has-inline-color\"> <strong>protecci\u00f3n constitucional<\/strong>, <\/mark><mark style=\"background-color:rgba(0, 0, 0, 0)\" class=\"has-inline-color has-black-color\">al <em><u>estimar violados<\/u><\/em> los<\/mark><mark style=\"background-color:rgba(0, 0, 0, 0);color:#470487\" class=\"has-inline-color\"> <strong>derechos a vivienda adecuada<\/strong>, <strong>m\u00ednimo vital<\/strong> y <strong>dignidad humana<\/strong>. <\/mark><mark style=\"background-color:rgba(0, 0, 0, 0)\" class=\"has-inline-color has-black-color\">Las <em><u>autoridades negaron la omisi\u00f3n<\/u><\/em>, pero<\/mark><mark style=\"background-color:rgba(0, 0, 0, 0);color:#470487\" class=\"has-inline-color\"> <strong>no acreditaron la entrega<\/strong>.<\/mark><\/p>\n\n\n\n<p>.<\/p>\n\n\n\n<p>La\u00a0<strong><mark style=\"background-color:rgba(0, 0, 0, 0);color:#070177\" class=\"has-inline-color\">Suprema Corte de Justicia<\/mark><\/strong>, a trav\u00e9s del Tribunal Colegiado <strong><mark style=\"background-color:rgba(0, 0, 0, 0);color:#8a0303\" class=\"has-inline-color\">DETERMIN\u00d3<\/mark> <\/strong>que la <mark style=\"background-color:#b0ed8d\" class=\"has-inline-color\"><strong>omisi\u00f3n<\/strong> de <em><u>entregar los enseres dom\u00e9sticos<\/u><\/em> VULNERA los <strong>derechos<\/strong> a <strong>vivienda adecuada<\/strong>, <strong>m\u00ednimo vital<\/strong> y <strong>dignidad humana<\/strong>, RECONOCIDOS por los <strong>art\u00edculos 1\u00ba y 4\u00ba de la Constituci\u00f3n<\/strong>, la <strong>Convenci\u00f3n Americana<\/strong>, el <strong>Pacto Internacional<\/strong> y la <strong>Observaci\u00f3n General N\u00ba 4<\/strong> del <strong>Comit\u00e9 de la ONU<\/strong>.<\/mark><\/p>\n\n\n\n<p><strong>.<\/strong><\/p>\n\n\n\n<p>La <mark style=\"background-color:rgba(0, 0, 0, 0);color:#a14706\" class=\"has-inline-color\"><strong>justificaci\u00f3n <\/strong><\/mark><mark style=\"background-color:rgba(0, 0, 0, 0)\" class=\"has-inline-color has-black-color\">de la <\/mark><strong><mark style=\"background-color:rgba(0, 0, 0, 0);color:#35038c\" class=\"has-inline-color\">SCJN<\/mark><\/strong><mark style=\"background-color:rgba(0, 0, 0, 0)\" class=\"has-inline-color has-black-color\"> es que, la<\/mark><mark style=\"background-color:rgba(0, 0, 0, 0);color:#a14706\" class=\"has-inline-color\"> <strong>protecci\u00f3n constitucional<\/strong> <\/mark><mark style=\"background-color:rgba(0, 0, 0, 0)\" class=\"has-inline-color has-black-color\">de la<\/mark><mark style=\"background-color:rgba(0, 0, 0, 0);color:#a14706\" class=\"has-inline-color\"> <strong>vivienda adecuada<\/strong><\/mark><mark style=\"background-color:rgba(0, 0, 0, 0)\" class=\"has-inline-color has-black-color\"> y el <\/mark><mark style=\"background-color:rgba(0, 0, 0, 0);color:#a14706\" class=\"has-inline-color\"><strong>m\u00ednimo vital<\/strong> <\/mark><mark style=\"background-color:rgba(0, 0, 0, 0)\" class=\"has-inline-color has-black-color\"><em><u>OBLIGA<\/u><\/em> al <\/mark><mark style=\"background-color:rgba(0, 0, 0, 0);color:#a14706\" class=\"has-inline-color\"><strong>Estado<\/strong><\/mark><mark style=\"background-color:rgba(0, 0, 0, 0)\" class=\"has-inline-color has-black-color\"> a <em><u>garantizar<\/u><\/em> <\/mark><mark style=\"background-color:rgba(0, 0, 0, 0);color:#a14706\" class=\"has-inline-color\"><strong>condiciones m\u00ednimas<\/strong> tras <strong>desastres naturales<\/strong>. <\/mark><mark style=\"background-color:rgba(0, 0, 0, 0)\" class=\"has-inline-color has-black-color\">La entrega de<\/mark><mark style=\"background-color:rgba(0, 0, 0, 0);color:#a14706\" class=\"has-inline-color\"> <strong>enseres b\u00e1sicos<\/strong><\/mark><mark style=\"background-color:rgba(0, 0, 0, 0)\" class=\"has-inline-color has-black-color\"> (refrigerador, colch\u00f3n, estufa, utensilios) es una<\/mark><mark style=\"background-color:rgba(0, 0, 0, 0);color:#a14706\" class=\"has-inline-color\"> <strong>obligaci\u00f3n<\/strong>, <em><u><strong>no una d\u00e1diva<\/strong><\/u><\/em>, <\/mark><mark style=\"background-color:rgba(0, 0, 0, 0)\" class=\"has-inline-color has-black-color\">prevista en los<\/mark><mark style=\"background-color:rgba(0, 0, 0, 0);color:#a14706\" class=\"has-inline-color\"> <strong>Lineamientos del Programa para el Bienestar<\/strong>. <\/mark><mark style=\"background-color:rgba(0, 0, 0, 0)\" class=\"has-inline-color has-black-color\">As\u00ed que la <\/mark><mark style=\"background-color:rgba(0, 0, 0, 0);color:#a14706\" class=\"has-inline-color\"><strong>omisi\u00f3n<\/strong> <\/mark><mark style=\"background-color:rgba(0, 0, 0, 0)\" class=\"has-inline-color has-black-color\">de las<\/mark><mark style=\"background-color:rgba(0, 0, 0, 0);color:#a14706\" class=\"has-inline-color\"> <strong>Secretar\u00edas<\/strong> <\/mark><mark style=\"background-color:rgba(0, 0, 0, 0)\" class=\"has-inline-color has-black-color\">VIOLA<\/mark><mark style=\"background-color:rgba(0, 0, 0, 0);color:#a14706\" class=\"has-inline-color\"> <strong>disposiciones constitucionales<\/strong> <\/mark><mark style=\"background-color:rgba(0, 0, 0, 0)\" class=\"has-inline-color has-black-color\">y<\/mark><mark style=\"background-color:rgba(0, 0, 0, 0);color:#a14706\" class=\"has-inline-color\"> <strong>est\u00e1ndares internacionales<\/strong>, <\/mark><mark style=\"background-color:rgba(0, 0, 0, 0)\" class=\"has-inline-color has-black-color\">que <em><u>exigen medidas para asegurar<\/u><\/em><\/mark><mark style=\"background-color:rgba(0, 0, 0, 0);color:#a14706\" class=\"has-inline-color\"> <strong>vida digna<\/strong> con criterios de <strong>inmediatez<\/strong>, <strong>equidad<\/strong> y <strong>eficacia<\/strong><\/mark>.<\/p>\n\n\n\n<p>.<\/p>\n\n\n\n<p>Estas <strong><mark style=\"background-color:#b1dcf7\" class=\"has-inline-color\">RESOLUCI\u00d3N<\/mark> <\/strong>esta <strong>disponible <\/strong>para quien la <mark style=\"background-color:rgba(0, 0, 0, 0);color:#7c0202\" class=\"has-inline-color\"><strong>CONOZCA <\/strong>y la <strong>HAGA VALER<\/strong><\/mark><strong> <\/strong>en todo el pa\u00eds a partir de esta semana<strong>.<\/strong><\/p>\n\n\n\n<p><strong><mark style=\"background-color:rgba(0, 0, 0, 0);color:#0473b3\" class=\"has-inline-color\">Tesis ADMINISTRATIVA-CONSTITUCIONAL<\/mark><\/strong><\/p>\n\n\n\n<p class=\"has-small-font-size\"><strong>Registro digital<\/strong>: \u00a02031542<\/p>\n","protected":false},"excerpt":{"rendered":"<p>Views: 1 . Este ANTEDECENTE Surge luego de que, una persona inscrita en el Programa para el Bienestar de las Personas en Emergencia Social o Natural, derivado de los da\u00f1os por el hurac\u00e1n Otis en Acapulco, PROMOVI\u00d3 amparo indirecto por la omisi\u00f3n de las Secretar\u00edas de Bienestar, Defensa Nacional y Marina de entregarle enseres dom\u00e9sticos [&hellip;]<\/p>\n","protected":false},"author":3,"featured_media":33685,"comment_status":"closed","ping_status":"open","sticky":false,"template":"","format":"standard","meta":{"_jetpack_memberships_contains_paid_content":false,"footnotes":""},"categories":[4],"tags":[],"jetpack_sharing_enabled":true,"jetpack_featured_media_url":"https:\/\/www.salgadonoticias.com\/wp-content\/uploads\/2025\/12\/IMG_2190.webp","_links":{"self":[{"href":"https:\/\/www.salgadonoticias.com\/index.php?rest_route=\/wp\/v2\/posts\/33682"}],"collection":[{"href":"https:\/\/www.salgadonoticias.com\/index.php?rest_route=\/wp\/v2\/posts"}],"about":[{"href":"https:\/\/www.salgadonoticias.com\/index.php?rest_route=\/wp\/v2\/types\/post"}],"author":[{"embeddable":true,"href":"https:\/\/www.salgadonoticias.com\/index.php?rest_route=\/wp\/v2\/users\/3"}],"replies":[{"embeddable":true,"href":"https:\/\/www.salgadonoticias.com\/index.php?rest_route=%2Fwp%2Fv2%2Fcomments&post=33682"}],"version-history":[{"count":2,"href":"https:\/\/www.salgadonoticias.com\/index.php?rest_route=\/wp\/v2\/posts\/33682\/revisions"}],"predecessor-version":[{"id":33686,"href":"https:\/\/www.salgadonoticias.com\/index.php?rest_route=\/wp\/v2\/posts\/33682\/revisions\/33686"}],"wp:featuredmedia":[{"embeddable":true,"href":"https:\/\/www.salgadonoticias.com\/index.php?rest_route=\/wp\/v2\/media\/33685"}],"wp:attachment":[{"href":"https:\/\/www.salgadonoticias.com\/index.php?rest_route=%2Fwp%2Fv2%2Fmedia&parent=33682"}],"wp:term":[{"taxonomy":"category","embeddable":true,"href":"https:\/\/www.salgadonoticias.com\/index.php?rest_route=%2Fwp%2Fv2%2Fcategories&post=33682"},{"taxonomy":"post_tag","embeddable":true,"href":"https:\/\/www.salgadonoticias.com\/index.php?rest_route=%2Fwp%2Fv2%2Ftags&post=33682"}],"curies":[{"name":"wp","href":"https:\/\/api.w.org\/{rel}","templated":true}]}}