{"id":33687,"date":"2025-12-22T00:04:00","date_gmt":"2025-12-22T06:04:00","guid":{"rendered":"https:\/\/www.salgadonoticias.com\/?p=33687"},"modified":"2025-12-22T13:42:54","modified_gmt":"2025-12-22T19:42:54","slug":"prueba-confesional-tribunal-no-puede-ordenarla-de-oficio-cuando-el-patron-no-comparece","status":"publish","type":"post","link":"https:\/\/www.salgadonoticias.com\/?p=33687","title":{"rendered":"Prueba confesional: Tribunal NO puede ordenarla de oficio cuando el Patr\u00f3n NO comparece\u2026!!!"},"content":{"rendered":"<p>Views: 2<\/p>\n<p>.<\/p>\n\n\n\n<p>Este <strong><mark style=\"background-color:rgba(0, 0, 0, 0);color:#970172\" class=\"has-inline-color\">ANTEDECENTE<\/mark><\/strong><\/p>\n\n\n\n<p><mark style=\"background-color:rgba(0, 0, 0, 0);color:#7a044c\" class=\"has-inline-color\"><strong>Surge <\/strong><\/mark><mark style=\"background-color:rgba(0, 0, 0, 0)\" class=\"has-inline-color has-black-color\">luego de que<\/mark><mark style=\"background-color:rgba(0, 0, 0, 0);color:#7a044c\" class=\"has-inline-color\">, <strong>Tribunales Colegiados de Circuito<\/strong> <\/mark><mark style=\"background-color:rgba(0, 0, 0, 0)\" class=\"has-inline-color has-black-color\">sostuvieron<\/mark><mark style=\"background-color:rgba(0, 0, 0, 0);color:#7a044c\" class=\"has-inline-color\"> <strong>criterios contradictorios<\/strong> <\/mark><mark style=\"background-color:rgba(0, 0, 0, 0)\" class=\"has-inline-color has-black-color\">sobre si, conforme al <\/mark><mark style=\"background-color:rgba(0, 0, 0, 0);color:#7a044c\" class=\"has-inline-color\"><strong>art. 782 de la Ley Federal del Trabajo<\/strong>, el <strong>Tribunal Laboral<\/strong> <\/mark><em><u><mark style=\"background-color:rgba(0, 0, 0, 0)\" class=\"has-inline-color has-black-color\">puede<\/mark><\/u><\/em><mark style=\"background-color:rgba(0, 0, 0, 0);color:#7a044c\" class=\"has-inline-color\"> <strong>ordenar de oficio<\/strong> <\/mark><mark style=\"background-color:rgba(0, 0, 0, 0)\" class=\"has-inline-color has-black-color\">la <\/mark><mark style=\"background-color:rgba(0, 0, 0, 0);color:#7a044c\" class=\"has-inline-color\"><strong>prueba confesional<\/strong> <\/mark><mark style=\"background-color:rgba(0, 0, 0, 0)\" class=\"has-inline-color has-black-color\">a <em><u>cargo<\/u><\/em> de la<\/mark><mark style=\"background-color:rgba(0, 0, 0, 0);color:#7a044c\" class=\"has-inline-color\"> <strong>parte actora<\/strong> <\/mark><mark style=\"background-color:rgba(0, 0, 0, 0)\" class=\"has-inline-color has-black-color\">cuando el <\/mark><mark style=\"background-color:rgba(0, 0, 0, 0);color:#7a044c\" class=\"has-inline-color\"><strong>Patr\u00f3n<\/strong><\/mark><mark style=\"background-color:rgba(0, 0, 0, 0)\" class=\"has-inline-color has-black-color\"> fue declarado en <\/mark><mark style=\"background-color:rgba(0, 0, 0, 0);color:#7a044c\" class=\"has-inline-color\"><strong>rebeld\u00eda<\/strong>. <\/mark><mark style=\"background-color:rgba(0, 0, 0, 0)\" class=\"has-inline-color has-black-color\">Uno consider\u00f3 que esta actuaci\u00f3n<\/mark><mark style=\"background-color:rgba(0, 0, 0, 0);color:#7a044c\" class=\"has-inline-color\"> <strong>oficiosa<\/strong><\/mark><mark style=\"background-color:rgba(0, 0, 0, 0)\" class=\"has-inline-color has-black-color\"> es<\/mark><mark style=\"background-color:rgba(0, 0, 0, 0);color:#7a044c\" class=\"has-inline-color\"> <strong>viable<\/strong> <\/mark><mark style=\"background-color:rgba(0, 0, 0, 0)\" class=\"has-inline-color has-black-color\">para<\/mark><mark style=\"background-color:rgba(0, 0, 0, 0);color:#7a044c\" class=\"has-inline-color\"> <strong>esclarecer los hechos<\/strong>; <\/mark><mark style=\"background-color:rgba(0, 0, 0, 0)\" class=\"has-inline-color has-black-color\">el otro estim\u00f3 que es<\/mark><mark style=\"background-color:rgba(0, 0, 0, 0);color:#7a044c\" class=\"has-inline-color\"> <strong>improcedente<\/strong>, <\/mark><mark style=\"background-color:rgba(0, 0, 0, 0)\" class=\"has-inline-color has-black-color\">pues al operar la<\/mark><mark style=\"background-color:rgba(0, 0, 0, 0);color:#7a044c\" class=\"has-inline-color\"> <strong>presunci\u00f3n<\/strong><\/mark><mark style=\"background-color:rgba(0, 0, 0, 0)\" class=\"has-inline-color has-black-color\"> de tener por <\/mark><mark style=\"background-color:rgba(0, 0, 0, 0);color:#7a044c\" class=\"has-inline-color\"><strong>ciertas las peticiones de la demanda<\/strong>, <\/mark><mark style=\"background-color:rgba(0, 0, 0, 0)\" class=\"has-inline-color has-black-color\">no hay<\/mark><mark style=\"background-color:rgba(0, 0, 0, 0);color:#7a044c\" class=\"has-inline-color\"> <strong>hechos controvertidos<\/strong> <\/mark><mark style=\"background-color:rgba(0, 0, 0, 0)\" class=\"has-inline-color has-black-color\">que justifiquen su desahogo<\/mark><mark style=\"background-color:rgba(0, 0, 0, 0);color:#7a044c\" class=\"has-inline-color\">.<\/mark><\/p>\n\n\n\n<p>.<\/p>\n\n\n\n<p>La&nbsp;<mark style=\"background-color:rgba(0, 0, 0, 0);color:#031180\" class=\"has-inline-color\"><strong>Suprema Corte de Justicia<\/strong>,<\/mark> ante lo anterior <strong><mark style=\"background-color:rgba(0, 0, 0, 0);color:#7e0303\" class=\"has-inline-color\">DETERMIN\u00d3<\/mark> <\/strong>que el <mark style=\"background-color:#a3f773\" class=\"has-inline-color\"><strong>Tribunal Laboral<\/strong> est\u00e1 <strong>impedido<\/strong> para <strong>ordenar de oficio<\/strong> el <strong>desahogo<\/strong> de la <strong>prueba confesional<\/strong> a <em><u>cargo<\/u><\/em> del <strong>Trabajador<\/strong> cuando el <strong>Patr\u00f3n<\/strong> <em><u>NO<\/u><\/em> <strong>compareci\u00f3 a juicio<\/strong>, <em><u>NO<\/u><\/em> <strong>contest\u00f3 la demanda<\/strong> ni <strong>ofreci\u00f3 pruebas<\/strong>.<\/mark><\/p>\n\n\n\n<p><strong>.<\/strong><\/p>\n\n\n\n<p>La <mark style=\"background-color:rgba(0, 0, 0, 0);color:#893d06\" class=\"has-inline-color\"><strong>justificaci\u00f3n <\/strong>de la <\/mark><strong><mark style=\"background-color:rgba(0, 0, 0, 0);color:#12058e\" class=\"has-inline-color\">SCJN<\/mark><\/strong><mark style=\"background-color:rgba(0, 0, 0, 0);color:#893d06\" class=\"has-inline-color\"> es que, &nbsp; conforme al <strong>art\u00edculo 873-A<\/strong>, s\u00e9ptimo p\u00e1rrafo, de la <strong>Ley Fed. del Trabajo<\/strong>, cuando la <strong>parte patronal<\/strong> OMITE <strong>contestar la demanda<\/strong>, se <strong>presumen ciertas<\/strong> las <strong>peticiones del trabajador<\/strong>, salvo <strong>prueba en contrario<\/strong>.<\/mark><\/p>\n\n\n\n<p><mark style=\"background-color:rgba(0, 0, 0, 0);color:#893d06\" class=\"has-inline-color\"><br>Esta <strong>presunci\u00f3n<\/strong> puede <strong>desvirtuarse<\/strong> con <strong>prueba pertinente<\/strong> ofrecida <strong>antes de la audiencia preliminar<\/strong>. Permitir que el <em><u>Tribunal Laboral<\/u><\/em> <strong>supla la omisi\u00f3n<\/strong> con base en el <strong>art\u00edculo 782<\/strong> y el <strong>principio de supremac\u00eda de la realidad<\/strong>, para <strong>esclarecer hechos no controvertidos<\/strong>, <strong>quebranta la igualdad<\/strong> y el <strong>debido proceso<\/strong>, pues implica asumir una <strong>funci\u00f3n activa<\/strong> en una <strong>prueba<\/strong> cuyo <strong>derecho a ofrecer se perdi\u00f3<\/strong>, comprometiendo la <strong>imparcialidad judicial<\/strong> al <strong>sustituirse en la defensa de la patronal<\/strong>.<\/mark><\/p>\n\n\n\n<p>.<\/p>\n\n\n\n<p>tas <strong><mark style=\"background-color:#d072c2\" class=\"has-inline-color\">RESOLUCI\u00d3N<\/mark> <\/strong>es de <strong>aplicaci\u00f3n <mark style=\"background-color:rgba(0, 0, 0, 0);color:#980202\" class=\"has-inline-color\">OBLIGATORIA<\/mark> <\/strong>en todo el pa\u00eds a partir de esta semana<strong>.<\/strong><\/p>\n\n\n\n<p><strong><mark style=\"background-color:rgba(0, 0, 0, 0);color:#500a91\" class=\"has-inline-color\">Jurisprudencia LABORAL<\/mark><\/strong><\/p>\n\n\n\n<p class=\"has-small-font-size\"><strong>Registro digital<\/strong>: \u00a02031598<\/p>\n\n\n\n<p>.<\/p>\n\n\n\n<p class=\"wp-embed-aspect-16-9 wp-has-aspect-ratio\">Si estas en el <strong><mark style=\"background-color:rgba(0, 0, 0, 0)\" class=\"has-inline-color has-vivid-red-color\">Extranjero <\/mark><\/strong>nosotros somos tu <strong><mark style=\"background-color:rgba(0, 0, 0, 0)\" class=\"has-inline-color has-vivid-green-cyan-color\">mejor<\/mark><\/strong> alternativa para <strong><mark style=\"background-color:rgba(0, 0, 0, 0)\" class=\"has-inline-color has-luminous-vivid-orange-color\">velar<\/mark><\/strong> por tus <strong><mark style=\"background-color:rgba(0, 0, 0, 0)\" class=\"has-inline-color has-vivid-cyan-blue-color\">intereses<\/mark><\/strong>, escr\u00edbenos o ll\u00e1manos al Tel <strong>55581-11311<\/strong>.<\/p>\n\n\n\n<p class=\"wp-embed-aspect-16-9 wp-has-aspect-ratio\">.<\/p>\n\n\n\n<p class=\"wp-embed-aspect-16-9 wp-has-aspect-ratio\">Cuando<strong> necesites<\/strong> ayuda, <strong>asistencia<\/strong> o <strong>planeaci\u00f3n<\/strong> legal, <strong>solicita<\/strong> <strong>Cita Privada<\/strong> <a href=\"mailto:bi@sm99.mx\" target=\"_blank\" rel=\"noreferrer noopener\"><strong>Aqu\u00ed<\/strong><\/a><\/p>\n\n\n\n<p class=\"wp-embed-aspect-16-9 wp-has-aspect-ratio\">La informaci\u00f3n que AQU\u00cd te presentamos <strong>deriva<\/strong> de los <strong>Peri\u00f3dicos Oficiales <\/strong>de la<strong> CdMx<\/strong>, <strong>Estado<\/strong> de Mex., Diario <strong>Oficial<\/strong> de la Federaci\u00f3n, Suprema Corte de<strong> Justicia<\/strong> de la Naci\u00f3n, por lo tanto es de <strong>aplicaci\u00f3n OBLIGATORIA<\/strong>.<\/p>\n","protected":false},"excerpt":{"rendered":"<p>Views: 2 . Este ANTEDECENTE Surge luego de que, Tribunales Colegiados de Circuito sostuvieron criterios contradictorios sobre si, conforme al art. 782 de la Ley Federal del Trabajo, el Tribunal Laboral puede ordenar de oficio la prueba confesional a cargo de la parte actora cuando el Patr\u00f3n fue declarado en rebeld\u00eda. Uno consider\u00f3 que esta [&hellip;]<\/p>\n","protected":false},"author":3,"featured_media":33693,"comment_status":"closed","ping_status":"open","sticky":false,"template":"","format":"standard","meta":{"_jetpack_memberships_contains_paid_content":false,"footnotes":""},"categories":[4],"tags":[],"jetpack_sharing_enabled":true,"jetpack_featured_media_url":"https:\/\/www.salgadonoticias.com\/wp-content\/uploads\/2025\/12\/Justicia-laboral-juicios-laborales.png","_links":{"self":[{"href":"https:\/\/www.salgadonoticias.com\/index.php?rest_route=\/wp\/v2\/posts\/33687"}],"collection":[{"href":"https:\/\/www.salgadonoticias.com\/index.php?rest_route=\/wp\/v2\/posts"}],"about":[{"href":"https:\/\/www.salgadonoticias.com\/index.php?rest_route=\/wp\/v2\/types\/post"}],"author":[{"embeddable":true,"href":"https:\/\/www.salgadonoticias.com\/index.php?rest_route=\/wp\/v2\/users\/3"}],"replies":[{"embeddable":true,"href":"https:\/\/www.salgadonoticias.com\/index.php?rest_route=%2Fwp%2Fv2%2Fcomments&post=33687"}],"version-history":[{"count":4,"href":"https:\/\/www.salgadonoticias.com\/index.php?rest_route=\/wp\/v2\/posts\/33687\/revisions"}],"predecessor-version":[{"id":33714,"href":"https:\/\/www.salgadonoticias.com\/index.php?rest_route=\/wp\/v2\/posts\/33687\/revisions\/33714"}],"wp:featuredmedia":[{"embeddable":true,"href":"https:\/\/www.salgadonoticias.com\/index.php?rest_route=\/wp\/v2\/media\/33693"}],"wp:attachment":[{"href":"https:\/\/www.salgadonoticias.com\/index.php?rest_route=%2Fwp%2Fv2%2Fmedia&parent=33687"}],"wp:term":[{"taxonomy":"category","embeddable":true,"href":"https:\/\/www.salgadonoticias.com\/index.php?rest_route=%2Fwp%2Fv2%2Fcategories&post=33687"},{"taxonomy":"post_tag","embeddable":true,"href":"https:\/\/www.salgadonoticias.com\/index.php?rest_route=%2Fwp%2Fv2%2Ftags&post=33687"}],"curies":[{"name":"wp","href":"https:\/\/api.w.org\/{rel}","templated":true}]}}