{"id":33695,"date":"2025-12-17T00:10:00","date_gmt":"2025-12-17T06:10:00","guid":{"rendered":"https:\/\/www.salgadonoticias.com\/?p=33695"},"modified":"2025-12-17T00:19:06","modified_gmt":"2025-12-17T06:19:06","slug":"suspension-provisional-en-amparo-indirecto-contra-el-art-82-bis-3-fracc-iii-del-reglamento-de-la-ley-de-movilidad-sostenible-de-n-l","status":"publish","type":"post","link":"https:\/\/www.salgadonoticias.com\/?p=33695","title":{"rendered":"Suspensi\u00f3n provisional en amparo indirecto contra el art. 82 Bis 3, fracc. III, del Reglamento de la Ley de Movilidad Sostenible de N.L\u2026!!!"},"content":{"rendered":"<p>Views: 0<\/p>\n<p>.<\/p>\n\n\n\n<p>Este <strong>ANTEDECENTE<\/strong><\/p>\n\n\n\n<p><mark style=\"background-color:rgba(0, 0, 0, 0);color:#846204\" class=\"has-inline-color\"><strong>Surge <\/strong>luego de que, <strong>Tribunales Colegiados de Circuito<\/strong> SOSTUVIERON <strong>criterios contradictorios<\/strong> sobre la <strong>suspensi\u00f3n provisional<\/strong> del <em><u>art\u00edculo<\/u><\/em> que <strong>PROH\u00cdBE<\/strong> a quienes usan <strong>motocicletas<\/strong> llevar <strong>acompa\u00f1antes<\/strong>. Uno <em><u>resolvi\u00f3<\/u><\/em> que es <strong>improcedente<\/strong>, pues afectar\u00eda m\u00e1s a la <strong>sociedad<\/strong> que al <strong>quejoso<\/strong>; el otro consider\u00f3 que <strong>s\u00ed procede<\/strong>, siempre que la <strong>motocicleta<\/strong> est\u00e9 <strong>dise\u00f1ada para transportar acompa\u00f1ante<\/strong>, lo cual se acredita con la <strong>factura<\/strong><\/mark>.<\/p>\n\n\n\n<p>.<\/p>\n\n\n\n<p>La&nbsp;<strong><mark style=\"background-color:rgba(0, 0, 0, 0);color:#040a80\" class=\"has-inline-color\">Suprema Corte de Justicia<\/mark><\/strong>, ante lo anterior <strong><mark style=\"background-color:rgba(0, 0, 0, 0);color:#8f0303\" class=\"has-inline-color\">DETERMIN\u00d3<\/mark> <\/strong>que <mark style=\"background-color:#a6f6e0\" class=\"has-inline-color\"><strong>Procede la suspensi\u00f3n provisional<\/strong> contra el <strong>art\u00edculo 82 Bis 3, fracc. III<\/strong>, del <strong>Reglamento de la Ley de Movilidad Sostenible, de Accesibilidad y Seguridad Vial<\/strong> en este caso del Edo. de<strong> Nuevo Le\u00f3n<\/strong>.<\/mark><\/p>\n\n\n\n<p><strong>.<\/strong><\/p>\n\n\n\n<p>La<mark style=\"background-color:rgba(0, 0, 0, 0);color:#03613f\" class=\"has-inline-color\"> <strong>justificaci\u00f3n <\/strong>de la<\/mark><mark style=\"background-color:rgba(0, 0, 0, 0);color:#15046f\" class=\"has-inline-color\"> <strong>SCJN<\/strong><\/mark><mark style=\"background-color:rgba(0, 0, 0, 0);color:#03613f\" class=\"has-inline-color\"> es que, &nbsp; La <strong>Ley de Movilidad Sostenible, de Accesibilidad y Seguridad Vial<\/strong> para el <strong>Estado de Nuevo Le\u00f3n<\/strong> establece que los <strong>veh\u00edculos motorizados particulares<\/strong>, incluidas las <strong>motocicletas<\/strong>, deben estar <strong>empadronados<\/strong> ante el <strong>Instituto de Control Vehicular<\/strong>, que registrar\u00e1 a <strong>conductores<\/strong> y <strong>veh\u00edculos<\/strong>.<br>Reconoce que las <strong>motocicletas<\/strong> pueden llevar el n\u00famero de <strong>pasajeros<\/strong> indicado en la <strong>tarjeta de circulaci\u00f3n<\/strong>, que contiene las <strong>especificaciones del veh\u00edculo<\/strong>.<br>El an\u00e1lisis preliminar indica que la <strong>suspensi\u00f3n provisional<\/strong> del art\u00edculo no causa <strong>perjuicio al inter\u00e9s social<\/strong> ni contraviene el <strong>orden p\u00fablico<\/strong>, pues no priva a la colectividad de beneficios legales ni le genera da\u00f1os. <strong>Restringir<\/strong> que en motocicletas con capacidad para dos personas solo viaje el <strong>conductor<\/strong> limita el <strong>derecho a la movilidad<\/strong>. Aunque la norma busca proteger la <strong>vida<\/strong>, <strong>salud<\/strong> e <strong>integridad<\/strong>, ello se garantiza con otras <strong>medidas previstas en la ley<\/strong>.<\/mark><\/p>\n\n\n\n<p>.<\/p>\n\n\n\n<p>tas <strong><mark style=\"background-color:#e970f6\" class=\"has-inline-color\">RESOLUCI\u00d3N<\/mark> <\/strong>es de <strong>aplicaci\u00f3n <mark style=\"background-color:rgba(0, 0, 0, 0);color:#780808\" class=\"has-inline-color\">OBLIGATORIA<\/mark> <\/strong>en todo el pa\u00eds a partir de esta semana<strong>.<\/strong><\/p>\n\n\n\n<p><strong><mark style=\"background-color:rgba(0, 0, 0, 0);color:#a80178\" class=\"has-inline-color\">Jurisprudencia ADMINISTRATIVA<\/mark><\/strong><\/p>\n\n\n\n<p class=\"has-small-font-size\"><strong>Registro digital<\/strong>: \u00a02031610<\/p>\n\n\n\n<p>.<\/p>\n\n\n\n<p class=\"wp-embed-aspect-16-9 wp-has-aspect-ratio\">Si estas en el <strong><mark style=\"background-color:rgba(0, 0, 0, 0)\" class=\"has-inline-color has-vivid-red-color\">Extranjero <\/mark><\/strong>nosotros somos tu <strong><mark style=\"background-color:rgba(0, 0, 0, 0)\" class=\"has-inline-color has-vivid-green-cyan-color\">mejor<\/mark><\/strong> alternativa para <strong><mark style=\"background-color:rgba(0, 0, 0, 0)\" class=\"has-inline-color has-luminous-vivid-orange-color\">velar<\/mark><\/strong> por tus <strong><mark style=\"background-color:rgba(0, 0, 0, 0)\" class=\"has-inline-color has-vivid-cyan-blue-color\">intereses<\/mark><\/strong>, escr\u00edbenos o ll\u00e1manos al Tel <strong>55581-11311<\/strong>.<\/p>\n\n\n\n<p class=\"wp-embed-aspect-16-9 wp-has-aspect-ratio\">.<\/p>\n\n\n\n<p class=\"wp-embed-aspect-16-9 wp-has-aspect-ratio\">Cuando<strong> necesites<\/strong> ayuda, <strong>asistencia<\/strong> o <strong>planeaci\u00f3n<\/strong> legal, <strong>solicita<\/strong> <strong>Cita Privada<\/strong> <a href=\"mailto:bi@sm99.mx\" target=\"_blank\" rel=\"noreferrer noopener\"><strong>Aqu\u00ed<\/strong><\/a><\/p>\n\n\n\n<p class=\"wp-embed-aspect-16-9 wp-has-aspect-ratio\">La informaci\u00f3n que AQU\u00cd te presentamos <strong>deriva<\/strong> de los <strong>Peri\u00f3dicos Oficiales <\/strong>de la<strong> CdMx<\/strong>, <strong>Estado<\/strong> de Mex., Diario <strong>Oficial<\/strong> de la Federaci\u00f3n, Suprema Corte de<strong> Justicia<\/strong> de la Naci\u00f3n, por lo tanto es de <strong>aplicaci\u00f3n OBLIGATORIA<\/strong><\/p>\n\n\n\n<p class=\"wp-embed-aspect-16-9 wp-has-aspect-ratio\">.<\/p>\n","protected":false},"excerpt":{"rendered":"<p>Views: 0 . Este ANTEDECENTE Surge luego de que, Tribunales Colegiados de Circuito SOSTUVIERON criterios contradictorios sobre la suspensi\u00f3n provisional del art\u00edculo que PROH\u00cdBE a quienes usan motocicletas llevar acompa\u00f1antes. Uno resolvi\u00f3 que es improcedente, pues afectar\u00eda m\u00e1s a la sociedad que al quejoso; el otro consider\u00f3 que s\u00ed procede, siempre que la motocicleta est\u00e9 [&hellip;]<\/p>\n","protected":false},"author":3,"featured_media":33696,"comment_status":"closed","ping_status":"open","sticky":false,"template":"","format":"standard","meta":{"_jetpack_memberships_contains_paid_content":false,"footnotes":""},"categories":[4],"tags":[],"jetpack_sharing_enabled":true,"jetpack_featured_media_url":"https:\/\/www.salgadonoticias.com\/wp-content\/uploads\/2025\/12\/menores-de-edad-en-moto-1280x600-1.avif","_links":{"self":[{"href":"https:\/\/www.salgadonoticias.com\/index.php?rest_route=\/wp\/v2\/posts\/33695"}],"collection":[{"href":"https:\/\/www.salgadonoticias.com\/index.php?rest_route=\/wp\/v2\/posts"}],"about":[{"href":"https:\/\/www.salgadonoticias.com\/index.php?rest_route=\/wp\/v2\/types\/post"}],"author":[{"embeddable":true,"href":"https:\/\/www.salgadonoticias.com\/index.php?rest_route=\/wp\/v2\/users\/3"}],"replies":[{"embeddable":true,"href":"https:\/\/www.salgadonoticias.com\/index.php?rest_route=%2Fwp%2Fv2%2Fcomments&post=33695"}],"version-history":[{"count":2,"href":"https:\/\/www.salgadonoticias.com\/index.php?rest_route=\/wp\/v2\/posts\/33695\/revisions"}],"predecessor-version":[{"id":33699,"href":"https:\/\/www.salgadonoticias.com\/index.php?rest_route=\/wp\/v2\/posts\/33695\/revisions\/33699"}],"wp:featuredmedia":[{"embeddable":true,"href":"https:\/\/www.salgadonoticias.com\/index.php?rest_route=\/wp\/v2\/media\/33696"}],"wp:attachment":[{"href":"https:\/\/www.salgadonoticias.com\/index.php?rest_route=%2Fwp%2Fv2%2Fmedia&parent=33695"}],"wp:term":[{"taxonomy":"category","embeddable":true,"href":"https:\/\/www.salgadonoticias.com\/index.php?rest_route=%2Fwp%2Fv2%2Fcategories&post=33695"},{"taxonomy":"post_tag","embeddable":true,"href":"https:\/\/www.salgadonoticias.com\/index.php?rest_route=%2Fwp%2Fv2%2Ftags&post=33695"}],"curies":[{"name":"wp","href":"https:\/\/api.w.org\/{rel}","templated":true}]}}